

{"id":10811,"date":"2018-03-19T02:29:13","date_gmt":"2018-03-19T00:29:13","guid":{"rendered":"http:\/\/catalinx.ro\/wordpress\/?p=10811"},"modified":"2018-03-19T09:00:29","modified_gmt":"2018-03-19T07:00:29","slug":"fraierul-autostrazii","status":"publish","type":"post","link":"https:\/\/catalinx.ro\/wordpress\/?p=10811","title":{"rendered":"Fraierul autostr\u0103zii"},"content":{"rendered":"<div id=\"fb-root\"><\/div>\n<p>Urmare de <a href=\"http:\/\/catalinx.ro\/wordpress\/?p=10808\">aici.<\/a> .<\/p>\n<p>Asear\u0103 am fost prostul autostr\u0103zii. \u0102la pe care \u00eel \u00eenjur\u0103 lumea c\u0103 face accident \u0219i blocheaz\u0103 autostrada duminic\u0103 seara. Soferu&#8217; de weekend .<\/p>\n<p>Nu e accident, c\u0103 nu prea am lovit nimic. Am ie\u0219it in decor. \u0218i nici nu am blocat nimic, doar i-am f\u0103cut pe ceilal\u021bi s\u0103 circule mai \u00eencet. Numai bine, pe polei.<\/p>\n<p>M\u0103 \u00eentreba poli\u021bia : A\u021bi pus triunghiul? De ce , crede\u021bi c\u0103 \u00eencurc circula\u021bia, din \u0219an\u021b?<\/p>\n<p><img loading=\"lazy\" decoding=\"async\" data-attachment-id=\"10810\" data-permalink=\"https:\/\/catalinx.ro\/wordpress\/?attachment_id=10810\" data-orig-file=\"https:\/\/catalinx.ro\/wordpress\/wp-content\/uploads\/2018\/03\/IMG_20180318_211825391-1.jpg\" data-orig-size=\"4032,3024\" data-comments-opened=\"1\" data-image-meta=\"{&quot;aperture&quot;:&quot;0&quot;,&quot;credit&quot;:&quot;&quot;,&quot;camera&quot;:&quot;&quot;,&quot;caption&quot;:&quot;&quot;,&quot;created_timestamp&quot;:&quot;0&quot;,&quot;copyright&quot;:&quot;&quot;,&quot;focal_length&quot;:&quot;0&quot;,&quot;iso&quot;:&quot;0&quot;,&quot;shutter_speed&quot;:&quot;0&quot;,&quot;title&quot;:&quot;&quot;,&quot;orientation&quot;:&quot;0&quot;}\" data-image-title=\"IMG_20180318_211825391.jpg\" data-image-description=\"\" data-image-caption=\"\" data-large-file=\"https:\/\/catalinx.ro\/wordpress\/wp-content\/uploads\/2018\/03\/IMG_20180318_211825391-1-1024x768.jpg\" class=\"alignnone size-full wp-image-10810\" src=\"http:\/\/catalinx.ro\/wordpress\/wp-content\/uploads\/2018\/03\/IMG_20180318_211825391-1.jpg\" width=\"4032\" height=\"3024\" srcset=\"https:\/\/catalinx.ro\/wordpress\/wp-content\/uploads\/2018\/03\/IMG_20180318_211825391-1.jpg 4032w, https:\/\/catalinx.ro\/wordpress\/wp-content\/uploads\/2018\/03\/IMG_20180318_211825391-1-300x225.jpg 300w, https:\/\/catalinx.ro\/wordpress\/wp-content\/uploads\/2018\/03\/IMG_20180318_211825391-1-768x576.jpg 768w, https:\/\/catalinx.ro\/wordpress\/wp-content\/uploads\/2018\/03\/IMG_20180318_211825391-1-1024x768.jpg 1024w\" sizes=\"auto, (max-width: 4032px) 100vw, 4032px\" \/><\/p>\n<p>La damage report pot s\u0103 spun c\u0103 nici ou\u0103le luate de la tata nu s-au spart. Da, sunt din \u0103la c\u0103ruia \u00eei dau p\u0103rin\u021bii de la \u021bar\u0103 saco\u0219a cu m\u00e2ncare ca la studen\u021bi. S\u0103rac, ce vrei.<\/p>\n<p>Dar am pierdut c\u0103p\u0103celul din dreapta de la sp\u0103l\u0103torul de faruri. Am s\u0103 merg totu\u0219i la service s\u0103 le dau \u0103lora ni\u0219te bani pentru un raport mai profesionist, ca s\u0103 stau lini\u0219tit,mai ales so\u021bia, c\u0103 e ma\u0219ina ei, era s\u0103 zic rabla.<\/p>\n<p>Ce s-a \u00eent\u00e2mplat a fost o experien\u021b\u0103 interesant\u0103 care \u00eemi spune c\u0103 trebuie s\u0103 schimb c\u00e2teva lucruri la mine, minim 2 . Probabil nici nu am s\u0103 schimb mai multe c\u0103 merg pe principiul minimului efort, dar dou\u0103 sunt necesare.<\/p>\n<p>Filmul evenimentelor nu pot s\u0103 vi-l ar\u0103t pentru c\u0103 sunt zgarcit \u0219i mi-am luat cea mai ieftin\u0103 camera auto \u0219i cel mai ieftin card, care s-a futut dup\u0103 ce am plecat azi de la \u021bar\u0103 \u0219i nu a mai filmat. Trebuie formatat. Efectele secundare ale zg\u00e2rceniei. Ce s\u0103 faci, n-ai ce s\u0103 faci.<\/p>\n<p>Dar pot s\u0103 \u00eel povestesc. Conduceam eu pe autostrad\u0103 pe ninsoare ca lapovi\u021ba, la -2 grade. Un pic peste limita legal\u0103 \u00een astfel de condi\u021bii. Credeam eu. Adic\u0103 aveam undeva intre 120 \u0219i 130 km\/h ( mai exact 90, dup\u0103 cum am scris c\u0103 fraierul \u00een procesul verbal de constatare ). Aproape 140 pe ceas, dar \u0219tim to\u021bi c\u0103 kilometrajul &#8220;minte&#8221; . Waze rullz.<\/p>\n<p>Doar c\u0103 am intrat brutal \u00eentr-o zon\u0103 cu polei. D-\u0103la ca in Tom \u0219i Jerry, de nici nu puteai s\u0103 te \u021bii pe picioare. Am constatat asta dup\u0103 ce am cobor\u00e2t din ma\u0219in\u0103.<\/p>\n<p>\u0218i totu\u0219i era ok. De\u0219i experien\u021bele mele de condus pe polei sunt negative , pentru mine poleiul e la fel ca asfaltul uscat din moment ce nu reduc viteza, nu?<\/p>\n<p>Masina merge \u021beav\u0103 oricum pe autostrad\u0103. In Germania am mers cu 180 pe ninsoare , ce poate s\u0103 se \u00eent\u00e2mple? \u021aii direc\u021bia \u0219i nu bruschezi volanul .<\/p>\n<p>Adev\u0103rul e c\u0103 nu \u0219tiam c\u0103 s-a pus poleiul, c\u0103 nu sunt incon\u0219tient. Doar idiot, c\u0103 trebuia s\u0103 \u00eemi dau seama dup\u0103 temperatur\u0103, ninsoare, codul galben \u0219i faptul c\u0103 mi-a zis tata la plecare :<\/p>\n<p>&#8220;Ai grij\u0103 cum mergi c\u0103 s-ar putea s\u0103 fie polei&#8221; .<\/p>\n<p>\u0218i ar fi fost bine dac\u0103 nu ar fi \u00eenceput unul cu dou\u0103 ma\u0219ini \u00een fa\u021ba mea s\u0103 fac\u0103 360-uri. Eu eram pe banda a doua lansat , dep\u0103\u0219eam , for\u021b\u0103-for\u021b\u0103.<\/p>\n<p>Am dat \u00een fr\u00e2ne, dar erau dou\u0103 probleme. Nu eram sigur c\u0103 m\u0103 opresc \u00eenainte de cel din fa\u021ba mea ( aveam \u0219anse ) \u0219i nu \u0219tiam dac\u0103 \u0103la din spatele meu se opre\u0219te \u00eenainte de mine. Pe banda 1 era mai liber in spate, dar nu a\u0219a de liber in fa\u021b\u0103 . A\u0219a c\u0103 m-am mutat cu piciorul pe fr\u00e2n\u0103 \u0219i cu derapaj, normal. \u0218i tragi de volan \u00een st\u00e2nga, \u00een dreapta, mai las\u0103 fr\u00e2na s\u0103 stabilizezi ma\u0219ina, dar nu era bine , c\u0103 \u0103ia din fa\u021ba mea parc\u0103 se opreau mai repede dec\u00e2t mine. Normal, ei mergeau mai \u00eencet \u0219i nu cred c\u0103 aveau SUV-uri. Nici nu schimbau benzile pe fr\u00e2n\u0103. A\u0219a c\u0103 haida pe banda de urgen\u021b\u0103 , da&#8217; nici aici nu p\u0103rea c\u0103 era loc , a\u0219a c\u0103 hai un pic pe \u0219an\u021b \u0219i redresez&#8230; \u0218i redresez din pul\u0103 c\u0103 fiind polei am alunecat \u0219i m-am oprit fix acolo rezemat de marginea \u0219an\u021bului.<\/p>\n<p>Mi-a trecut prin cap in timp ce f\u0103ceam patinaj artistic c\u0103tre banda de urgen\u021b\u0103 s\u0103-i dau cox si s\u0103 \u00eencerc printre cele din fa\u021b\u0103 cu ma\u0219ina pe derapaj. Mai am porniri din astea, \u00een Need For Speed de obicei \u00eemi ie\u0219ea dar IRL nu a ie\u0219it mereu fix cum mi-am dorit, nici pe drum bun.<\/p>\n<p>Poate p\u0103rea ciudat ce spun, din \u0219an\u021b, dar pe scurt ma\u0219ina s-a comportat exemplar. \u0218i cauciucurile de iarn\u0103 au \u021binut c\u00e2t pot \u021bine pe sticl\u0103, \u0219i ESP-ul a \u021binut cam c\u00e2t de bine se poate \u00een condi\u021biile alea: O ma\u0219in\u0103 \u00eenalt\u0103 schimb\u0103 benzi pe fr\u00e2n\u0103 cu ~ 100km\/h pe polei. Am sim\u021bit \u0219i 4&#215;4 c\u00e2nd subvirau ro\u021bile de pe fa\u021b\u0103.<\/p>\n<p>Iar nevasta nu a \u021bipat nici nu s-a panicat, linistea copilul, de\u0219i zice c\u0103 nu era speriat\u0103 ci enervat\u0103 c\u0103 \u00eemi tot zice s\u0103 merg mai \u00eencet. Nu ai ce s\u0103 vrei mai mult, e totu\u0219i un SUV nu Subaru Impreza WRX .<\/p>\n<p>Ok, poate eu a\u0219 fi putut da din m\u00e2ini pe volan mai repede, ceva m\u0103 \u00eempiedic\u0103 s\u0103 spun c\u0103 \u0103sta e maximul pe care \u00eel po\u021bi face din pilotaj, poate s\u0103 fi avut cauciucuri nu \u0219tiu de care ( eu cred c\u0103 Nokian sunt unele din cele mai bune pentru z\u0103pad\u0103 \u0219i ghea\u021b\u0103 ) poate, poate.<\/p>\n<p>Dar realitatea e aceea\u0219i. Mergeam mult prea repede pentru polei \u0219i distan\u021ba avut\u0103 la dispozi\u021bie ( altfel destul\u0103, pentru carosabil normal, sau doar umed ) era prea mic\u0103 s\u0103 \u00eemi pot opri \u0219i ma\u0219ina \u0219i s\u0103 m\u0103 asigur c\u0103 nu m\u0103 bule\u0219te nimeni din spate, m\u0103car nu violent.<\/p>\n<p>Chit c\u0103 poate exista un mod mai str\u0103lucit \u00een care a\u0219 fi putut controla rabla (nu \u0219tiu din moment ce nu am filmarea, iar asta m\u0103 roade ) , sau c\u0103 dac\u0103 \u00eemi asumam riscul de a nu schimba banda poate nu mai scriam articolul \u0103sta ( dac\u0103 aveam noroc , dar nu cred \u00een a\u0219a ceva ) ce am ob\u021binut e relativ ok, puteam cauza un accident in lan\u021b. A\u0219a am fost doar doi oameni care am derapat \u00een \u0219an\u021b la individual compus.<\/p>\n<p>\u0218i nu, nu pot da vina pe cel din fa\u021b\u0103 c\u0103 mi-a stricat feng shui-ul. Eu nu sunt a\u0219a. Fiecare e cu drumul lui. Tre&#8217; s\u0103 fii preg\u0103tit pentru ce e mai r\u0103u. Nu e\u0219ti , o sugi. Acum nu prea eram. Am mermelit eu treaba cumva dar nu sunt mul\u021bumit de mine. Nici m\u0103car nu m\u0103 gr\u0103beam, b\u0103i. Credeam doar c\u0103 eu pot s\u0103 m\u0103 descurc onorabil \u00een caz de orice la viteza aia . Iar c\u00e2nd aluneci \u00een \u0219an\u021b sperii so\u021bia \u0219i copilul nu-i nimic onorabil. Din moment ce nu pot conduce mai sigur de at\u00e2t la viteza asta am s\u0103 o reduc. Treaba e c\u0103 eu nu merg fantastic de repede cu familia \u00een ma\u0219in\u0103 . Adic\u0103 , dac\u0103 e asfaltul uscat tot nu merg cu 160 sau ceva. Nu. 130 sau un pic mai mult c\u00e2nd dep\u0103\u0219esc . Dar la fel merg \u0219i pe vreme rea.<\/p>\n<p>Bun. Asta o dat\u0103. A doua oar\u0103, eu nu prea am luat contact cu lumea de pe strad\u0103 \u00een ultimii ani. Nu \u00eemi pas\u0103 de nimeni , nu reac\u021bionez la bullying pe \u0219osea, dac\u0103 dai flashuri \u00ee\u021bi fac loc, chiar dac\u0103 trebuie s\u0103 fr\u00e2nez eu sau ceva. Nu vreau s\u0103 interac\u021bionez cu oameni. Dac\u0103 \u00eemi face cineva cu m\u00e2na s\u0103 \u00eel iau la ocazie nu opresc, dac\u0103 v\u0103d pe unul r\u0103sturnat \u00een \u0219an\u021b s\u0103 fie s\u0103n\u0103tos, eu \u00eemi v\u0103d de drumul meu, nu m\u0103 \u00eencarc cu problemele altora.<\/p>\n<p>Observ c\u0103 lumea s-a schimbat. \u00cen bine, iar eu nu. C\u00e2t am stat rajghinat \u00een \u0219an\u021b au oprit mai bine de 10 ma\u0219ini s\u0103 \u00eentrebe dac\u0103 suntem ok. So\u021bia \u0219i copilul au plecat in primele 5 minute cu o ma\u0219in\u0103 c\u0103tre Bucure\u0219ti &#8211; am zis c\u0103 era un frig de te c\u0103cai pe tine , iar eu eram cu jum\u0103tate de ma\u0219in\u0103 \u00eentr-un \u0219an\u021b cu ap\u0103? C\u00e2nd te uitai de deasupra nu ar\u0103ta ca \u0219i cum am s\u0103 plec de acolo doar tras cu \u0219ufa, ca \u0219i cum nimic nu s-ar fi \u00eent\u00e2mplat. Era a\u0219a de \u00eenclinat\u0103 c\u0103 ziceai c\u0103 ies din tanc pe turet\u0103. De abia deschideam blestem\u0103\u021bia aia de u\u0219\u0103.<\/p>\n<p>Nu \u00eemi place asta , dar va trebui s\u0103 m\u0103 schimb . Lumea \u00een care tr\u0103iesc acum nu mai pare s\u0103 fie lumea de-o \u0219tiam .<\/p>\n<p>Nu cred \u00een karma, \u00een legea compensa\u021biei, sau \u00een oameni. Dar cred c\u0103 trebuie s\u0103 fiu social acceptabil. \u0218i nu prea m\u0103 v\u0103d a\u0219a de unde m\u0103 uit.<\/p>\n<p>Nu e c\u0103 vai ce m\u0103 f\u0103ceam dac\u0103 nu opreau nenii \u0103ia. La dracu&#8217;, \u00een ma\u0219in\u0103 era cald \u0219i bine, motorul mergea, fetele aveau ceva geci, cel mai prost \u00eembr\u0103cat eram eu, adida\u0219i \u0219i geac\u0103 de toamn\u0103 peste tricou, like a boss; ce cod galben, \u00een rabla mea e cald.<\/p>\n<p>La o adic\u0103 \u00eemi permiteam s\u0103 pl\u0103tesc un taxi de acolo p\u00e2n\u0103 la Bucure\u0219ti, nu am nevoie de simpatia publicului.<\/p>\n<p>Dar c\u00e2nd publicul insist\u0103 , e un fel de chestie care se nume\u0219te social binding. Tipii care le-au luat aveau o ma\u0219in\u0103 mai modest\u0103 . Puteau s\u0103 spun\u0103 lini\u0219ti\u021bi &#8221; ia d\u0103-l, m\u0103, \u00een pizda m\u0103-sii are SUV&#8221;. A\u0219a era pe vremea mea. Pe vremea asta a venit poli\u021bia \u0219i m-a \u00eentrebat dac\u0103 mi-e frig, dup\u0103 ce am suflat \u00een &#8220;fiol\u0103&#8221;, evident.<\/p>\n<p>Pe urm\u0103 au venit pompierii care nu aveau ce descarcera, c\u0103 eram deja singur . \u0218i intrasem \u00eenapoi \u00een carcer\u0103 de bun\u0103 voie \u0219i de frig. S-au oferit s\u0103 m\u0103 \u00eemping\u0103 s\u0103 ies dup\u0103 ce mi-au sugerat s\u0103 scoatem borna de la baterie c\u0103 poate se scurge combustibil , poate ceva. Le-am mul\u021bumit dar le-am spus pas la ambele. Motorina nu bubuie \u0219i oricum, prefer s\u0103 mor \u00een fl\u0103c\u0103ri dec\u00e2t ca feti\u021ba cu chibrituri. \u0218i de ie\u0219it poate m-ar fi \u00eempins dumnealor, dar nu voiam s\u0103 str\u00e2mb rabla chiar pe toate p\u0103r\u021bile. A\u0219a c\u0103 am sunat la tractare. 300 de lei un br\u00e2nci din \u0219an\u021b afar\u0103. Pe vremea asta cred \u0219i eu. Un nene cu o \u0219ufa \u0219i-o dub\u0103 4&#215;4 a f\u0103cut 600 de lei intr-o ora \u0219i ceva. Bravo lui.<\/p>\n<p>Pe urm\u0103 a venit alt\u0103 poli\u021bie care ne-a luat declara\u021bii . Cu ce vitez\u0103 circula\u021bi? Pe vreme rea e 80 pe autostrad\u0103, dar zic, b\u0103i bate la ochi 80, hai 90. Nenea cu cercule\u021bele a zis c\u0103 nu bate la ochi. Bine a f\u0103cut. Probabil el a luat amenda mai mic\u0103, c\u0103 limita pe polei e 50.<\/p>\n<p>C\u00e2nd mi-a scris poli\u021bistul amenda nici nu am clipit. Pula mea, era pe declara\u021bia mea f\u0103cut\u0103 pe proprie r\u0103spundere . Dep\u0103\u0219ire cu 40 km\/h, am scos 435 de lei zambind, am platit \u0219i le-am mul\u021bumit. Asta \u00eenseamn\u0103 munca de consultant.<\/p>\n<p>&#8220;M\u0103 scuza\u021bi, care e viteza limit\u0103 \u00een afara localit\u0103\u021bii, pe polei? &#8221;<\/p>\n<p>&#8220;50km\/h &#8211; v\u0103 cost\u0103 435 de lei&#8221;. La fel fac \u0219i eu banii.<\/p>\n<p>Adev\u0103rul este c\u0103 am scris 90 pe declara\u021bie , iar colegul dumnealui m-a \u00eentrebat:<\/p>\n<p>&#8220;A\u021bi scris 80? &#8220;.Dar nu era cea mai in form\u0103 zi a mea, asta e clar.<\/p>\n<p>-Noo, 90, dom&#8217;ne.<\/p>\n<p>Zic, s\u0103 fiu &#8220;sincer&#8221;.<\/p>\n<p>Nu am primit puncte penalizare pentru permis. In fond, nu am lovit pe nimeni , nu am distrus patrimoniul autostr\u0103zii ( am fost \u00eentrebat \u0219i de asta ) , dar am deranjat institu\u021biile statului. Pe undeva e cinstit.<\/p>\n<p>Una peste alta, \u00eemi place rabla asta. Vorba so\u021biei &#8211; &#8220;bine c\u0103 nu mi-ai luat Logan, chiar m\u0103 sup\u0103r\u0103m&#8221;.<\/p>\n<p>Dac\u0103 aveam Fordul, la combina\u021bia asta eram futut. Poate c\u0103 nu mergeam a\u0219a de repede , dar dac\u0103 mergeam , eram futut. Dac\u0103 aveam alt sedan mai ac\u0103t\u0103rii , poate \u00eel manevram mai bine. Poate. Dar dac\u0103 intram cu el \u00een \u0219an\u021b &#8211; eram futut, dat peste cap, probabil.<\/p>\n<p>Dac\u0103 mergeam mai \u00eencet nu se \u00eent\u00e2mpla nimic nici cu Logan, desigur.<\/p>\n<p>Cert e c\u0103 \u0219i de acum tot SUV MARE vreau. Da, sigur c\u0103 dieselul e na\u0219pa, poluant, plm. Dar tancul e un pic mai antiprost a\u0219a. Merit\u0103 banii.<\/p>\n<p>Nici nu am casco, v-am spus?<\/p>\n<p>La cum m\u0103 uit nici nu am nevoie.<\/p>\n<p>*So\u021bia cumva se bucur\u0103 c\u0103 am luat amend\u0103. Probabil c\u0103 \u0219tie c\u0103 banii m\u0103 dor. Mai tare dec\u00e2t permisul sau punctele de permis, de exemplu.<\/p>\n","protected":false},"excerpt":{"rendered":"<p>Urmare de aici. . Asear\u0103 am fost prostul autostr\u0103zii. \u0102la pe care \u00eel \u00eenjur\u0103 lumea c\u0103 face accident \u0219i blocheaz\u0103 autostrada duminic\u0103 seara. Soferu&#8217; de&hellip;<\/p>\n","protected":false},"author":2,"featured_media":10809,"comment_status":"open","ping_status":"open","sticky":false,"template":"","format":"standard","meta":{"jetpack_post_was_ever_published":false,"_jetpack_newsletter_access":"","_jetpack_dont_email_post_to_subs":false,"_jetpack_newsletter_tier_id":0,"_jetpack_memberships_contains_paywalled_content":false,"_jetpack_memberships_contains_paid_content":false,"footnotes":"","jetpack_publicize_message":"","jetpack_publicize_feature_enabled":true,"jetpack_social_post_already_shared":true,"jetpack_social_options":{"image_generator_settings":{"template":"highway","default_image_id":0,"font":"","enabled":false},"version":2}},"categories":[1],"tags":[],"class_list":["post-10811","post","type-post","status-publish","format-standard","has-post-thumbnail","hentry","category-uncategorized"],"views":8177,"jetpack_publicize_connections":[],"jetpack_featured_media_url":"https:\/\/catalinx.ro\/wordpress\/wp-content\/uploads\/2018\/03\/IMG_20180318_211825391.jpg","jetpack_sharing_enabled":true,"jetpack_shortlink":"https:\/\/wp.me\/p4Eq23-2On","jetpack-related-posts":[],"_links":{"self":[{"href":"https:\/\/catalinx.ro\/wordpress\/index.php?rest_route=\/wp\/v2\/posts\/10811","targetHints":{"allow":["GET"]}}],"collection":[{"href":"https:\/\/catalinx.ro\/wordpress\/index.php?rest_route=\/wp\/v2\/posts"}],"about":[{"href":"https:\/\/catalinx.ro\/wordpress\/index.php?rest_route=\/wp\/v2\/types\/post"}],"author":[{"embeddable":true,"href":"https:\/\/catalinx.ro\/wordpress\/index.php?rest_route=\/wp\/v2\/users\/2"}],"replies":[{"embeddable":true,"href":"https:\/\/catalinx.ro\/wordpress\/index.php?rest_route=%2Fwp%2Fv2%2Fcomments&post=10811"}],"version-history":[{"count":6,"href":"https:\/\/catalinx.ro\/wordpress\/index.php?rest_route=\/wp\/v2\/posts\/10811\/revisions"}],"predecessor-version":[{"id":10817,"href":"https:\/\/catalinx.ro\/wordpress\/index.php?rest_route=\/wp\/v2\/posts\/10811\/revisions\/10817"}],"wp:featuredmedia":[{"embeddable":true,"href":"https:\/\/catalinx.ro\/wordpress\/index.php?rest_route=\/wp\/v2\/media\/10809"}],"wp:attachment":[{"href":"https:\/\/catalinx.ro\/wordpress\/index.php?rest_route=%2Fwp%2Fv2%2Fmedia&parent=10811"}],"wp:term":[{"taxonomy":"category","embeddable":true,"href":"https:\/\/catalinx.ro\/wordpress\/index.php?rest_route=%2Fwp%2Fv2%2Fcategories&post=10811"},{"taxonomy":"post_tag","embeddable":true,"href":"https:\/\/catalinx.ro\/wordpress\/index.php?rest_route=%2Fwp%2Fv2%2Ftags&post=10811"}],"curies":[{"name":"wp","href":"https:\/\/api.w.org\/{rel}","templated":true}]}}