

{"id":10907,"date":"2018-03-27T18:26:52","date_gmt":"2018-03-27T16:26:52","guid":{"rendered":"http:\/\/catalinx.ro\/wordpress\/?p=10907"},"modified":"2018-03-27T18:40:26","modified_gmt":"2018-03-27T16:40:26","slug":"generatiile-tinere-si-problema-reala-cum-ii-mai-pacalim-pe-astia","status":"publish","type":"post","link":"https:\/\/catalinx.ro\/wordpress\/?p=10907","title":{"rendered":"Generatiile tinere si problema real\u0103: &#8220;Cum \u00eei mai p\u0103c\u0103lim pe \u0103\u0219tia ?&#8221;"},"content":{"rendered":"<div id=\"fb-root\"><\/div>\n<p>&nbsp;<\/p>\n<p>Citesc articole de\u00a0<a href=\"http:\/\/adevarul.ro\/locale\/cluj-napoca\/milenialii-cutremurul-lovi-piata-muncii-romania-mai-inteligenti-mai-echipati-vor-salarii-mari-firmelor-greu-sa-i-tina-acasa-1_5aafb135df52022f75c3573f\/index.html\"><strong>genul<\/strong><\/a> si\u00a0 m\u0103 distreaz\u0103 cum problema\u00a0 eroziunea acut\u0103 a for\u021bei de munc\u0103\u00a0 din Rom\u00e2nia ( attrition e cuv\u00e2ntul potrivit, da-n rom\u00e2ne\u0219te are alt sens) se suprapune peste problemele date de noua genera\u021bie.<\/p>\n<p>Da-i ok \u0219i optica general\u0103 e la fel, c\u0103 vai, coaie,\u00a0 \u0103\u0219tia tinerii nu mai au respect pentru munc\u0103, au crescut obraznici, futu-le muma \u00een cur! Nu \u0219tiu, \u00een principiu, ce tactici s\u0103 mai aplice, ca s\u0103-i \u021bin\u0103 pe g\u00e2scani la munc\u0103.<\/p>\n<p>C\u00e2t o mai fi nevoie de ei.<\/p>\n<p>Telefoane, spa\u021bii decorate mai frumos ca acasa \u0219i tot felul de artificii care deghizeaz\u0103\u00a0 caren\u021ba major\u0103.\u00a0 Bani nu vor s\u0103 dea niciunii. \u0218i noile genera\u021bii sunt a\u0219a c\u0103 s-au adaptat lipsurilor \u0219i lipsei unei perspective materiale realiste:\u00a0 la moul &#8211; uite, m\u0103 fac t\u00e2mplar, dau la t\u00e2mpl\u0103 5 ani, \u00eemi iau o cas\u0103, pe urm\u0103 pot s\u0103 \u00eemi deschid atelier de t\u00e2mpl\u0103rie, sau s\u0103-mi iau o rabl\u0103, o cas\u0103 pentru copii, sau poate s\u0103 str\u00e2ng bani pentru studiile lor. Sau. Un plan de via\u021b\u0103. Dar nu, c\u0103 acuma e cu dinamism, cu\u00a0 nu \u0219tii c\u00e2nd vii, nu \u0219tii cand pleci, c\u00e2nd ai job de doi lei, c\u00e2nd n-ai deloc.<\/p>\n<p>Cumva\u00a0 se aduce \u00een discu\u021bie faptul c\u0103 \u0103\u0219tia micii au fost crescu\u021bi prost ai dracu&#8217;. Au f\u0103cut cursuri de limbi str\u0103ine, facult\u0103\u021bi ( inutile) iar acum se ridic\u0103 cu preten\u021bii, vor c\u00e2rca de bani. \u0218i bine fac,\u00a0 zic eu. C\u0103\u00a0 duzina de facult\u0103\u021bi de c\u0103ciul\u0103 a fost un\u00a0 push nerealist sus\u021biunt de pia\u021ba muncii.\u00a0 \u0218tii cum e, oi \u0219tii tu s\u0103 faci X \u0219i Y, sau poate nu,\u00a0 dar uite concurentul t\u0103u are dou\u0103 mastere. Uite!<\/p>\n<p>\u0218i s-au \u00eenv\u0103\u021bat prost. \u0218i\u00a0 s-au \u00eenv\u0103\u021bat cum c\u0103 dac\u0103 tata a muncit toat\u0103 via\u021ba s\u0103 m\u0103 \u021bin\u0103 \u00een \u0219coal\u0103 ( eu sunt milenial d-\u0103la b\u0103tr\u00e2nu&#8217;, am ceva gene de \u201dX\u201e) ei m\u0103 vor pl\u0103ti cu semin\u021be \u0219i-o vor b\u0103ga pe aia a&#8217;\u00a0 lu&#8217; Kennedy, tr\u00e2mbi\u021bat\u0103 peste tot\u00a0 cu \u201dce po\u021bi s\u0103 faci tu pentru \u021bar\u0103?\u201d.<\/p>\n<p>\u0218i s\u0103 nu uit\u0103m c\u0103 pe Kennedy l-au impu\u0219cat, semn c\u0103 cineva s-a \u00eencumetat s\u0103 fac\u0103 ceva pentru \u021bara lui.Pac.<\/p>\n<p>\u201dP\u0103i, pula mea, pentru \u00eenceput a\u0219 putea s-o p\u0103r\u0103sesc\u201d au spus milenialii, pentru c\u0103 ce uit\u0103 bandi\u021bii \u0103\u0219tia e un lucru esen\u021bial.\u00a0 Americanii anilor 50 aveau cas\u0103 , Cadillac De Ville la u\u0219\u0103 \u0219i bani \u00eentr-o societate prosper\u0103. Iar ei erau, \u00een mare, for\u021b\u0103 brut\u0103. Locul propice \u00een care se aflau valora, raportat la restul lumii,\u00a0 mai mult dec\u00e2t pielea de pe ei.<\/p>\n<p>Cam ca proletariatul primitor de case \u0219i joburi pe vremea comunismului. Normal, coaie, c\u0103 se punea problema c\u0103 ce po\u021bi tu s\u0103 faci pentru \u021bar\u0103\/ sistem. Sistemul \u021bi-a dat ( dac\u0103 vorbim de comunism) sau \u021bi-a oferit condi\u021bii s\u0103 ai ( dac\u0103 vorbim de capitalismul anilor \u0103lora).<\/p>\n<p>Cu mici excep\u021bii, cam peste tot prin lume sistemul curent \u00ee\u021bi d\u0103 doar muie \u0219i te \u00eentreab\u0103 ce po\u021bi s\u0103 faci pentru \u021bar\u0103, pentru pia\u021ba muncii, pentru angajator. Pentru. Dup\u0103 ce\u00a0 ai decartat deja basculanta de bani s\u0103 ajungi la nivelul\u00a0<strong>\u0103la\u00a0<\/strong> de competitivitate de care vorbeau parin\u021bii \u0219i bunicii.<\/p>\n<p>P\u0103i s\u0103 v\u0103 trag la muie, b\u0103. A\u0219a cum \u0219i sf\u0103tuiesc pe orice t\u00e2n\u0103r mai t\u00e2n\u0103r dec\u00e2t mine.\u00a0 M\u0103 \u00eenchin cu am\u00e2ndou\u0103 m\u00e2inile la anii 2025. Doamne-ajut\u0103 s\u0103 fie cum zic \u0103\u0219tia, adic\u0103 corpora\u021biile s-o ard\u0103 tot cu m\u0103run\u021bi\u0219 p\u00e2n\u0103 la faliment \u0219i cu dispersie.\u00a0 Dac\u0103 nu cumva vine vreo revolu\u021bie, cred c-o s\u0103 fie o lume foarte frumoas\u0103.\u00a0 Iar dac-o s\u0103 fie, plm, foarte bine &#8211; Viva la revolucion.<\/p>\n<p>Cand m\u0103 uit la \u0103\u0219tia mai tineri, m\u0103 gandesc c\u0103 doar lene\u0219ii mai lucreaz\u0103 in sistem din asta cu framework de sclav: \u00eenchiriaz\u0103-ne timpul t\u0103u, c\u00e2t mai mult \u0219i c\u00e2t mai prost pl\u0103tit \u0219i e treaba noastr\u0103 c\u00e2\u021bi bani facem cu el.\u00a0 Poate c\u0103 urmeaz\u0103 o mic\u0103 sincop\u0103 dat\u0103 de faptul c\u0103 \u0103\u0219tia mici par s\u0103 a\u0219tepte s\u0103 li se ofere, p\u00e2n\u0103 se prind ei de ce pot face singuri, dar eu cred c\u0103 dac\u0103 nu cumva socialismul\u00a0 se r\u0103sp\u00e2nde\u0219te peste tot urmeaz\u0103 o genera\u021bie de unde proletariatul se schimb\u0103 ca form\u0103 \u0219i se vor mai \u0219mecherii \u0219i\u00a0 cei de\u00a0 la talpa \u021b\u0103rii.<\/p>\n<p>Nu cred c\u0103 mai vedem noi prea mult timp v\u00e2ndut a\u0219a, cu duiumu&#8217;, gen vino la firma mea \u0219i te pun eu s\u0103 faci ce vreau de la munc\u0103 de birou la m\u0103turat \u0219i c\u0103rat mobila sau\u00a0 ia de aici \u0219i bag\u0103 \u0219i baze de date \u0219i programare \u0219i tot ce mai \u0219tii &#8211; all inclusive, pe salariu de salahor, fire\u0219te.<\/p>\n<p>Din ce v\u0103d lumea t\u00e2n\u0103r\u0103, precum \u0219i eu, vinde servicii, mai d\u0103-l \u00een pula mea de timp, ia s\u0103 nu mai fie unii st\u0103p\u00e2nii timpului nostru, nu?<\/p>\n<p>Ce-ai de facut? Un excel? Cinj&#8217; mii. Ce conteaz\u0103 \u00een c\u00e2t timp \u00eel fac \u0219i c\u00e2t stau degeaba. Banu&#8217; jos. Vrei compasiune, atitudine orientat\u0103 client? Desigur, cot\u0103 din profit sau tu e\u0219ti clientul, \u00een ceea ce m\u0103 prive\u0219te.<\/p>\n<p>Sau cel pu\u021bin a\u0219a cred eu.<\/p>\n<p>Hint. Cine mai st\u0103 pe aici din \u0103\u0219tia mai tineri tind s-o ard\u0103 mai liberal, mai pe off-grid.\u00a0 \u0218i nu vorbesc de \u201dfree inhabitants\u201d, ci de frizeri, sculeri matri\u021beri \u0219i to-felu&#8217; de al\u021bi operatori de servicii afilia\u021bi pe la te-miri-ce industrie disruptiv\u0103.<\/p>\n<p>&nbsp;<\/p>\n<p><iframe loading=\"lazy\" src=\"https:\/\/www.youtube.com\/embed\/h2RilYmE_J4\" width=\"560\" height=\"315\" frameborder=\"0\" allowfullscreen=\"allowfullscreen\"><\/iframe><\/p>\n","protected":false},"excerpt":{"rendered":"<p>&nbsp; Citesc articole de\u00a0genul si\u00a0 m\u0103 distreaz\u0103 cum problema\u00a0 eroziunea acut\u0103 a for\u021bei de munc\u0103\u00a0 din Rom\u00e2nia ( attrition e cuv\u00e2ntul potrivit, da-n rom\u00e2ne\u0219te are&hellip;<\/p>\n","protected":false},"author":2,"featured_media":10909,"comment_status":"open","ping_status":"open","sticky":false,"template":"","format":"standard","meta":{"jetpack_post_was_ever_published":false,"_jetpack_newsletter_access":"","_jetpack_dont_email_post_to_subs":false,"_jetpack_newsletter_tier_id":0,"_jetpack_memberships_contains_paywalled_content":false,"_jetpack_memberships_contains_paid_content":false,"footnotes":"","jetpack_publicize_message":"","jetpack_publicize_feature_enabled":true,"jetpack_social_post_already_shared":true,"jetpack_social_options":{"image_generator_settings":{"template":"highway","default_image_id":0,"font":"","enabled":false},"version":2}},"categories":[136],"tags":[2405,2404],"class_list":["post-10907","post","type-post","status-publish","format-standard","has-post-thumbnail","hentry","category-civilisation","tag-milenialii-si-generatiile-de-dupa","tag-piata-muncii"],"views":3612,"jetpack_publicize_connections":[],"jetpack_featured_media_url":"https:\/\/catalinx.ro\/wordpress\/wp-content\/uploads\/2018\/03\/Zgenleaving.jpeg","jetpack_sharing_enabled":true,"jetpack_shortlink":"https:\/\/wp.me\/p4Eq23-2PV","jetpack-related-posts":[],"_links":{"self":[{"href":"https:\/\/catalinx.ro\/wordpress\/index.php?rest_route=\/wp\/v2\/posts\/10907","targetHints":{"allow":["GET"]}}],"collection":[{"href":"https:\/\/catalinx.ro\/wordpress\/index.php?rest_route=\/wp\/v2\/posts"}],"about":[{"href":"https:\/\/catalinx.ro\/wordpress\/index.php?rest_route=\/wp\/v2\/types\/post"}],"author":[{"embeddable":true,"href":"https:\/\/catalinx.ro\/wordpress\/index.php?rest_route=\/wp\/v2\/users\/2"}],"replies":[{"embeddable":true,"href":"https:\/\/catalinx.ro\/wordpress\/index.php?rest_route=%2Fwp%2Fv2%2Fcomments&post=10907"}],"version-history":[{"count":8,"href":"https:\/\/catalinx.ro\/wordpress\/index.php?rest_route=\/wp\/v2\/posts\/10907\/revisions"}],"predecessor-version":[{"id":10917,"href":"https:\/\/catalinx.ro\/wordpress\/index.php?rest_route=\/wp\/v2\/posts\/10907\/revisions\/10917"}],"wp:featuredmedia":[{"embeddable":true,"href":"https:\/\/catalinx.ro\/wordpress\/index.php?rest_route=\/wp\/v2\/media\/10909"}],"wp:attachment":[{"href":"https:\/\/catalinx.ro\/wordpress\/index.php?rest_route=%2Fwp%2Fv2%2Fmedia&parent=10907"}],"wp:term":[{"taxonomy":"category","embeddable":true,"href":"https:\/\/catalinx.ro\/wordpress\/index.php?rest_route=%2Fwp%2Fv2%2Fcategories&post=10907"},{"taxonomy":"post_tag","embeddable":true,"href":"https:\/\/catalinx.ro\/wordpress\/index.php?rest_route=%2Fwp%2Fv2%2Ftags&post=10907"}],"curies":[{"name":"wp","href":"https:\/\/api.w.org\/{rel}","templated":true}]}}