

{"id":10920,"date":"2018-03-27T23:53:20","date_gmt":"2018-03-27T21:53:20","guid":{"rendered":"http:\/\/catalinx.ro\/wordpress\/?p=10920"},"modified":"2018-03-27T23:53:20","modified_gmt":"2018-03-27T21:53:20","slug":"working-day-and-night","status":"publish","type":"post","link":"https:\/\/catalinx.ro\/wordpress\/?p=10920","title":{"rendered":"Working day and night"},"content":{"rendered":"<div id=\"fb-root\"><\/div>\n<p>Vreau s\u0103 plec\u0103m c\u00e2teva zile s\u0103 ducem les copiii \u00een vacan\u021b\u0103 \u0219i tre&#8217; s\u0103 tragem pentru asta.<\/p>\n<p>\u0218i zi \u0219i noapte. M\u0103 trezesc la 5-6, m\u0103 a\u0219ez la calculator. M\u0103 ridic la 8 seara  s\u0103 m\u0103 joc cu copiii. M\u0103 a\u0219ez iar pe la 10 mai bag o ora dou\u0103 \u0219i m\u0103 culc lat. Nici eu nu mai sunt t\u00e2n\u0103r.<\/p>\n<p>Cumva de dou\u0103 zile v\u0103d c\u0103  doamna bag\u0103 mai abitir c\u0103 mine. \u00cenc\u0103 robote\u0219te c\u00e2nd m\u0103 d\u0103r\u00e2m\u0103 pe mine somnul.  Sunt freelancer, cic\u0103. \u00cemi fac singur programul. \u00cemi aleg dac\u0103 dorm  5 sau 4 ore pe noapte \u0219i dac\u0103 m\u0103 ridic de pe cur s\u0103 m\u0103n\u00e2nc ceva de pr\u00e2nz sau dac\u0103 \u00eembuc din mers intre cafele.<\/p>\n<p>This is gonna change, this is gonna&#8230;zzZZzz.<\/p>\n<p><img loading=\"lazy\" decoding=\"async\" data-attachment-id=\"10918\" data-permalink=\"https:\/\/catalinx.ro\/wordpress\/?attachment_id=10918\" data-orig-file=\"https:\/\/catalinx.ro\/wordpress\/wp-content\/uploads\/2018\/03\/sketch1522186908488.png\" data-orig-size=\"1080,1920\" data-comments-opened=\"1\" data-image-meta=\"{&quot;aperture&quot;:&quot;0&quot;,&quot;credit&quot;:&quot;&quot;,&quot;camera&quot;:&quot;&quot;,&quot;caption&quot;:&quot;&quot;,&quot;created_timestamp&quot;:&quot;0&quot;,&quot;copyright&quot;:&quot;&quot;,&quot;focal_length&quot;:&quot;0&quot;,&quot;iso&quot;:&quot;0&quot;,&quot;shutter_speed&quot;:&quot;0&quot;,&quot;title&quot;:&quot;&quot;,&quot;orientation&quot;:&quot;0&quot;}\" data-image-title=\"sketch1522186908488.png\" data-image-description=\"\" data-image-caption=\"\" data-medium-file=\"https:\/\/catalinx.ro\/wordpress\/wp-content\/uploads\/2018\/03\/sketch1522186908488-169x300.png\" data-large-file=\"https:\/\/catalinx.ro\/wordpress\/wp-content\/uploads\/2018\/03\/sketch1522186908488-576x1024.png\" src=\"http:\/\/catalinx.ro\/wordpress\/wp-content\/uploads\/2018\/03\/sketch1522186908488.png\" width=\"1080\" height=\"1920\" class=\"alignnone wp-image-10918 size-full\" srcset=\"https:\/\/catalinx.ro\/wordpress\/wp-content\/uploads\/2018\/03\/sketch1522186908488.png 1080w, https:\/\/catalinx.ro\/wordpress\/wp-content\/uploads\/2018\/03\/sketch1522186908488-169x300.png 169w, https:\/\/catalinx.ro\/wordpress\/wp-content\/uploads\/2018\/03\/sketch1522186908488-768x1365.png 768w, https:\/\/catalinx.ro\/wordpress\/wp-content\/uploads\/2018\/03\/sketch1522186908488-576x1024.png 576w\" sizes=\"auto, (max-width: 1080px) 100vw, 1080px\" \/><\/p>\n","protected":false},"excerpt":{"rendered":"<p>Vreau s\u0103 plec\u0103m c\u00e2teva zile s\u0103 ducem les copiii \u00een vacan\u021b\u0103 \u0219i tre&#8217; s\u0103 tragem pentru asta. \u0218i zi \u0219i noapte. M\u0103 trezesc la 5-6,&hellip;<\/p>\n","protected":false},"author":2,"featured_media":10919,"comment_status":"open","ping_status":"open","sticky":false,"template":"","format":"standard","meta":{"jetpack_post_was_ever_published":false,"_jetpack_newsletter_access":"","_jetpack_dont_email_post_to_subs":false,"_jetpack_newsletter_tier_id":0,"_jetpack_memberships_contains_paywalled_content":false,"_jetpack_memberships_contains_paid_content":false,"footnotes":"","jetpack_publicize_message":"","jetpack_publicize_feature_enabled":true,"jetpack_social_post_already_shared":true,"jetpack_social_options":{"image_generator_settings":{"template":"highway","default_image_id":0,"font":"","enabled":false},"version":2}},"categories":[434,571,500],"tags":[2406],"class_list":["post-10920","post","type-post","status-publish","format-standard","has-post-thumbnail","hentry","category-despre-munca","category-life-log","category-self","tag-workoholic"],"views":1321,"jetpack_publicize_connections":[],"jetpack_featured_media_url":"https:\/\/catalinx.ro\/wordpress\/wp-content\/uploads\/2018\/03\/sketch1522187479249.png","jetpack_sharing_enabled":true,"jetpack_shortlink":"https:\/\/wp.me\/p4Eq23-2Q8","jetpack-related-posts":[],"_links":{"self":[{"href":"https:\/\/catalinx.ro\/wordpress\/index.php?rest_route=\/wp\/v2\/posts\/10920","targetHints":{"allow":["GET"]}}],"collection":[{"href":"https:\/\/catalinx.ro\/wordpress\/index.php?rest_route=\/wp\/v2\/posts"}],"about":[{"href":"https:\/\/catalinx.ro\/wordpress\/index.php?rest_route=\/wp\/v2\/types\/post"}],"author":[{"embeddable":true,"href":"https:\/\/catalinx.ro\/wordpress\/index.php?rest_route=\/wp\/v2\/users\/2"}],"replies":[{"embeddable":true,"href":"https:\/\/catalinx.ro\/wordpress\/index.php?rest_route=%2Fwp%2Fv2%2Fcomments&post=10920"}],"version-history":[{"count":0,"href":"https:\/\/catalinx.ro\/wordpress\/index.php?rest_route=\/wp\/v2\/posts\/10920\/revisions"}],"wp:featuredmedia":[{"embeddable":true,"href":"https:\/\/catalinx.ro\/wordpress\/index.php?rest_route=\/wp\/v2\/media\/10919"}],"wp:attachment":[{"href":"https:\/\/catalinx.ro\/wordpress\/index.php?rest_route=%2Fwp%2Fv2%2Fmedia&parent=10920"}],"wp:term":[{"taxonomy":"category","embeddable":true,"href":"https:\/\/catalinx.ro\/wordpress\/index.php?rest_route=%2Fwp%2Fv2%2Fcategories&post=10920"},{"taxonomy":"post_tag","embeddable":true,"href":"https:\/\/catalinx.ro\/wordpress\/index.php?rest_route=%2Fwp%2Fv2%2Ftags&post=10920"}],"curies":[{"name":"wp","href":"https:\/\/api.w.org\/{rel}","templated":true}]}}