

{"id":11931,"date":"2018-06-07T16:42:08","date_gmt":"2018-06-07T14:42:08","guid":{"rendered":"http:\/\/catalinx.ro\/wordpress\/?p=11931"},"modified":"2018-06-07T16:42:08","modified_gmt":"2018-06-07T14:42:08","slug":"copaci-si-beton","status":"publish","type":"post","link":"https:\/\/catalinx.ro\/wordpress\/?p=11931","title":{"rendered":"Copaci  \u0219i beton"},"content":{"rendered":"<div id=\"fb-root\"><\/div>\n<p>Reminder c\u0103 nu e neap\u0103rat bine s\u0103 faci ce fac \u0219i al\u021bii.<\/p>\n<p>Am v\u0103zut \u00een sector cum a betonat Negoi\u021b\u0103 al II-lea imprejurul copacilor \u0219i mi-a pl\u0103cut cum arat\u0103, am zis \u00een mintea mea c\u0103 a\u0219a ar trebui s\u0103 fac \u0219i eu acas\u0103. C\u0103 dac\u0103 \u0103\u0219tia de la prim\u0103rie fac, or \u0219tii ei ceva.<\/p>\n<p>Acum dou\u0103-trei s\u0103pt\u0103m\u00e2ni s-a rupt unul  de prin zon\u0103. A fost ceva v\u00e2nt, dar nu chiar vijelie.<\/p>\n<p>Asear\u0103 a picat \u0219i vecinul lui pe dou\u0103 ma\u0219ini. Nici m\u0103car nu adia v\u00e2ntul, poate s\u0103 fi str\u0103nutat careva.<\/p>\n<p><img loading=\"lazy\" decoding=\"async\" data-attachment-id=\"11929\" data-permalink=\"https:\/\/catalinx.ro\/wordpress\/?attachment_id=11929\" data-orig-file=\"https:\/\/catalinx.ro\/wordpress\/wp-content\/uploads\/2018\/06\/img_20180606_201146979-01615108820.jpeg\" data-orig-size=\"1651,1411\" data-comments-opened=\"1\" data-image-meta=\"{&quot;aperture&quot;:&quot;0&quot;,&quot;credit&quot;:&quot;&quot;,&quot;camera&quot;:&quot;&quot;,&quot;caption&quot;:&quot;&quot;,&quot;created_timestamp&quot;:&quot;0&quot;,&quot;copyright&quot;:&quot;&quot;,&quot;focal_length&quot;:&quot;0&quot;,&quot;iso&quot;:&quot;0&quot;,&quot;shutter_speed&quot;:&quot;0&quot;,&quot;title&quot;:&quot;&quot;,&quot;orientation&quot;:&quot;0&quot;}\" data-image-title=\"img_20180606_201146979-01615108820.jpeg\" data-image-description=\"\" data-image-caption=\"\" data-medium-file=\"https:\/\/catalinx.ro\/wordpress\/wp-content\/uploads\/2018\/06\/img_20180606_201146979-01615108820-300x256.jpeg\" data-large-file=\"https:\/\/catalinx.ro\/wordpress\/wp-content\/uploads\/2018\/06\/img_20180606_201146979-01615108820-1024x875.jpeg\" src=\"http:\/\/catalinx.ro\/wordpress\/wp-content\/uploads\/2018\/06\/img_20180606_201146979-01615108820.jpeg\" class=\"alignnone wp-image-11929 size-full\" width=\"1651\" height=\"1411\" srcset=\"https:\/\/catalinx.ro\/wordpress\/wp-content\/uploads\/2018\/06\/img_20180606_201146979-01615108820.jpeg 1651w, https:\/\/catalinx.ro\/wordpress\/wp-content\/uploads\/2018\/06\/img_20180606_201146979-01615108820-300x256.jpeg 300w, https:\/\/catalinx.ro\/wordpress\/wp-content\/uploads\/2018\/06\/img_20180606_201146979-01615108820-768x656.jpeg 768w, https:\/\/catalinx.ro\/wordpress\/wp-content\/uploads\/2018\/06\/img_20180606_201146979-01615108820-1024x875.jpeg 1024w\" sizes=\"auto, (max-width: 1651px) 100vw, 1651px\" \/><\/p>\n<p>Acum e cam \u0219tirb\u0103 zona.<\/p>\n<p>Da. Deci nu, acas\u0103 nu facem chiar a\u0219a, g\u0103sim alt\u0103 solu\u021bie, una care s\u0103 plac\u0103 la toat\u0103 lumea.  Se pare c\u0103 pomii nu se \u00eempac\u0103 cu betonul.<\/p>\n","protected":false},"excerpt":{"rendered":"<p>Reminder c\u0103 nu e neap\u0103rat bine s\u0103 faci ce fac \u0219i al\u021bii. Am v\u0103zut \u00een sector cum a betonat Negoi\u021b\u0103 al II-lea imprejurul copacilor \u0219i&hellip;<\/p>\n","protected":false},"author":2,"featured_media":11930,"comment_status":"open","ping_status":"open","sticky":false,"template":"","format":"standard","meta":{"jetpack_post_was_ever_published":false,"_jetpack_newsletter_access":"","_jetpack_dont_email_post_to_subs":false,"_jetpack_newsletter_tier_id":0,"_jetpack_memberships_contains_paywalled_content":false,"_jetpack_memberships_contains_paid_content":false,"footnotes":"","jetpack_publicize_message":"","jetpack_publicize_feature_enabled":true,"jetpack_social_post_already_shared":true,"jetpack_social_options":{"image_generator_settings":{"template":"highway","default_image_id":0,"font":"","enabled":false},"version":2}},"categories":[1244],"tags":[2588,1120,1702,2046],"class_list":["post-11931","post","type-post","status-publish","format-standard","has-post-thumbnail","hentry","category-bucuresti","tag-betoane","tag-copaci","tag-negoita","tag-sector-3"],"views":2217,"jetpack_publicize_connections":[],"jetpack_featured_media_url":"https:\/\/catalinx.ro\/wordpress\/wp-content\/uploads\/2018\/06\/IMG_20180606_201146979-01.jpeg","jetpack_sharing_enabled":true,"jetpack_shortlink":"https:\/\/wp.me\/p4Eq23-36r","jetpack-related-posts":[],"_links":{"self":[{"href":"https:\/\/catalinx.ro\/wordpress\/index.php?rest_route=\/wp\/v2\/posts\/11931","targetHints":{"allow":["GET"]}}],"collection":[{"href":"https:\/\/catalinx.ro\/wordpress\/index.php?rest_route=\/wp\/v2\/posts"}],"about":[{"href":"https:\/\/catalinx.ro\/wordpress\/index.php?rest_route=\/wp\/v2\/types\/post"}],"author":[{"embeddable":true,"href":"https:\/\/catalinx.ro\/wordpress\/index.php?rest_route=\/wp\/v2\/users\/2"}],"replies":[{"embeddable":true,"href":"https:\/\/catalinx.ro\/wordpress\/index.php?rest_route=%2Fwp%2Fv2%2Fcomments&post=11931"}],"version-history":[{"count":0,"href":"https:\/\/catalinx.ro\/wordpress\/index.php?rest_route=\/wp\/v2\/posts\/11931\/revisions"}],"wp:featuredmedia":[{"embeddable":true,"href":"https:\/\/catalinx.ro\/wordpress\/index.php?rest_route=\/wp\/v2\/media\/11930"}],"wp:attachment":[{"href":"https:\/\/catalinx.ro\/wordpress\/index.php?rest_route=%2Fwp%2Fv2%2Fmedia&parent=11931"}],"wp:term":[{"taxonomy":"category","embeddable":true,"href":"https:\/\/catalinx.ro\/wordpress\/index.php?rest_route=%2Fwp%2Fv2%2Fcategories&post=11931"},{"taxonomy":"post_tag","embeddable":true,"href":"https:\/\/catalinx.ro\/wordpress\/index.php?rest_route=%2Fwp%2Fv2%2Ftags&post=11931"}],"curies":[{"name":"wp","href":"https:\/\/api.w.org\/{rel}","templated":true}]}}