

{"id":12137,"date":"2018-06-27T23:17:35","date_gmt":"2018-06-27T21:17:35","guid":{"rendered":"http:\/\/catalinx.ro\/wordpress\/?p=12137"},"modified":"2018-06-27T23:17:35","modified_gmt":"2018-06-27T21:17:35","slug":"greva-din-franta-afecteaza-uk-ul","status":"publish","type":"post","link":"https:\/\/catalinx.ro\/wordpress\/?p=12137","title":{"rendered":"Greva din Fran\u021ba afecteaz\u0103 UK-ul."},"content":{"rendered":"<div id=\"fb-root\"><\/div>\n<p>Sunt pe Wizz \u00eenapoi \u0219i cic\u0103 plec\u0103m cu 20 de minute \u00eent\u00e2rziere c\u0103 e o grev\u0103 a controlorilor de trafic din Fran\u021ba, suntem ( \u00een sudul Londrei) aproape de spa\u021biul aerian al Fran\u021bei, care este, ni se zice, foarte aglomerat, \u0219i cauzeaz\u0103 \u00eent\u00e2rzieri la decolare de pe Gatwick .<\/p>\n<p>Nu \u0219tiu dac\u0103 e a\u0219a sau ne mint \u0103\u0219tia c\u0103 pe fraieri, dar dac\u0103 e, chiar e amuzant.<\/p>\n<p>Uite, francezii \u0219tiu cum s\u0103 fac\u0103 o grev\u0103 ca s\u0103 \u00eencurce chiar pe toat\u0103 lumea :).<\/p>\n","protected":false},"excerpt":{"rendered":"<p>Sunt pe Wizz \u00eenapoi \u0219i cic\u0103 plec\u0103m cu 20 de minute \u00eent\u00e2rziere c\u0103 e o grev\u0103 a controlorilor de trafic din Fran\u021ba, suntem ( \u00een&hellip;<\/p>\n","protected":false},"author":2,"featured_media":12136,"comment_status":"open","ping_status":"open","sticky":false,"template":"","format":"standard","meta":{"jetpack_post_was_ever_published":false,"_jetpack_newsletter_access":"","_jetpack_dont_email_post_to_subs":false,"_jetpack_newsletter_tier_id":0,"_jetpack_memberships_contains_paywalled_content":false,"_jetpack_memberships_contains_paid_content":false,"footnotes":"","jetpack_publicize_message":"","jetpack_publicize_feature_enabled":true,"jetpack_social_post_already_shared":true,"jetpack_social_options":{"image_generator_settings":{"template":"highway","default_image_id":0,"font":"","enabled":false},"version":2}},"categories":[82,1594],"tags":[2623,1654],"class_list":["post-12137","post","type-post","status-publish","format-standard","has-post-thumbnail","hentry","category-prin-lume","category-uk","tag-greva-franta","tag-wizzair"],"views":2191,"jetpack_publicize_connections":[],"jetpack_featured_media_url":"https:\/\/catalinx.ro\/wordpress\/wp-content\/uploads\/2018\/06\/IMG_20180627_221554035_LL-01.jpeg","jetpack_sharing_enabled":true,"jetpack_shortlink":"https:\/\/wp.me\/p4Eq23-39L","jetpack-related-posts":[],"_links":{"self":[{"href":"https:\/\/catalinx.ro\/wordpress\/index.php?rest_route=\/wp\/v2\/posts\/12137","targetHints":{"allow":["GET"]}}],"collection":[{"href":"https:\/\/catalinx.ro\/wordpress\/index.php?rest_route=\/wp\/v2\/posts"}],"about":[{"href":"https:\/\/catalinx.ro\/wordpress\/index.php?rest_route=\/wp\/v2\/types\/post"}],"author":[{"embeddable":true,"href":"https:\/\/catalinx.ro\/wordpress\/index.php?rest_route=\/wp\/v2\/users\/2"}],"replies":[{"embeddable":true,"href":"https:\/\/catalinx.ro\/wordpress\/index.php?rest_route=%2Fwp%2Fv2%2Fcomments&post=12137"}],"version-history":[{"count":0,"href":"https:\/\/catalinx.ro\/wordpress\/index.php?rest_route=\/wp\/v2\/posts\/12137\/revisions"}],"wp:featuredmedia":[{"embeddable":true,"href":"https:\/\/catalinx.ro\/wordpress\/index.php?rest_route=\/wp\/v2\/media\/12136"}],"wp:attachment":[{"href":"https:\/\/catalinx.ro\/wordpress\/index.php?rest_route=%2Fwp%2Fv2%2Fmedia&parent=12137"}],"wp:term":[{"taxonomy":"category","embeddable":true,"href":"https:\/\/catalinx.ro\/wordpress\/index.php?rest_route=%2Fwp%2Fv2%2Fcategories&post=12137"},{"taxonomy":"post_tag","embeddable":true,"href":"https:\/\/catalinx.ro\/wordpress\/index.php?rest_route=%2Fwp%2Fv2%2Ftags&post=12137"}],"curies":[{"name":"wp","href":"https:\/\/api.w.org\/{rel}","templated":true}]}}