

{"id":12271,"date":"2018-07-08T17:13:52","date_gmt":"2018-07-08T15:13:52","guid":{"rendered":"http:\/\/catalinx.ro\/wordpress\/?p=12271"},"modified":"2018-07-08T17:13:52","modified_gmt":"2018-07-08T15:13:52","slug":"o-limonada-in-nancy","status":"publish","type":"post","link":"https:\/\/catalinx.ro\/wordpress\/?p=12271","title":{"rendered":"O limonad\u0103 in Nancy"},"content":{"rendered":"<div id=\"fb-root\"><\/div>\n<p>Arat\u0103 a\u0219a.<\/p>\n<p><img loading=\"lazy\" decoding=\"async\" data-attachment-id=\"12264\" data-permalink=\"https:\/\/catalinx.ro\/wordpress\/?attachment_id=12264\" data-orig-file=\"https:\/\/catalinx.ro\/wordpress\/wp-content\/uploads\/2018\/07\/img_20180708_151908370-01323748937757420374.jpeg\" data-orig-size=\"1172,1920\" data-comments-opened=\"1\" data-image-meta=\"{&quot;aperture&quot;:&quot;0&quot;,&quot;credit&quot;:&quot;&quot;,&quot;camera&quot;:&quot;&quot;,&quot;caption&quot;:&quot;&quot;,&quot;created_timestamp&quot;:&quot;0&quot;,&quot;copyright&quot;:&quot;&quot;,&quot;focal_length&quot;:&quot;0&quot;,&quot;iso&quot;:&quot;0&quot;,&quot;shutter_speed&quot;:&quot;0&quot;,&quot;title&quot;:&quot;&quot;,&quot;orientation&quot;:&quot;0&quot;}\" data-image-title=\"img_20180708_151908370-01323748937757420374.jpeg\" data-image-description=\"\" data-image-caption=\"\" data-medium-file=\"https:\/\/catalinx.ro\/wordpress\/wp-content\/uploads\/2018\/07\/img_20180708_151908370-01323748937757420374-183x300.jpeg\" data-large-file=\"https:\/\/catalinx.ro\/wordpress\/wp-content\/uploads\/2018\/07\/img_20180708_151908370-01323748937757420374-625x1024.jpeg\" class=\"wp-image-12264 alignnone size-full\" src=\"http:\/\/catalinx.ro\/wordpress\/wp-content\/uploads\/2018\/07\/img_20180708_151908370-01323748937757420374.jpeg\" width=\"1172\" height=\"1920\" data-temp-aztec-id=\"1fd790c9-5ace-4fef-93de-6cb732f02aae\" srcset=\"https:\/\/catalinx.ro\/wordpress\/wp-content\/uploads\/2018\/07\/img_20180708_151908370-01323748937757420374.jpeg 1172w, https:\/\/catalinx.ro\/wordpress\/wp-content\/uploads\/2018\/07\/img_20180708_151908370-01323748937757420374-183x300.jpeg 183w, https:\/\/catalinx.ro\/wordpress\/wp-content\/uploads\/2018\/07\/img_20180708_151908370-01323748937757420374-768x1258.jpeg 768w, https:\/\/catalinx.ro\/wordpress\/wp-content\/uploads\/2018\/07\/img_20180708_151908370-01323748937757420374-625x1024.jpeg 625w\" sizes=\"auto, (max-width: 1172px) 100vw, 1172px\" \/><\/p>\n<p>Noi venisem propu\u0219i s\u0103 m\u00e2nc\u0103m, s\u0103 bem un vin bun, dezm\u0103\u021b \u00eenainte de concert. C\u0103 asear\u0103 , \u00een Baden-Baden .<\/p>\n<p>Puteam s\u0103 m\u00e2nc\u0103m \u00een Strasbourg, unde erau  peisaje, vedere, restaurante mi\u0219to, alea, dar nu ne fu foame.<\/p>\n<p>Acuma ne este. \u00cenc\u0103. 15:15.<\/p>\n<p>Nancy e a\u0219a \u0219i a\u0219a. Adic\u0103 \u00een centrul istoric , UNESCO heritage and shit , e frumos.<\/p>\n<p>Fuser\u0103m in pia\u021ba Stanislas \u0219i zic: b\u0103i, hai s\u0103 nu m\u00e2nc\u0103m aici la tourist traps, hai pe str\u0103du\u021be.<\/p>\n<p>Hai. \u0218i \u00eemi t\u00e2r\u00e2i eu doamna pe toate str\u0103du\u021bele, g\u0103sir\u0103m ceva mi\u0219to, perfect, hai s\u0103 ne a\u0219ez\u0103m, ba mai bine hai s\u0103 nu c\u0103 chelneri\u021ba vrea s\u0103 \u00eenchid\u0103 c\u0103 au terminat serviciul la 2:00. E 2:30 , are dreptate. C\u00e2nd deschide? Mar\u021bi. Ok, am s\u0103 o sun pe Julia s\u0103-i spun s\u0103 am\u00e2ne concertul p\u00e2n\u0103 mar\u021bi, \u00eemi mai iau dou\u0103 zile libere, mut zborul \u0219i se rezolv\u0103. Sau \u00eencerc la alt\u0103 teras\u0103.<\/p>\n<p>&#8211; S\u0103 \u0219ti\u021bi c\u0103 toate terasele de pe strada asta se \u00eenchid, merge\u021bi mai bine in pia\u021ba Stanislas, pute\u021bi m\u00e2nca acolo la orice or\u0103, zice duduia.<\/p>\n<p>Mai incercam la una unde scria c\u0103 e plin \u0219i c\u0103 ne a\u0219teapt\u0103 alt\u0103 dat\u0103. Ok, deci chiar trebuie s\u0103 vorbesc s\u0103 am\u00e2ne concertul. Hai la tourist traps. Acolo, cum te-ai a\u0219tepta, numa&#8217; rebuturi, pizzerii , cl\u0103tit\u0103rii, cafenele \u0219i locuri unde cea mai reu\u0219it\u0103 chestie e o salat\u0103 Cesar. S\u0103 moar\u0103 toat\u0103 Fran\u021ba, c\u0103 io nu am venit \u00een Nancy s\u0103 m\u0103n\u00e2nc &#x1f355; fast food.<\/p>\n<p><img loading=\"lazy\" decoding=\"async\" data-attachment-id=\"12270\" data-permalink=\"https:\/\/catalinx.ro\/wordpress\/?attachment_id=12270\" data-orig-file=\"https:\/\/catalinx.ro\/wordpress\/wp-content\/uploads\/2018\/07\/img_20180708_151953970-014812488595988722486.jpeg\" data-orig-size=\"1920,1440\" data-comments-opened=\"1\" data-image-meta=\"{&quot;aperture&quot;:&quot;0&quot;,&quot;credit&quot;:&quot;&quot;,&quot;camera&quot;:&quot;&quot;,&quot;caption&quot;:&quot;&quot;,&quot;created_timestamp&quot;:&quot;0&quot;,&quot;copyright&quot;:&quot;&quot;,&quot;focal_length&quot;:&quot;0&quot;,&quot;iso&quot;:&quot;0&quot;,&quot;shutter_speed&quot;:&quot;0&quot;,&quot;title&quot;:&quot;&quot;,&quot;orientation&quot;:&quot;0&quot;}\" data-image-title=\"img_20180708_151953970-014812488595988722486.jpeg\" data-image-description=\"\" data-image-caption=\"\" data-medium-file=\"https:\/\/catalinx.ro\/wordpress\/wp-content\/uploads\/2018\/07\/img_20180708_151953970-014812488595988722486-300x225.jpeg\" data-large-file=\"https:\/\/catalinx.ro\/wordpress\/wp-content\/uploads\/2018\/07\/img_20180708_151953970-014812488595988722486-1024x768.jpeg\" src=\"http:\/\/catalinx.ro\/wordpress\/wp-content\/uploads\/2018\/07\/img_20180708_151953970-014812488595988722486.jpeg\" class=\"wp-image-12270 alignnone size-full\" width=\"1920\" height=\"1440\" srcset=\"https:\/\/catalinx.ro\/wordpress\/wp-content\/uploads\/2018\/07\/img_20180708_151953970-014812488595988722486.jpeg 1920w, https:\/\/catalinx.ro\/wordpress\/wp-content\/uploads\/2018\/07\/img_20180708_151953970-014812488595988722486-300x225.jpeg 300w, https:\/\/catalinx.ro\/wordpress\/wp-content\/uploads\/2018\/07\/img_20180708_151953970-014812488595988722486-768x576.jpeg 768w, https:\/\/catalinx.ro\/wordpress\/wp-content\/uploads\/2018\/07\/img_20180708_151953970-014812488595988722486-1024x768.jpeg 1024w\" sizes=\"auto, (max-width: 1920px) 100vw, 1920px\" \/><\/p>\n<p>In col\u021bul pie\u021bei, la sf\u00e2r\u0219itul P\u0103m\u00e2ntului, g\u0103si Grand Cafee Foy, care serveau &#8220;ceva&#8221; , unde so\u021bia \u00ee\u0219i comand\u0103 neinspirat o &#8220;limonad\u0103&#8221; , iar eu fusei nevoit sa iau o &#x1f37a;, dar nu chiar halb\u0103 , ci pahar de bere. Arat\u0103 \u0219i are gust de brifcor; Bier Blanche din Grand Caf\u00e9 du merd. C\u0103 pula vin. Uite-te \u0219i tu, cafe-restaurant in Fran\u021ba f\u0103r\u0103 vin.<\/p>\n<p><img loading=\"lazy\" decoding=\"async\" data-attachment-id=\"12266\" data-permalink=\"https:\/\/catalinx.ro\/wordpress\/?attachment_id=12266\" data-orig-file=\"https:\/\/catalinx.ro\/wordpress\/wp-content\/uploads\/2018\/07\/img_20180708_152018834-022467695966819769841.jpeg\" data-orig-size=\"1440,1920\" data-comments-opened=\"1\" data-image-meta=\"{&quot;aperture&quot;:&quot;0&quot;,&quot;credit&quot;:&quot;&quot;,&quot;camera&quot;:&quot;&quot;,&quot;caption&quot;:&quot;&quot;,&quot;created_timestamp&quot;:&quot;0&quot;,&quot;copyright&quot;:&quot;&quot;,&quot;focal_length&quot;:&quot;0&quot;,&quot;iso&quot;:&quot;0&quot;,&quot;shutter_speed&quot;:&quot;0&quot;,&quot;title&quot;:&quot;&quot;,&quot;orientation&quot;:&quot;0&quot;}\" data-image-title=\"img_20180708_152018834-022467695966819769841.jpeg\" data-image-description=\"\" data-image-caption=\"\" data-medium-file=\"https:\/\/catalinx.ro\/wordpress\/wp-content\/uploads\/2018\/07\/img_20180708_152018834-022467695966819769841-225x300.jpeg\" data-large-file=\"https:\/\/catalinx.ro\/wordpress\/wp-content\/uploads\/2018\/07\/img_20180708_152018834-022467695966819769841-768x1024.jpeg\" class=\"wp-image-12266 alignnone size-full\" src=\"http:\/\/catalinx.ro\/wordpress\/wp-content\/uploads\/2018\/07\/img_20180708_152018834-022467695966819769841.jpeg\" width=\"1440\" height=\"1920\" srcset=\"https:\/\/catalinx.ro\/wordpress\/wp-content\/uploads\/2018\/07\/img_20180708_152018834-022467695966819769841.jpeg 1440w, https:\/\/catalinx.ro\/wordpress\/wp-content\/uploads\/2018\/07\/img_20180708_152018834-022467695966819769841-225x300.jpeg 225w, https:\/\/catalinx.ro\/wordpress\/wp-content\/uploads\/2018\/07\/img_20180708_152018834-022467695966819769841-768x1024.jpeg 768w\" sizes=\"auto, (max-width: 1440px) 100vw, 1440px\" \/><\/p>\n<p>Macar de haleu so\u021bia fu mai inspirat\u0103 \u0219i \u00eei f\u0103cur\u0103 aia un antricot de vit\u0103 reu\u0219it. Eu, ca mereu, comandai ceva ce nici nu \u0219tiam ce dracu&#8217; e \u0219i a\u0219a mi-o \u0219i furai.<\/p>\n<p><img loading=\"lazy\" decoding=\"async\" data-attachment-id=\"12267\" data-permalink=\"https:\/\/catalinx.ro\/wordpress\/?attachment_id=12267\" data-orig-file=\"https:\/\/catalinx.ro\/wordpress\/wp-content\/uploads\/2018\/07\/img_20180708_1532128991866330509354535618.jpg\" data-orig-size=\"1500,2000\" data-comments-opened=\"1\" data-image-meta=\"{&quot;aperture&quot;:&quot;0&quot;,&quot;credit&quot;:&quot;&quot;,&quot;camera&quot;:&quot;&quot;,&quot;caption&quot;:&quot;&quot;,&quot;created_timestamp&quot;:&quot;0&quot;,&quot;copyright&quot;:&quot;&quot;,&quot;focal_length&quot;:&quot;0&quot;,&quot;iso&quot;:&quot;0&quot;,&quot;shutter_speed&quot;:&quot;0&quot;,&quot;title&quot;:&quot;&quot;,&quot;orientation&quot;:&quot;0&quot;}\" data-image-title=\"img_20180708_1532128991866330509354535618.jpg\" data-image-description=\"\" data-image-caption=\"\" data-medium-file=\"https:\/\/catalinx.ro\/wordpress\/wp-content\/uploads\/2018\/07\/img_20180708_1532128991866330509354535618-225x300.jpg\" data-large-file=\"https:\/\/catalinx.ro\/wordpress\/wp-content\/uploads\/2018\/07\/img_20180708_1532128991866330509354535618-768x1024.jpg\" class=\"wp-image-12267 alignnone size-full\" src=\"http:\/\/catalinx.ro\/wordpress\/wp-content\/uploads\/2018\/07\/img_20180708_1532128991866330509354535618.jpg\" width=\"1500\" height=\"2000\" data-temp-aztec-id=\"0a66fc25-6219-49af-a8f6-b650cfe5b224\" srcset=\"https:\/\/catalinx.ro\/wordpress\/wp-content\/uploads\/2018\/07\/img_20180708_1532128991866330509354535618.jpg 1500w, https:\/\/catalinx.ro\/wordpress\/wp-content\/uploads\/2018\/07\/img_20180708_1532128991866330509354535618-225x300.jpg 225w, https:\/\/catalinx.ro\/wordpress\/wp-content\/uploads\/2018\/07\/img_20180708_1532128991866330509354535618-768x1024.jpg 768w\" sizes=\"auto, (max-width: 1500px) 100vw, 1500px\" \/><\/p>\n<p>Pe\u0219te cu gust de peste fiert, conopida, dovlecel \u0219i broccoli cu gust de pe\u0219te fiert; primele dou\u0103, c\u0103 nu m\u0103n\u00e2nc chiar broccoli, nici chiar a\u0219a. En fin,<\/p>\n<p>Macar o \u00eenghe\u021bat\u0103 mojito, s\u0103 uit de toate, fu mai \u00een felul ei, c\u0103 dac\u0103 \u0103\u0219tia nu au cine \u0219tie ce de halit \u0219i de b\u0103ut, m\u0103car se mi\u0219c\u0103 lent ca s\u0103 compenseze .<\/p>\n<p><img loading=\"lazy\" decoding=\"async\" data-attachment-id=\"12268\" data-permalink=\"https:\/\/catalinx.ro\/wordpress\/?attachment_id=12268\" data-orig-file=\"https:\/\/catalinx.ro\/wordpress\/wp-content\/uploads\/2018\/07\/img_20180708_160346418_hdr-015373062939981165055.jpeg\" data-orig-size=\"1440,1920\" data-comments-opened=\"1\" data-image-meta=\"{&quot;aperture&quot;:&quot;0&quot;,&quot;credit&quot;:&quot;&quot;,&quot;camera&quot;:&quot;&quot;,&quot;caption&quot;:&quot;&quot;,&quot;created_timestamp&quot;:&quot;0&quot;,&quot;copyright&quot;:&quot;&quot;,&quot;focal_length&quot;:&quot;0&quot;,&quot;iso&quot;:&quot;0&quot;,&quot;shutter_speed&quot;:&quot;0&quot;,&quot;title&quot;:&quot;&quot;,&quot;orientation&quot;:&quot;0&quot;}\" data-image-title=\"img_20180708_160346418_hdr-015373062939981165055.jpeg\" data-image-description=\"\" data-image-caption=\"\" data-medium-file=\"https:\/\/catalinx.ro\/wordpress\/wp-content\/uploads\/2018\/07\/img_20180708_160346418_hdr-015373062939981165055-225x300.jpeg\" data-large-file=\"https:\/\/catalinx.ro\/wordpress\/wp-content\/uploads\/2018\/07\/img_20180708_160346418_hdr-015373062939981165055-768x1024.jpeg\" src=\"http:\/\/catalinx.ro\/wordpress\/wp-content\/uploads\/2018\/07\/img_20180708_160346418_hdr-015373062939981165055.jpeg\" class=\"wp-image-12268 alignnone size-full\" width=\"1440\" height=\"1920\" srcset=\"https:\/\/catalinx.ro\/wordpress\/wp-content\/uploads\/2018\/07\/img_20180708_160346418_hdr-015373062939981165055.jpeg 1440w, https:\/\/catalinx.ro\/wordpress\/wp-content\/uploads\/2018\/07\/img_20180708_160346418_hdr-015373062939981165055-225x300.jpeg 225w, https:\/\/catalinx.ro\/wordpress\/wp-content\/uploads\/2018\/07\/img_20180708_160346418_hdr-015373062939981165055-768x1024.jpeg 768w\" sizes=\"auto, (max-width: 1440px) 100vw, 1440px\" \/><\/p>\n<p>\u0218i m\u0103 uitam a\u0219a pe geam \u0219i m\u0103 g\u00e2ndeam la campionatul mondial \u0219i cum sper s\u0103 aib\u0103. Fran\u021ba soarta Belgiei \u0219i s\u0103 \u00eei bat\u0103 \u0103ia, futu-le muma-n cur, s\u0103 \u00eei trimit\u0103 pachet acas\u0103 s\u0103-i v\u0103d pe to\u021bi c\u0103c\u0103n\u0103rii \u0103\u0219tia \u00een doliu \u0219i suferin\u021b\u0103.<\/p>\n<p><img loading=\"lazy\" decoding=\"async\" data-attachment-id=\"12269\" data-permalink=\"https:\/\/catalinx.ro\/wordpress\/?attachment_id=12269\" data-orig-file=\"https:\/\/catalinx.ro\/wordpress\/wp-content\/uploads\/2018\/07\/img_20180708_152402281_hdr-018769745991673413226.jpeg\" data-orig-size=\"1440,1920\" data-comments-opened=\"1\" data-image-meta=\"{&quot;aperture&quot;:&quot;0&quot;,&quot;credit&quot;:&quot;&quot;,&quot;camera&quot;:&quot;&quot;,&quot;caption&quot;:&quot;&quot;,&quot;created_timestamp&quot;:&quot;0&quot;,&quot;copyright&quot;:&quot;&quot;,&quot;focal_length&quot;:&quot;0&quot;,&quot;iso&quot;:&quot;0&quot;,&quot;shutter_speed&quot;:&quot;0&quot;,&quot;title&quot;:&quot;&quot;,&quot;orientation&quot;:&quot;0&quot;}\" data-image-title=\"img_20180708_152402281_hdr-018769745991673413226.jpeg\" data-image-description=\"\" data-image-caption=\"\" data-medium-file=\"https:\/\/catalinx.ro\/wordpress\/wp-content\/uploads\/2018\/07\/img_20180708_152402281_hdr-018769745991673413226-225x300.jpeg\" data-large-file=\"https:\/\/catalinx.ro\/wordpress\/wp-content\/uploads\/2018\/07\/img_20180708_152402281_hdr-018769745991673413226-768x1024.jpeg\" src=\"http:\/\/catalinx.ro\/wordpress\/wp-content\/uploads\/2018\/07\/img_20180708_152402281_hdr-018769745991673413226.jpeg\" class=\"wp-image-12269 alignnone size-full\" width=\"1440\" height=\"1920\" srcset=\"https:\/\/catalinx.ro\/wordpress\/wp-content\/uploads\/2018\/07\/img_20180708_152402281_hdr-018769745991673413226.jpeg 1440w, https:\/\/catalinx.ro\/wordpress\/wp-content\/uploads\/2018\/07\/img_20180708_152402281_hdr-018769745991673413226-225x300.jpeg 225w, https:\/\/catalinx.ro\/wordpress\/wp-content\/uploads\/2018\/07\/img_20180708_152402281_hdr-018769745991673413226-768x1024.jpeg 768w\" sizes=\"auto, (max-width: 1440px) 100vw, 1440px\" \/><\/p>\n<p>Allez, le &#8211; cum s-or numi belgienii \u0103ia.<\/p>\n","protected":false},"excerpt":{"rendered":"<p>Arat\u0103 a\u0219a. Noi venisem propu\u0219i s\u0103 m\u00e2nc\u0103m, s\u0103 bem un vin bun, dezm\u0103\u021b \u00eenainte de concert. C\u0103 asear\u0103 , \u00een Baden-Baden . Puteam s\u0103 m\u00e2nc\u0103m&hellip;<\/p>\n","protected":false},"author":2,"featured_media":12264,"comment_status":"open","ping_status":"open","sticky":false,"template":"","format":"standard","meta":{"jetpack_post_was_ever_published":false,"_jetpack_newsletter_access":"","_jetpack_dont_email_post_to_subs":false,"_jetpack_newsletter_tier_id":0,"_jetpack_memberships_contains_paywalled_content":false,"_jetpack_memberships_contains_paid_content":false,"footnotes":"","jetpack_publicize_message":"","jetpack_publicize_feature_enabled":true,"jetpack_social_post_already_shared":true,"jetpack_social_options":{"image_generator_settings":{"template":"highway","default_image_id":0,"font":"","enabled":false},"version":2}},"categories":[82],"tags":[2658,2659],"class_list":["post-12271","post","type-post","status-publish","format-standard","has-post-thumbnail","hentry","category-prin-lume","tag-france","tag-nancy"],"views":1535,"jetpack_publicize_connections":[],"jetpack_featured_media_url":"https:\/\/catalinx.ro\/wordpress\/wp-content\/uploads\/2018\/07\/img_20180708_151908370-01323748937757420374.jpeg","jetpack_sharing_enabled":true,"jetpack_shortlink":"https:\/\/wp.me\/p4Eq23-3bV","jetpack-related-posts":[],"_links":{"self":[{"href":"https:\/\/catalinx.ro\/wordpress\/index.php?rest_route=\/wp\/v2\/posts\/12271","targetHints":{"allow":["GET"]}}],"collection":[{"href":"https:\/\/catalinx.ro\/wordpress\/index.php?rest_route=\/wp\/v2\/posts"}],"about":[{"href":"https:\/\/catalinx.ro\/wordpress\/index.php?rest_route=\/wp\/v2\/types\/post"}],"author":[{"embeddable":true,"href":"https:\/\/catalinx.ro\/wordpress\/index.php?rest_route=\/wp\/v2\/users\/2"}],"replies":[{"embeddable":true,"href":"https:\/\/catalinx.ro\/wordpress\/index.php?rest_route=%2Fwp%2Fv2%2Fcomments&post=12271"}],"version-history":[{"count":0,"href":"https:\/\/catalinx.ro\/wordpress\/index.php?rest_route=\/wp\/v2\/posts\/12271\/revisions"}],"wp:featuredmedia":[{"embeddable":true,"href":"https:\/\/catalinx.ro\/wordpress\/index.php?rest_route=\/wp\/v2\/media\/12264"}],"wp:attachment":[{"href":"https:\/\/catalinx.ro\/wordpress\/index.php?rest_route=%2Fwp%2Fv2%2Fmedia&parent=12271"}],"wp:term":[{"taxonomy":"category","embeddable":true,"href":"https:\/\/catalinx.ro\/wordpress\/index.php?rest_route=%2Fwp%2Fv2%2Fcategories&post=12271"},{"taxonomy":"post_tag","embeddable":true,"href":"https:\/\/catalinx.ro\/wordpress\/index.php?rest_route=%2Fwp%2Fv2%2Ftags&post=12271"}],"curies":[{"name":"wp","href":"https:\/\/api.w.org\/{rel}","templated":true}]}}