

{"id":12350,"date":"2018-07-13T13:03:30","date_gmt":"2018-07-13T11:03:30","guid":{"rendered":"http:\/\/catalinx.ro\/wordpress\/?p=12350"},"modified":"2018-07-13T13:04:07","modified_gmt":"2018-07-13T11:04:07","slug":"ultrascurt-gdpr-episodul-5","status":"publish","type":"post","link":"https:\/\/catalinx.ro\/wordpress\/?p=12350","title":{"rendered":"Ultrascurt: GDPR episodul 5"},"content":{"rendered":"<div id=\"fb-root\"><\/div>\n<p>Pe siteul asta obi\u0219nuiam s\u0103 citesc.<\/p>\n<p><a href=\"http:\/\/catalinx.ro\/wordpress\/wp-content\/uploads\/2018\/07\/CD_GDPR.png\"><img loading=\"lazy\" decoding=\"async\" data-attachment-id=\"12351\" data-permalink=\"https:\/\/catalinx.ro\/wordpress\/?attachment_id=12351#main\" data-orig-file=\"https:\/\/catalinx.ro\/wordpress\/wp-content\/uploads\/2018\/07\/CD_GDPR.png\" data-orig-size=\"892,290\" data-comments-opened=\"1\" data-image-meta=\"{&quot;aperture&quot;:&quot;0&quot;,&quot;credit&quot;:&quot;&quot;,&quot;camera&quot;:&quot;&quot;,&quot;caption&quot;:&quot;&quot;,&quot;created_timestamp&quot;:&quot;0&quot;,&quot;copyright&quot;:&quot;&quot;,&quot;focal_length&quot;:&quot;0&quot;,&quot;iso&quot;:&quot;0&quot;,&quot;shutter_speed&quot;:&quot;0&quot;,&quot;title&quot;:&quot;&quot;,&quot;orientation&quot;:&quot;0&quot;}\" data-image-title=\"C&amp;#038;D_GDPR\" data-image-description=\"\" data-image-caption=\"\" data-medium-file=\"https:\/\/catalinx.ro\/wordpress\/wp-content\/uploads\/2018\/07\/CD_GDPR-300x98.png\" data-large-file=\"https:\/\/catalinx.ro\/wordpress\/wp-content\/uploads\/2018\/07\/CD_GDPR.png\" class=\"alignnone wp-image-12351 size-full\" src=\"http:\/\/catalinx.ro\/wordpress\/wp-content\/uploads\/2018\/07\/CD_GDPR.png\" alt=\"\" width=\"892\" height=\"290\" srcset=\"https:\/\/catalinx.ro\/wordpress\/wp-content\/uploads\/2018\/07\/CD_GDPR.png 892w, https:\/\/catalinx.ro\/wordpress\/wp-content\/uploads\/2018\/07\/CD_GDPR-300x98.png 300w, https:\/\/catalinx.ro\/wordpress\/wp-content\/uploads\/2018\/07\/CD_GDPR-768x250.png 768w\" sizes=\"auto, (max-width: 892px) 100vw, 892px\" \/><\/a><\/p>\n<p>Nu ca acuma nu mai pot, dar dac\u0103 ar fi pe cinstitelea, n-a\u0219 mai putea.<\/p>\n<p>Mai sunt \u0219i altele, preponderent americane ( dar nu am eu treaba cu ele) , care-au hotarat c\u0103, b\u0103, \u0219ti\u021bi ce? Noi nu prea avem nimic de v\u00e2ndut c\u0103tre s\u0103racii \u0103ia <em>du<\/em> peste balt\u0103, a\u0219a c\u0103 mai d\u0103-i \u00een pula noastr\u0103 cu fi\u021bele lor. Just. GDPR era vorba s\u0103 \u00eei fut\u0103 pe \u0103ia care-\u021bi fur\u0103 sufletul \u0219i \u021bi-l v\u00e2nd mai departe, da&#8217; \u0103ia sunt ok, \u0103ia \u0219i-au pus toate bannerele, toate formularele \u0219i ce c\u0103caturi mai au nevoie c\u00e2nd \u00ee\u021bi traficheaz\u0103 organele virtuale.<\/p>\n<p>Oh, well, nu poate fi totul perfect.<\/p>\n<p>&nbsp;<\/p>\n","protected":false},"excerpt":{"rendered":"<p>Pe siteul asta obi\u0219nuiam s\u0103 citesc. Nu ca acuma nu mai pot, dar dac\u0103 ar fi pe cinstitelea, n-a\u0219 mai putea. Mai sunt \u0219i altele,&hellip;<\/p>\n","protected":false},"author":2,"featured_media":10508,"comment_status":"open","ping_status":"open","sticky":false,"template":"","format":"standard","meta":{"jetpack_post_was_ever_published":false,"_jetpack_newsletter_access":"","_jetpack_dont_email_post_to_subs":false,"_jetpack_newsletter_tier_id":0,"_jetpack_memberships_contains_paywalled_content":false,"_jetpack_memberships_contains_paid_content":false,"footnotes":"","jetpack_publicize_message":"","jetpack_publicize_feature_enabled":true,"jetpack_social_post_already_shared":true,"jetpack_social_options":{"image_generator_settings":{"template":"highway","default_image_id":0,"font":"","enabled":false},"version":2}},"categories":[7,744,170],"tags":[2671,2375,2672],"class_list":["post-12350","post","type-post","status-publish","format-standard","has-post-thumbnail","hentry","category-administrare-it","category-law-and-order","category-politice","tag-car-and-driver","tag-gdpr","tag-siteuri-blocate-pentru-europa"],"views":2870,"jetpack_publicize_connections":[],"jetpack_featured_media_url":"https:\/\/catalinx.ro\/wordpress\/wp-content\/uploads\/2018\/02\/DWO-Wasse-Stress-en-Europe.jpg","jetpack_sharing_enabled":true,"jetpack_shortlink":"https:\/\/wp.me\/p4Eq23-3dc","jetpack-related-posts":[],"_links":{"self":[{"href":"https:\/\/catalinx.ro\/wordpress\/index.php?rest_route=\/wp\/v2\/posts\/12350","targetHints":{"allow":["GET"]}}],"collection":[{"href":"https:\/\/catalinx.ro\/wordpress\/index.php?rest_route=\/wp\/v2\/posts"}],"about":[{"href":"https:\/\/catalinx.ro\/wordpress\/index.php?rest_route=\/wp\/v2\/types\/post"}],"author":[{"embeddable":true,"href":"https:\/\/catalinx.ro\/wordpress\/index.php?rest_route=\/wp\/v2\/users\/2"}],"replies":[{"embeddable":true,"href":"https:\/\/catalinx.ro\/wordpress\/index.php?rest_route=%2Fwp%2Fv2%2Fcomments&post=12350"}],"version-history":[{"count":2,"href":"https:\/\/catalinx.ro\/wordpress\/index.php?rest_route=\/wp\/v2\/posts\/12350\/revisions"}],"predecessor-version":[{"id":12353,"href":"https:\/\/catalinx.ro\/wordpress\/index.php?rest_route=\/wp\/v2\/posts\/12350\/revisions\/12353"}],"wp:featuredmedia":[{"embeddable":true,"href":"https:\/\/catalinx.ro\/wordpress\/index.php?rest_route=\/wp\/v2\/media\/10508"}],"wp:attachment":[{"href":"https:\/\/catalinx.ro\/wordpress\/index.php?rest_route=%2Fwp%2Fv2%2Fmedia&parent=12350"}],"wp:term":[{"taxonomy":"category","embeddable":true,"href":"https:\/\/catalinx.ro\/wordpress\/index.php?rest_route=%2Fwp%2Fv2%2Fcategories&post=12350"},{"taxonomy":"post_tag","embeddable":true,"href":"https:\/\/catalinx.ro\/wordpress\/index.php?rest_route=%2Fwp%2Fv2%2Ftags&post=12350"}],"curies":[{"name":"wp","href":"https:\/\/api.w.org\/{rel}","templated":true}]}}