

{"id":12802,"date":"2018-08-18T10:00:29","date_gmt":"2018-08-18T08:00:29","guid":{"rendered":"http:\/\/catalinx.ro\/wordpress\/?p=12802"},"modified":"2018-08-18T10:19:52","modified_gmt":"2018-08-18T08:19:52","slug":"io-si-increderea-mea-oarba-emag-si-storcatorul-de-fructe","status":"publish","type":"post","link":"https:\/\/catalinx.ro\/wordpress\/?p=12802","title":{"rendered":"Io \u0219i \u00eencrederea mea oarb\u0103: eMag \u0219i storc\u0103torul de fructe."},"content":{"rendered":"<div id=\"fb-root\"><\/div>\n<p>Aveam un storc\u0103cios de fructe cump\u0103rat nu chiar ieftin din Auchan, de la raionul de electrocasnice de calitate \u00eendoielnic\u0103. Produsul se numea Singer (ca ma\u0219ina de cusut ) \u0219i era nem\u021besc made in China c\u00e2t cuprinde.<\/p>\n<p>A \u021binut el vreo trei ani, lipit pe toate p\u0103r\u021bile, dar s\u0103 nu dea dracu s\u0103 cump\u0103ra\u021bi a\u0219a ceva.<\/p>\n<p><img loading=\"lazy\" decoding=\"async\" data-attachment-id=\"12798\" data-permalink=\"https:\/\/catalinx.ro\/wordpress\/?attachment_id=12798\" data-orig-file=\"https:\/\/catalinx.ro\/wordpress\/wp-content\/uploads\/2018\/08\/img179109_27022012104435_0_450x450_vs1q6275629390604234528.jpg\" data-orig-size=\"450,450\" data-comments-opened=\"1\" data-image-meta=\"{&quot;aperture&quot;:&quot;0&quot;,&quot;credit&quot;:&quot;&quot;,&quot;camera&quot;:&quot;&quot;,&quot;caption&quot;:&quot;&quot;,&quot;created_timestamp&quot;:&quot;0&quot;,&quot;copyright&quot;:&quot;&quot;,&quot;focal_length&quot;:&quot;0&quot;,&quot;iso&quot;:&quot;0&quot;,&quot;shutter_speed&quot;:&quot;0&quot;,&quot;title&quot;:&quot;&quot;,&quot;orientation&quot;:&quot;0&quot;}\" data-image-title=\"img179109_27022012104435_0_450x450_vs1q6275629390604234528.jpg\" data-image-description=\"\" data-image-caption=\"\" data-large-file=\"https:\/\/catalinx.ro\/wordpress\/wp-content\/uploads\/2018\/08\/img179109_27022012104435_0_450x450_vs1q6275629390604234528.jpg\" class=\"wp-image-12798 alignnone size-full\" src=\"http:\/\/catalinx.ro\/wordpress\/wp-content\/uploads\/2018\/08\/img179109_27022012104435_0_450x450_vs1q6275629390604234528.jpg\" width=\"450\" height=\"450\" srcset=\"https:\/\/catalinx.ro\/wordpress\/wp-content\/uploads\/2018\/08\/img179109_27022012104435_0_450x450_vs1q6275629390604234528.jpg 450w, https:\/\/catalinx.ro\/wordpress\/wp-content\/uploads\/2018\/08\/img179109_27022012104435_0_450x450_vs1q6275629390604234528-150x150.jpg 150w, https:\/\/catalinx.ro\/wordpress\/wp-content\/uploads\/2018\/08\/img179109_27022012104435_0_450x450_vs1q6275629390604234528-300x300.jpg 300w\" sizes=\"auto, (max-width: 450px) 100vw, 450px\" \/><\/p>\n<p>Anul trecut am sc\u0103pat plastic\u0103raiele alea dup\u0103 ce le-am sp\u0103lat \u0219i s-a dus pulii de suflet, a devenit ireparabil \u0219i l-am aruncat. Anul \u0103sta am zis c\u0103 iau altul mai bun. S\u0103 am, c\u0103 vine toamna, s\u0103 fac \u0219i eu un suc de o fruct\u0103.<\/p>\n<p>G\u0103sisem unul de la Oursson mi\u0219to, dar cam scump \u0103sta, era pe la 140 de euro pe Amazon, ce noroc pe mine c\u0103 l-am g\u0103sit mai ieftin cu vreo 20 de euro pe eMag, iar pentru mine banii <i>vorbe\u0219te<\/i>.<\/p>\n<p>Drept care l-am cump\u0103rat . Am avut treab\u0103 \u00eentr-o zi in Bucure\u0219ti \u0219i l-am ridicat din showroom. Era aglomera\u021bie \u0219i nu mi l-au testat, c\u0103 &#8220;ave\u021bi dreptul s\u0103 \u00eel returna\u021bi \u00een 30 de zile.&#8221; B\u0103, e corect. Nimic de zis. Doar c\u0103 eu am prostul obicei s\u0103 las ce cump\u0103r \u00een cutii p\u00e2n\u0103 \u00een ziua c\u00e2nd chiar am nevoie s\u0103 \u00eel folosesc, c\u0103 merg pe \u00eencredere, c\u0103 nu are cum s\u0103 fie stricat. Au \u0103\u0219tia QC . A\u0219a cred eu c\u0103 toate lucrurile merg &#8220;linie&#8221;.<\/p>\n<p>A\u0219a \u0219i acum . A trecut deja o lun\u0103 , azi voiam sa fac suc de mere. Am sp\u0103lat sticle, am tocat merele , am asamblat m\u0103g\u0103oaia dup\u0103 ce am cl\u0103tit-o un pic, am b\u0103gat-o \u00een priz\u0103 \u0219i pula. Nu benzine\u0219te, nu sc\u00e2nteie\u0219te.<\/p>\n<p><img loading=\"lazy\" decoding=\"async\" data-attachment-id=\"12799\" data-permalink=\"https:\/\/catalinx.ro\/wordpress\/?attachment_id=12799\" data-orig-file=\"https:\/\/catalinx.ro\/wordpress\/wp-content\/uploads\/2018\/08\/img_20180818_100637601-018258024159729168652.jpeg\" data-orig-size=\"1440,1920\" data-comments-opened=\"1\" data-image-meta=\"{&quot;aperture&quot;:&quot;0&quot;,&quot;credit&quot;:&quot;&quot;,&quot;camera&quot;:&quot;&quot;,&quot;caption&quot;:&quot;&quot;,&quot;created_timestamp&quot;:&quot;0&quot;,&quot;copyright&quot;:&quot;&quot;,&quot;focal_length&quot;:&quot;0&quot;,&quot;iso&quot;:&quot;0&quot;,&quot;shutter_speed&quot;:&quot;0&quot;,&quot;title&quot;:&quot;&quot;,&quot;orientation&quot;:&quot;0&quot;}\" data-image-title=\"img_20180818_100637601-018258024159729168652.jpeg\" data-image-description=\"\" data-image-caption=\"\" data-large-file=\"https:\/\/catalinx.ro\/wordpress\/wp-content\/uploads\/2018\/08\/img_20180818_100637601-018258024159729168652-768x1024.jpeg\" class=\"wp-image-12799 alignnone size-full\" src=\"http:\/\/catalinx.ro\/wordpress\/wp-content\/uploads\/2018\/08\/img_20180818_100637601-018258024159729168652.jpeg\" width=\"1440\" height=\"1920\" srcset=\"https:\/\/catalinx.ro\/wordpress\/wp-content\/uploads\/2018\/08\/img_20180818_100637601-018258024159729168652.jpeg 1440w, https:\/\/catalinx.ro\/wordpress\/wp-content\/uploads\/2018\/08\/img_20180818_100637601-018258024159729168652-225x300.jpeg 225w, https:\/\/catalinx.ro\/wordpress\/wp-content\/uploads\/2018\/08\/img_20180818_100637601-018258024159729168652-768x1024.jpeg 768w\" sizes=\"auto, (max-width: 1440px) 100vw, 1440px\" \/><\/p>\n<p>Am luat toate prizele la r\u00e2nd, c\u0103 nu are cum s\u0103 fie aparatul, c\u0103 e nou, dar p\u00e2n\u0103 la urm\u0103 a trebuit s\u0103 m\u0103 las b\u0103tut \u0219i s\u0103 m\u0103 declar fazan .<\/p>\n<p>Motorul pare blocat, nici m\u0103car nu se mi\u0219c\u0103 cu m\u00e2na. Acu\u0219i sunt la \u021bar\u0103, dar i-am chemat pe aia de la Depanero s\u0103 <i>vie <\/i>\u0219i s\u0103 \u00eel ia c\u00e2ndva s\u0103pt\u0103m\u00e2na viitoare, iar merele, plm, la \u021buic\u0103 cu ele.<\/p>\n<p><img loading=\"lazy\" decoding=\"async\" data-attachment-id=\"12800\" data-permalink=\"https:\/\/catalinx.ro\/wordpress\/?attachment_id=12800\" data-orig-file=\"https:\/\/catalinx.ro\/wordpress\/wp-content\/uploads\/2018\/08\/img_20180818_100736459_ll-018816696347508327396.jpeg\" data-orig-size=\"1440,1920\" data-comments-opened=\"1\" data-image-meta=\"{&quot;aperture&quot;:&quot;0&quot;,&quot;credit&quot;:&quot;&quot;,&quot;camera&quot;:&quot;&quot;,&quot;caption&quot;:&quot;&quot;,&quot;created_timestamp&quot;:&quot;0&quot;,&quot;copyright&quot;:&quot;&quot;,&quot;focal_length&quot;:&quot;0&quot;,&quot;iso&quot;:&quot;0&quot;,&quot;shutter_speed&quot;:&quot;0&quot;,&quot;title&quot;:&quot;&quot;,&quot;orientation&quot;:&quot;0&quot;}\" data-image-title=\"img_20180818_100736459_ll-018816696347508327396.jpeg\" data-image-description=\"\" data-image-caption=\"\" data-large-file=\"https:\/\/catalinx.ro\/wordpress\/wp-content\/uploads\/2018\/08\/img_20180818_100736459_ll-018816696347508327396-768x1024.jpeg\" class=\"wp-image-12800 alignnone size-full\" src=\"http:\/\/catalinx.ro\/wordpress\/wp-content\/uploads\/2018\/08\/img_20180818_100736459_ll-018816696347508327396.jpeg\" width=\"1440\" height=\"1920\" srcset=\"https:\/\/catalinx.ro\/wordpress\/wp-content\/uploads\/2018\/08\/img_20180818_100736459_ll-018816696347508327396.jpeg 1440w, https:\/\/catalinx.ro\/wordpress\/wp-content\/uploads\/2018\/08\/img_20180818_100736459_ll-018816696347508327396-225x300.jpeg 225w, https:\/\/catalinx.ro\/wordpress\/wp-content\/uploads\/2018\/08\/img_20180818_100736459_ll-018816696347508327396-768x1024.jpeg 768w\" sizes=\"auto, (max-width: 1440px) 100vw, 1440px\" \/><\/p>\n<p>A\u0219 fi c\u0103c\u0103nar s\u0103 dau vina pe \u0103\u0219tia c\u00e2nd am avut 1 lun\u0103 la dispozi\u021bie s\u0103 verific, dar parc\u0103 tot nu \u00eemi convine.<\/p>\n<p>Nu \u0219tiu cum se \u00eent\u00e2mpl\u0103 c\u0103 pe Amazon cump\u0103r de 7 ani \u0219i o singur\u0103 dat\u0103 am primit o camer\u0103 de 20 de lire care <a href=\"http:\/\/catalinx.ro\/wordpress\/?p=12177\">nu prea mergea si e de calitate proast\u0103<\/a>. Dar \u0219i-a revenit, nu calitatea, dar m\u0103car afi\u0219eaz\u0103 chestii \u0219i func\u021bioneaz\u0103 meniul. Nu \u0219tiu cum, nu i-am f\u0103cut nimic eu.<\/p>\n<p>Dar nu am primit p\u00e2n\u0103 acum nici macar un DOA. Sigur, mai fur\u0103 curierii din colete, mai una alta, dar f\u0103r\u0103 mizerii din astea.<\/p>\n<p>Pula mea, p\u00e2n\u0103 g\u0103sesc o solu\u021bie, muie eMag, muie Oursson &#8211; nu mai cump\u0103r nici de la \u0103\u0219tia &#8211; \u0219i bine \u00een\u021beles, muie mie, c\u0103 nu fac ce trebuie.<\/p>\n","protected":false},"excerpt":{"rendered":"<p>Aveam un storc\u0103cios de fructe cump\u0103rat nu chiar ieftin din Auchan, de la raionul de electrocasnice de calitate \u00eendoielnic\u0103. Produsul se numea Singer (ca ma\u0219ina&hellip;<\/p>\n","protected":false},"author":2,"featured_media":12801,"comment_status":"open","ping_status":"open","sticky":false,"template":"","format":"standard","meta":{"jetpack_post_was_ever_published":false,"_jetpack_newsletter_access":"","_jetpack_dont_email_post_to_subs":false,"_jetpack_newsletter_tier_id":0,"_jetpack_memberships_contains_paywalled_content":false,"_jetpack_memberships_contains_paid_content":false,"footnotes":"","jetpack_publicize_message":"","jetpack_publicize_feature_enabled":true,"jetpack_social_post_already_shared":true,"jetpack_social_options":{"image_generator_settings":{"template":"highway","default_image_id":0,"font":"","enabled":false},"version":2}},"categories":[60],"tags":[2755,831,2753,2754,2756],"class_list":["post-12802","post","type-post","status-publish","format-standard","has-post-thumbnail","hentry","category-servicii-impecabile","tag-depanero","tag-emag","tag-oursson","tag-singer","tag-storcator-de-fructe"],"views":2996,"jetpack_publicize_connections":[],"jetpack_featured_media_url":"https:\/\/catalinx.ro\/wordpress\/wp-content\/uploads\/2018\/08\/IMG_20180818_100637601-01.jpeg","jetpack_sharing_enabled":true,"jetpack_shortlink":"https:\/\/wp.me\/p4Eq23-3ku","jetpack-related-posts":[],"_links":{"self":[{"href":"https:\/\/catalinx.ro\/wordpress\/index.php?rest_route=\/wp\/v2\/posts\/12802","targetHints":{"allow":["GET"]}}],"collection":[{"href":"https:\/\/catalinx.ro\/wordpress\/index.php?rest_route=\/wp\/v2\/posts"}],"about":[{"href":"https:\/\/catalinx.ro\/wordpress\/index.php?rest_route=\/wp\/v2\/types\/post"}],"author":[{"embeddable":true,"href":"https:\/\/catalinx.ro\/wordpress\/index.php?rest_route=\/wp\/v2\/users\/2"}],"replies":[{"embeddable":true,"href":"https:\/\/catalinx.ro\/wordpress\/index.php?rest_route=%2Fwp%2Fv2%2Fcomments&post=12802"}],"version-history":[{"count":4,"href":"https:\/\/catalinx.ro\/wordpress\/index.php?rest_route=\/wp\/v2\/posts\/12802\/revisions"}],"predecessor-version":[{"id":12806,"href":"https:\/\/catalinx.ro\/wordpress\/index.php?rest_route=\/wp\/v2\/posts\/12802\/revisions\/12806"}],"wp:featuredmedia":[{"embeddable":true,"href":"https:\/\/catalinx.ro\/wordpress\/index.php?rest_route=\/wp\/v2\/media\/12801"}],"wp:attachment":[{"href":"https:\/\/catalinx.ro\/wordpress\/index.php?rest_route=%2Fwp%2Fv2%2Fmedia&parent=12802"}],"wp:term":[{"taxonomy":"category","embeddable":true,"href":"https:\/\/catalinx.ro\/wordpress\/index.php?rest_route=%2Fwp%2Fv2%2Fcategories&post=12802"},{"taxonomy":"post_tag","embeddable":true,"href":"https:\/\/catalinx.ro\/wordpress\/index.php?rest_route=%2Fwp%2Fv2%2Ftags&post=12802"}],"curies":[{"name":"wp","href":"https:\/\/api.w.org\/{rel}","templated":true}]}}