

{"id":13032,"date":"2018-09-13T23:42:19","date_gmt":"2018-09-13T21:42:19","guid":{"rendered":"http:\/\/catalinx.ro\/wordpress\/?p=13032"},"modified":"2018-09-14T06:44:17","modified_gmt":"2018-09-14T04:44:17","slug":"ultrascurt-acum-3-ani-in-munich","status":"publish","type":"post","link":"https:\/\/catalinx.ro\/wordpress\/?p=13032","title":{"rendered":"Ultrascurt: Acum 3 ani in Munich"},"content":{"rendered":"<div id=\"fb-root\"><\/div>\n<p>Mergeam pe la Oktoberfest, dar nu despre asta e vorba, ci c\u0103 atunci c\u00e2nd mergeam \u00eenapoi c\u0103tre hotel deschideam google maps , ceream instruc\u021biuni de ajuns cu transportul \u00een comun \u0219i \u00eemi ar\u0103ta ce tramvaie vin, la ce or\u0103, \u0219i dac\u0103, c\u00e2t \u00eent\u00e2rzie.<\/p>\n<p><img decoding=\"async\" class=\"size-full\" data-wpid=\"2443\" src=\"http:\/\/catalinx.ro\/wordpress\/wp-content\/uploads\/2018\/09\/sketch-15368744235241662001205461435833.png\" \/><\/p>\n<p>Acum a\u0219teptam in fa\u021b\u0103 la Park Lake , am facut la fel \u0219i am a\u0219teptat.<\/p>\n<p>\u0218i-apoi am plecat pe jos acas\u0103, c\u0103 google maps e idiot, nu \u0219tia c\u0103 ultimul tramvai trecuse mai \u00eenainte de vremea programat\u0103; cum ar veni c\u0103 dau vina pe Google pentru c\u0103 \u00een Bucure\u0219ti nu e ca in Munich.<\/p>\n<p>\u0218i cum treceam eu a\u0219a, pe l\u00e2ng\u0103 parcul IOR, erau toate becurile de pe strad\u0103 stinse. \u0218i m\u0103 plimbam cu doamna de m\u00e2n\u0103 romantic, la ad\u0103postul \u00eentunericului, cum se mai zice \u00een unele cercuri.<\/p>\n<p>Ce sa faci. N-ai ce.<\/p>\n","protected":false},"excerpt":{"rendered":"<p>Mergeam pe la Oktoberfest, dar nu despre asta e vorba, ci c\u0103 atunci c\u00e2nd mergeam \u00eenapoi c\u0103tre hotel deschideam google maps , ceream instruc\u021biuni de&hellip;<\/p>\n","protected":false},"author":2,"featured_media":13031,"comment_status":"open","ping_status":"open","sticky":false,"template":"","format":"standard","meta":{"jetpack_post_was_ever_published":false,"_jetpack_newsletter_access":"","_jetpack_dont_email_post_to_subs":false,"_jetpack_newsletter_tier_id":0,"_jetpack_memberships_contains_paywalled_content":false,"_jetpack_memberships_contains_paid_content":false,"footnotes":"","jetpack_publicize_message":"","jetpack_publicize_feature_enabled":true,"jetpack_social_post_already_shared":true,"jetpack_social_options":{"image_generator_settings":{"template":"highway","default_image_id":0,"font":"","enabled":false},"version":2}},"categories":[1244],"tags":[787,391,419],"class_list":["post-13032","post","type-post","status-publish","format-standard","has-post-thumbnail","hentry","category-bucuresti","tag-bucuresti","tag-munich","tag-transport-in-comun"],"views":1553,"jetpack_publicize_connections":[],"jetpack_featured_media_url":"https:\/\/catalinx.ro\/wordpress\/wp-content\/uploads\/2018\/09\/IMG_20180706_113155116-01.jpeg","jetpack_sharing_enabled":true,"jetpack_shortlink":"https:\/\/wp.me\/p4Eq23-3oc","jetpack-related-posts":[],"_links":{"self":[{"href":"https:\/\/catalinx.ro\/wordpress\/index.php?rest_route=\/wp\/v2\/posts\/13032","targetHints":{"allow":["GET"]}}],"collection":[{"href":"https:\/\/catalinx.ro\/wordpress\/index.php?rest_route=\/wp\/v2\/posts"}],"about":[{"href":"https:\/\/catalinx.ro\/wordpress\/index.php?rest_route=\/wp\/v2\/types\/post"}],"author":[{"embeddable":true,"href":"https:\/\/catalinx.ro\/wordpress\/index.php?rest_route=\/wp\/v2\/users\/2"}],"replies":[{"embeddable":true,"href":"https:\/\/catalinx.ro\/wordpress\/index.php?rest_route=%2Fwp%2Fv2%2Fcomments&post=13032"}],"version-history":[{"count":1,"href":"https:\/\/catalinx.ro\/wordpress\/index.php?rest_route=\/wp\/v2\/posts\/13032\/revisions"}],"predecessor-version":[{"id":13035,"href":"https:\/\/catalinx.ro\/wordpress\/index.php?rest_route=\/wp\/v2\/posts\/13032\/revisions\/13035"}],"wp:featuredmedia":[{"embeddable":true,"href":"https:\/\/catalinx.ro\/wordpress\/index.php?rest_route=\/wp\/v2\/media\/13031"}],"wp:attachment":[{"href":"https:\/\/catalinx.ro\/wordpress\/index.php?rest_route=%2Fwp%2Fv2%2Fmedia&parent=13032"}],"wp:term":[{"taxonomy":"category","embeddable":true,"href":"https:\/\/catalinx.ro\/wordpress\/index.php?rest_route=%2Fwp%2Fv2%2Fcategories&post=13032"},{"taxonomy":"post_tag","embeddable":true,"href":"https:\/\/catalinx.ro\/wordpress\/index.php?rest_route=%2Fwp%2Fv2%2Ftags&post=13032"}],"curies":[{"name":"wp","href":"https:\/\/api.w.org\/{rel}","templated":true}]}}