

{"id":14319,"date":"2019-02-07T17:01:35","date_gmt":"2019-02-07T14:01:35","guid":{"rendered":"http:\/\/catalinx.ro\/wordpress\/?p=14319"},"modified":"2019-02-07T20:27:06","modified_gmt":"2019-02-07T17:27:06","slug":"caracterizarea-olgutei","status":"publish","type":"post","link":"https:\/\/catalinx.ro\/wordpress\/?p=14319","title":{"rendered":"Caracterizarea Olgu\u021bei"},"content":{"rendered":"<div id=\"fb-root\"><\/div>\n\n<p>Lectur\u0103 de clasa a X-a.  Hehe, din p\u0103cate nu-i vorba de personajul lui Teodoreanu. <\/p>\n\n\n\n<p>Olgu\u021ba \u201dnoastr\u0103\u201d e abil\u0103 ca om politic, cu o  ampl\u0103 experien\u021b\u0103 \u00een pozi\u021bii destul de variate;  membru de partid de la 16 ani, pre\u0219edinte de organiza\u021bie jude\u021bean\u0103 la 19 ( e drept PRM, da-n 1994 aveau ceva succes \u0103\u0219tia),  din 2000 p\u00e2n\u0103 \u00een 2008 a fost deputat PRM , iar \u00een 2008 a  c\u00e2\u0219tigat un mandat PSD cu 63% la uninominale. Adic\u0103, a\u0219a direct , K.O., f\u0103r\u0103 drept de apel.  Dup\u0103 care prim\u0103ria Craiovei.<\/p>\n\n\n\n<p>Sigur, PSD e na\u0219pa, oamenii au inten\u021bii rele, ga\u0219c\u0103 de  interese, etc, dar nu prea po\u021bi nega cariera \u0219i performan\u021bele politice ale cuiva. Am zis clar politice, n-am zis realiz\u0103ri pentru Rom\u00e2nia, etc. <\/p>\n\n\n\n<p>Pe linie de aptitudini profesionale \u0219i soft skills, e absolvent\u0103 de facultate de litere. Ok, poate c\u0103 prima limb\u0103 str\u0103in\u0103, italiana, e o chestie mai mult facil\u0103 dec\u00e2t util\u0103. Dar femeia gr\u0103ie\u0219te \u00een <a href=\"https:\/\/www.youtube.com\/watch?v=9qxrTHZcTcM\"><strong>francez\u0103 <\/strong><\/a>\u0219i <strong><a href=\"https:\/\/www.youtube.com\/watch?v=RyeOdIbMooA\">englez\u0103<\/a><\/strong>. Ok, e rmarcabil\u0103 \u0219coala rom\u00e2neasc\u0103 de limbi str\u0103ine cu accent rusesc, dar si <strong><a href=\"https:\/\/www.youtube.com\/watch?v=0dbvZJqgp0A\">englezii<\/a><\/strong> vorbesc francez\u0103 cu accent local. Ghinionul nostru e ca \u201dlocal\u201d pentru noi e slavon .<\/p>\n\n\n\n<p>Tot doamna \u00een cauz\u0103 a absolvit ca orice politician de top,  Colegiul Na\u021bional de Ap\u0103rare \u0219i are \u0219i doctorat \u00een sociologie. Ok, mai \u0219tim \u0219i c\u0103 tot PSD-ul a devalorizat doctoratele \u0219i devoalat c\u0103 ele nu-s neap\u0103rat ce scrie \u00een defini\u021bie, dar chiar \u0219i a\u0219a, ceva-ceva e acolo.<\/p>\n\n\n\n<p>Plus ceva experien\u021b\u0103 \u00een comunicare, ca redactor la ceva ziar. Din nou, \u201dCuv\u00e2ntul Libert\u0103\u021bii\u201d cred c\u0103-i un nume ironic pentru o publica\u021bie \u00eenfluen\u021bat\u0103 politic, dar profesional, merge.<\/p>\n\n\n\n<p>Si mai e si profesor (da, lector, nu-i tot aia, \u0219tiu, dar nu dau dou\u0103 parale pe distinc\u021bii) la o universitate. <\/p>\n\n\n\n<p>Dac\u0103 vi se pare amuzant sau nefondat ce sus\u021bin, v\u0103 recomand s\u0103 analiza\u021bi standardele, c\u00e2t \u0219i CV-ul doamnei <strong><a href=\"http:\/\/www.cdep.ro\/pdfs\/guv201801\/CV_Dancila.pdf\">inginer D\u0103ncil\u0103<\/a><\/strong>.<\/p>\n\n\n\n<p>Pe de alt\u0103 parte,  Iohannis <strong><a href=\"https:\/\/www.digi24.ro\/stiri\/actualitate\/politica\/klaus-iohannis-a-respins-din-nou-propunerea-de-numire-a-liei-olguta-vasilescu-la-ministerul-dezvoltarii-1077948\">vede altfel lucrurile&nbsp;<\/a><\/strong> \u0219i e de p\u0103rere c\u0103 nu are calificarea necesar\u0103 pentru pozi\u021bia r\u00e2vint\u0103, motiv\u00e2nd:<\/p>\n\n\n\n<blockquote class=\"wp-block-quote is-layout-flow wp-block-quote-is-layout-flow\"><p> <em>\u201d\u00cen calitate de primar, doamna Lia-Olgu\u021ba Vasilescu nu a promovat \u0219i nu a gestionat politici publice de nivel na\u021bional, iar \u00een calitate de parlamentar a desf\u0103\u0219urat activitate \u00een comisii parlamentare care, prin obiectul de activitate, sunt direct legate fie de preg\u0103tirea sa profesional\u0103, respectiv domeniul culturii, artei \u0219i mijloacelor de informare \u00een mas\u0103, fie au leg\u0103tur\u0103 cu experien\u021ba ob\u021binut\u0103 \u00een calitate de ministru \u201d<\/em><\/p><\/blockquote>\n\n\n\n<p>\u0218i-a mai zis c\u0103 e cam mahalagioaic\u0103 ( cu cuvinte mai elevate), ceea ce poate fi adev\u0103rat, dar din nou, doamna-i din Craiova, iar acolo no\u021biunile de discu\u021bie \u0219i  dezbatere au o interpretare local\u0103, precum \u0219i standarde de toleran\u021b\u0103 ridicate. <\/p>\n\n\n\n<p>Acum, eu nu zic c\u0103 Iohannis n-o avea dreptate, dar:<\/p>\n\n\n\n<ol class=\"wp-block-list\"><li>Olgu\u021ba e una din cei mai competen\u021bi oameni pe care \u00eei are acum PSD \u00een prima linie &#8211; pute\u021bi s-o privi\u021bi ironic, sarcastic, dar cam aici e adev\u0103rul  contextual. A\u0219a c\u0103 &#8211; \u201ds\u0103 mai vedem \u0219i alte CV-uri\u201d s-ar putea s\u0103 nu mearg\u0103. <\/li><li><a href=\"https:\/\/www.hotnews.ro\/stiri-esential-22959136-olguta-vasilescu-spune-face-plangere-penala-dupa-respingerea-numirii-sale-catre-presedintele-iohannis.htm\">R\u0103spunsul \u0219i pozi\u021bia pretendentei\u00a0<\/a>sunt rezonabile. M\u0103 refer, mai exact la punctul 3.<\/li><\/ol>\n\n\n\n<blockquote class=\"wp-block-quote is-layout-flow wp-block-quote-is-layout-flow\"><p><em> 3. In plus fa\u021b\u0103 de pre\u0219edintele Rom\u00e2niei care a fost doar profesor \u0219i primar, am trei mandate de parlamentar \u0219i al patrulea \u00een curs (\u00een dou\u0103 \u00eendeplinind func\u021bii de pre\u0219edinte de comisii parlamentare), am fost primar 5 ani \u0219i doi ani am de\u021binut func\u021bia de ministru. A\u0219adar, experien\u021ba mea e chiar ceva mai consistent\u0103 dec\u00e2t a lui Klaus Johannis p\u00e2n\u0103 a ajunge pre\u0219edinte.<\/em> <\/p><\/blockquote>\n\n\n\n<p>\u00cen limbaj proverbial asta se traduce prin \u201dr\u00e2de ciob de oal\u0103 spart\u0103\u201d, sau gol\u0103ne\u0219te e un fel de : <\/p>\n\n\n\n<p><em>\u201dCoaie, dac\u0103 tu crezi c\u0103 te califici s\u0103 fii pre\u0219edinte, nu crezi c\u0103 eu sunt OK pentru dezvoltare regional\u0103 \u0219i administra\u021bie public\u0103, \u00een condi\u021biile \u00een care am mai mult\u0103 experien\u021b\u0103 ( nu neap\u0103rat \u0219i performan\u021be, dar nici Iohannis nu se poate l\u0103uda prea tare) dec\u00e2t tine? \u201d<\/em><\/p>\n\n\n\n<p>Nu mai zic de restul de numiri pe care le-a f\u0103cut anterior.  Nu-mi pas\u0103 c\u00e2tu\u0219i de pu\u021bin dac\u0103-l suspend\u0103, dac\u0103-i \u201dfac dosar penal\u201d  pentru tr\u0103dare ( lol ) sau altceva. <\/p>\n\n\n\n<p>Doar remarc c\u0103 gestul e inutil. Dac\u0103 Dragnea se plictise\u0219te de tem\u0103, propune pe altcineva \u0219i gata, doar c\u0103 altcineva-ul \u0103la probabil va fi \u0219i mai pu\u021bin competent. <\/p>\n\n\n\n<p>\u0218i c\u0103 pentru omul de r\u00e2nd nu prea conteaz\u0103 dac\u0103 avem  ministru pentru dezvoltare regional\u0103 \u0219i administra\u021bie public\u0103, nu-i ca \u0219i cum cine a fost \u00eenainte, sau cine s-o ocupa acum face o treab\u0103 de minune.  Sau ca \u0219i cum ne a\u0219tept\u0103m s\u0103 se schimbe ceva. E o treab\u0103 de imagine, c\u0103 e bine s\u0103 \u0219tie lumea ( Europa), c\u0103 e un responsabil pe tema asta \u00een Rom\u00e2nia. S\u0103 zic\u0103 \u0219i \u0103ia c\u0103, uite, b\u0103, rom\u00e2nii fac ceva pe tema dezvolt\u0103rii \u0219i administra\u021biei, unele din problemele la care sug maxim. Au numit un \u0219ef, \u00een cur\u00e2nd o s\u0103-i angajeze \u0219i ceva subalterni, deci se mi\u0219c\u0103 treaba; cam  ca-ntr-o corpora\u021bie a\u0219a. <\/p>\n","protected":false},"excerpt":{"rendered":"<p>Lectur\u0103 de clasa a X-a. Hehe, din p\u0103cate nu-i vorba de personajul lui Teodoreanu. Olgu\u021ba \u201dnoastr\u0103\u201d e abil\u0103 ca om politic, cu o ampl\u0103 experien\u021b\u0103&hellip;<\/p>\n","protected":false},"author":2,"featured_media":14320,"comment_status":"open","ping_status":"open","sticky":false,"template":"","format":"standard","meta":{"jetpack_post_was_ever_published":false,"_jetpack_newsletter_access":"","_jetpack_dont_email_post_to_subs":false,"_jetpack_newsletter_tier_id":0,"_jetpack_memberships_contains_paywalled_content":false,"_jetpack_memberships_contains_paid_content":false,"footnotes":"","jetpack_publicize_message":"","jetpack_publicize_feature_enabled":true,"jetpack_social_post_already_shared":true,"jetpack_social_options":{"image_generator_settings":{"template":"highway","default_image_id":0,"font":"","enabled":false},"version":2}},"categories":[170,887],"tags":[3082,3081],"class_list":["post-14319","post","type-post","status-publish","format-standard","has-post-thumbnail","hentry","category-politice","category-propaganda","tag-iohannis-respinge-propunerea-olgutei-vasilescu","tag-olguta-vasilescu"],"views":2081,"jetpack_publicize_connections":[],"jetpack_featured_media_url":"https:\/\/catalinx.ro\/wordpress\/wp-content\/uploads\/2019\/02\/Olguta.png","jetpack_sharing_enabled":true,"jetpack_shortlink":"https:\/\/wp.me\/p4Eq23-3IX","jetpack-related-posts":[],"_links":{"self":[{"href":"https:\/\/catalinx.ro\/wordpress\/index.php?rest_route=\/wp\/v2\/posts\/14319","targetHints":{"allow":["GET"]}}],"collection":[{"href":"https:\/\/catalinx.ro\/wordpress\/index.php?rest_route=\/wp\/v2\/posts"}],"about":[{"href":"https:\/\/catalinx.ro\/wordpress\/index.php?rest_route=\/wp\/v2\/types\/post"}],"author":[{"embeddable":true,"href":"https:\/\/catalinx.ro\/wordpress\/index.php?rest_route=\/wp\/v2\/users\/2"}],"replies":[{"embeddable":true,"href":"https:\/\/catalinx.ro\/wordpress\/index.php?rest_route=%2Fwp%2Fv2%2Fcomments&post=14319"}],"version-history":[{"count":4,"href":"https:\/\/catalinx.ro\/wordpress\/index.php?rest_route=\/wp\/v2\/posts\/14319\/revisions"}],"predecessor-version":[{"id":14328,"href":"https:\/\/catalinx.ro\/wordpress\/index.php?rest_route=\/wp\/v2\/posts\/14319\/revisions\/14328"}],"wp:featuredmedia":[{"embeddable":true,"href":"https:\/\/catalinx.ro\/wordpress\/index.php?rest_route=\/wp\/v2\/media\/14320"}],"wp:attachment":[{"href":"https:\/\/catalinx.ro\/wordpress\/index.php?rest_route=%2Fwp%2Fv2%2Fmedia&parent=14319"}],"wp:term":[{"taxonomy":"category","embeddable":true,"href":"https:\/\/catalinx.ro\/wordpress\/index.php?rest_route=%2Fwp%2Fv2%2Fcategories&post=14319"},{"taxonomy":"post_tag","embeddable":true,"href":"https:\/\/catalinx.ro\/wordpress\/index.php?rest_route=%2Fwp%2Fv2%2Ftags&post=14319"}],"curies":[{"name":"wp","href":"https:\/\/api.w.org\/{rel}","templated":true}]}}