

{"id":15628,"date":"2019-07-06T10:23:43","date_gmt":"2019-07-06T09:23:43","guid":{"rendered":"http:\/\/catalinx.ro\/wordpress\/?p=15628"},"modified":"2019-07-06T11:42:29","modified_gmt":"2019-07-06T10:42:29","slug":"pana-la-urma-in-romania-se-stinge-lumina-in-sensul-ca-nu-se-face-nimic-s-o-tina-aprinsa","status":"publish","type":"post","link":"https:\/\/catalinx.ro\/wordpress\/?p=15628","title":{"rendered":"P\u00e2n\u0103 la urm\u0103 \u00een Rom\u00e2nia se stinge lumina. ( In sensul c\u0103 n-o s\u0103 mai avem cu ce-o \u021bine aprins\u0103)"},"content":{"rendered":"<div id=\"fb-root\"><\/div>\n<p>Textul \u0103sta nu e unul de tip bul\u0103 antiPSD, nu e legat de via\u021ba na\u0219pa din Romania, emigrare \u0219i probleme de sociologie \u0219i politic\u0103.<\/p>\n<p>E mai degrab\u0103 o tema de g\u00e2ndire pe care mi-am dat-o singur, aparent doar eu; o proiec\u021bie macroeconomica, de data asta, legat\u0103 de energie.<\/p>\n<p>Eu am plecat de la articolul <a href=\"https:\/\/www.profit.ro\/must-read\/preturi-record-la-electricitate-pe-piata-spot-romania-a-devenit-importator-de-electricitate-ca-urmare-a-reducerii-productiei-de-energie-hidro-19052066\" target=\"_blank\" rel=\"noopener noreferrer\">\u0103sta,<\/a> dar m-am pus pe g\u00e2nduri pentru faptul c\u0103 nu e singurul sau primul articol de gen, ci \u00een ultima perioad\u0103 sunt tot mai multe.<\/p>\n<p>Rom\u00e2nia a fost \u00een anii trecu\u021bi exportator net de electricitate, din mai multe motive. Industrie dezvoltat\u0103 sub nivelul de produc\u021bie de energie, industrie energofag\u0103 bazat\u0103 pe alte surse de energie precum gaz , petrol, cre\u0219tere de produc\u021bie energetic\u0103 bazat\u0103 pe dezvoltarea surselor regenerabile ( solare \u0219i eoliene ) , dezvoltarea \u00een deceniile precedente pe zona de hidro.<\/p>\n<p>Motivul invocat acum pentru c\u0103derea \u021b\u0103rii pe netimport este seceta\/ valul de c\u0103ldur\u0103 din Europa care a sc\u0103zut debitul Dun\u0103rii \u00een amonte de Por\u021bile de Fier. Alte r\u00e2uri majore de la care s\u0103 primim ap\u0103 din vest nu avem. Iar \u00een Rom\u00e2nia cam \u00eenc\u0103 plou\u0103, deci hidrocentralele, alea care sunt, ar trebui s\u0103 mearg\u0103.<\/p>\n<p>Pe scurt, deficitul pe hidro se vede, e caracteristic sezonului dar nimic de speriat ( revin mai jos), analiza alora de la Profit.ro e\u00a0 deficitara, jurnalisti, n-ai ce sa le ceri, nu-s in stare sa se uite pe un set de date mai lung de trei zile.<\/p>\n<p>Eu insa, am pretentia ca sunt capabil de asta, motiv pentru care am exportat datele disponibile public pe <a href=\"http:\/\/www.sistemulenergetic.ro\/statistics\/show_graph\/2016\/7\/4\/0\/0\/2019\/7\/6\/23\/59\"><strong>Sistemulenergetic.ro<\/strong><\/a> din ultimii 3 ani sa vad care-i treaba cu asta, de ce suntem importatori ne\u021bi, ca nu prea se leaga cu ce spun aia , se leaga insa cu ce spune Isarescu, ca\u00a0 balanta comerciala a Romaniei e muscata pe toate partile, atat de tare ca pe intaiul bancher al tarii nici nu-l mai intereseaza sa ne incadram in tinta de inflatie, desi leul ar vrea sa se aprecieze.\u00a0 Da-o dracului de inflatie, sa plateasca fraierii, ca altfel ne omoara deficitul comercial. Nu mai gasesc si linkul ala.\u00a0<\/p>\n<p>In fine, daca ne uitam pe graficul de consum si productie din ultimii 3 ani\u00a0 se vad 2 trenduri interesante, doar unul interesant pentru tema in cauza.\u00a0<\/p>\n<p>\u00a0<\/p>\n\n\n<ul class=\"wp-block-gallery columns-1 is-cropped wp-block-gallery-1 is-layout-flex wp-block-gallery-is-layout-flex\"><li class=\"blocks-gallery-item\"><figure><a href=\"http:\/\/catalinx.ro\/wordpress\/wp-content\/uploads\/2019\/07\/consumul_vs_productia_energie_electrica_2016_1019-1024x506.png\"><img loading=\"lazy\" decoding=\"async\" width=\"1024\" height=\"506\" data-attachment-id=\"15631\" data-permalink=\"https:\/\/catalinx.ro\/wordpress\/?attachment_id=15631#main\" data-orig-file=\"https:\/\/catalinx.ro\/wordpress\/wp-content\/uploads\/2019\/07\/consumul_vs_productia_energie_electrica_2016_1019.png\" data-orig-size=\"1141,564\" data-comments-opened=\"1\" data-image-meta=\"{&quot;aperture&quot;:&quot;0&quot;,&quot;credit&quot;:&quot;&quot;,&quot;camera&quot;:&quot;&quot;,&quot;caption&quot;:&quot;&quot;,&quot;created_timestamp&quot;:&quot;0&quot;,&quot;copyright&quot;:&quot;&quot;,&quot;focal_length&quot;:&quot;0&quot;,&quot;iso&quot;:&quot;0&quot;,&quot;shutter_speed&quot;:&quot;0&quot;,&quot;title&quot;:&quot;&quot;,&quot;orientation&quot;:&quot;0&quot;}\" data-image-title=\"consumul_vs_productia_energie_electrica_2016_1019\" data-image-description=\"\" data-image-caption=\"\" data-medium-file=\"https:\/\/catalinx.ro\/wordpress\/wp-content\/uploads\/2019\/07\/consumul_vs_productia_energie_electrica_2016_1019-300x148.png\" data-large-file=\"https:\/\/catalinx.ro\/wordpress\/wp-content\/uploads\/2019\/07\/consumul_vs_productia_energie_electrica_2016_1019-1024x506.png\" src=\"http:\/\/catalinx.ro\/wordpress\/wp-content\/uploads\/2019\/07\/consumul_vs_productia_energie_electrica_2016_1019-1024x506.png\" alt=\"\" data-id=\"15631\" data-link=\"http:\/\/catalinx.ro\/wordpress\/?attachment_id=15631#main\" class=\"wp-image-15631\" srcset=\"https:\/\/catalinx.ro\/wordpress\/wp-content\/uploads\/2019\/07\/consumul_vs_productia_energie_electrica_2016_1019-1024x506.png 1024w, https:\/\/catalinx.ro\/wordpress\/wp-content\/uploads\/2019\/07\/consumul_vs_productia_energie_electrica_2016_1019-300x148.png 300w, https:\/\/catalinx.ro\/wordpress\/wp-content\/uploads\/2019\/07\/consumul_vs_productia_energie_electrica_2016_1019-768x380.png 768w, https:\/\/catalinx.ro\/wordpress\/wp-content\/uploads\/2019\/07\/consumul_vs_productia_energie_electrica_2016_1019.png 1141w\" sizes=\"auto, (max-width: 1024px) 100vw, 1024px\" \/><\/a><\/figure><\/li><\/ul>\n\n\n\n<p>I. Consumul a crescut de la o putere medie (integrata matematic) consumata de 6700MW ( atentie, nu vorbim de energie MWh) la 7000, iar productia a scazut la o putere medie de 7100MW. <\/p>\n\n\n\n<p>Iar treaba asta este gresit identificata de toti jurnalistii ca ar fi o problema de hidro ( acum) sau de import de gaze in cate-o iarna ( de alte dati). Nu. Romania <strong> a pierdut <\/strong> in ultimii 3 ani circa 6% din capacitatea de productie  si nici nu indraznesc sa ma uit mai in spate in conditiile in care  consumul a crescut si e rezonabil sa ne asteptam sa  creasca din motive:<\/p>\n\n\n\n<ol class=\"wp-block-list\"><li>Dezvoltarea industriei si a economiei in general in tara. Tarile civilizate si dezvoltate economic consuma mai mult, evident. UE zice ca trebuie sa avem iluminat public nocturn acum prin toate satele. Asta-i doar de amuzament, cauzele agregate sunt unele mai serioase de atat. <\/li><li>Pe masura ce vrem o lume mai curata migram dinspre alte surse de energie catre electric. Ori astea nu acum altfel, decat sa creasca consumul de energie electrica.  Romania consuma in 2018 circa <strong><a href=\"https:\/\/www.zf.ro\/companii\/consumul-de-carburanti-la-maximul-ultimilor-10-ani-cat-au-varsat-romanii-in-conturile-companiilor-petroliere-17084361\">6.3 milioane de tone<\/a><\/strong> de carburant petrolier anual.  Asta inseamna circa 720 de tone pe ora.  Densitatea petrolului e de 0.75 &#8211; 0.85 kg\/ litru .  Asta inseamna circa 900 mii de litri  pe ora ( 900mc).  De ce conteaza asta?  Nu stiu cat e viteza medie de deplsare in  Romania, dar pe baza datelor de <strong><a href=\"https:\/\/blog.fomcogps.ro\/harta-vitezelor-din-europa\">aici<\/a><\/strong> am sa presupun ca-i pe la 65km\/h . O sa presupunem ca o rabla consuma circa 12l\/100km &#8211; nu conteaza cat de aproape de realitate sunt, important e ordinul de marime ( privim logaritmic problema ) ca nu facem o analiza exacta. Ideea e ca avem aici si autoturisme si vehicule de transport mai grele.  Ca-i media de 8 sau 25 nu conteaza prea tare, vedeti mai jos de ce.  Astia 900k litri de combustibil consumati pe ora sustin o distanta parcursa, agregata, de circa 75000km. Daca ne uitam la limitele de 8 &#8211; 25, ar insemna undeva intre  36000-125 000km pe ora.  De ce conteaza asta? O rabla electrica consuma undeva intre 200 (minimorum) si 400 W\/km.  O sa presupunem aici doar masini usoare care se incadreaza in cerintele alea.  Inlocuirea completa  a consumului de petrol pentru auto ( am pus o medie de 300W\/km, dar camioanele electrice ar consuma semnificativ mai mult) ar genera o nevoie de circa 22.5MW de putere in retea &#8211; daca toate masinile ar fi troleibuze, alimentate pe sarma si daca circulatia ar fi omogena.  Considerand perioadele de incarcare si varfurile,  se poate usor crea un necesar de putere de inca 100MW in retea. Eu estimez ca probabil chiar mai mult, ceea ce in ansamblu oricum nu-i mult, daca te gandesti cat petrol inlocuiesti, dar asta e altceva , pastrati ideea de petrol disponibil. Discutam candva topicul asta cu mai multi oameni si toti sunt de parere ca e nevoie de muult curent pentru masini electrice, ca ei numara rablele si calculeaza un plin pe zi, ca asa face lumea, consuma un rezervor de benzina zilnic. <\/li><li>Orice altceva, de la incalzire, la alte solutii pare ca se duce catre electric. <\/li><\/ol>\n\n\n\n<p>In aceste conditii, productie de energie a Romaniei scade. <\/p>\n\n\n\n<p>II. Cresterea consumului de energie s-a nivelat in 2019, ceea ce ar fi un semnal pentru ministrul economiei si cel al finantelor, daca ar fi in stare sa citeasca cifrele astea si sa faca  ceva cu ele. <\/p>\n\n\n\n<p>Hai sa ne uitam acum la treaba aia cu hidro, ca sa fie clar ca nu de acolo e problema. <\/p>\n\n\n\n<figure class=\"wp-block-image\"><a href=\"http:\/\/catalinx.ro\/wordpress\/wp-content\/uploads\/2019\/07\/productia_de_energie_hidro_in_Romania.png\"><img loading=\"lazy\" decoding=\"async\" width=\"1024\" height=\"521\" data-attachment-id=\"15632\" data-permalink=\"https:\/\/catalinx.ro\/wordpress\/?attachment_id=15632#main\" data-orig-file=\"https:\/\/catalinx.ro\/wordpress\/wp-content\/uploads\/2019\/07\/productia_de_energie_hidro_in_Romania.png\" data-orig-size=\"1190,605\" data-comments-opened=\"1\" data-image-meta=\"{&quot;aperture&quot;:&quot;0&quot;,&quot;credit&quot;:&quot;&quot;,&quot;camera&quot;:&quot;&quot;,&quot;caption&quot;:&quot;&quot;,&quot;created_timestamp&quot;:&quot;0&quot;,&quot;copyright&quot;:&quot;&quot;,&quot;focal_length&quot;:&quot;0&quot;,&quot;iso&quot;:&quot;0&quot;,&quot;shutter_speed&quot;:&quot;0&quot;,&quot;title&quot;:&quot;&quot;,&quot;orientation&quot;:&quot;0&quot;}\" data-image-title=\"productia_de_energie_hidro_in_Romania\" data-image-description=\"\" data-image-caption=\"\" data-medium-file=\"https:\/\/catalinx.ro\/wordpress\/wp-content\/uploads\/2019\/07\/productia_de_energie_hidro_in_Romania-300x153.png\" data-large-file=\"https:\/\/catalinx.ro\/wordpress\/wp-content\/uploads\/2019\/07\/productia_de_energie_hidro_in_Romania-1024x521.png\" src=\"http:\/\/catalinx.ro\/wordpress\/wp-content\/uploads\/2019\/07\/productia_de_energie_hidro_in_Romania-1024x521.png\" alt=\"\" class=\"wp-image-15632\" srcset=\"https:\/\/catalinx.ro\/wordpress\/wp-content\/uploads\/2019\/07\/productia_de_energie_hidro_in_Romania-1024x521.png 1024w, https:\/\/catalinx.ro\/wordpress\/wp-content\/uploads\/2019\/07\/productia_de_energie_hidro_in_Romania-300x153.png 300w, https:\/\/catalinx.ro\/wordpress\/wp-content\/uploads\/2019\/07\/productia_de_energie_hidro_in_Romania-768x390.png 768w, https:\/\/catalinx.ro\/wordpress\/wp-content\/uploads\/2019\/07\/productia_de_energie_hidro_in_Romania.png 1190w\" sizes=\"auto, (max-width: 1024px) 100vw, 1024px\" \/><\/a><\/figure>\n\n\n\n<p>Da,  e o scadere, mai pun un grafic mai jos sa vedeti ca e ciclica, dar nu  suntem chiar la vreun minim istori, e destul de clar da? Deci NU DE AICI e problema de energie a Romaniei. Nu e asa de seceta, prin Romania inca curg apele, nu valul de caldura ne provoaca sa importam , desi valul de caldura scumpeste un pic energia, daca e o bucata buna din zona asta de piata acoperita de hidro, asta e corect. <\/p>\n\n\n\n<p>Cam asa arata puterea medie generata hidroelectric in Romania, impartita pe luni,  ponderand ultimii trei ani.  Suntem sub medie in perioada asta, dar nu fantastic. <\/p>\n\n\n\n<figure class=\"wp-block-image\"><a href=\"http:\/\/catalinx.ro\/wordpress\/wp-content\/uploads\/2019\/07\/media_puterii_electrice_generate_hidro_in_Romania_pe_luni.png\"><img loading=\"lazy\" decoding=\"async\" width=\"1024\" height=\"515\" data-attachment-id=\"15633\" data-permalink=\"https:\/\/catalinx.ro\/wordpress\/?attachment_id=15633#main\" data-orig-file=\"https:\/\/catalinx.ro\/wordpress\/wp-content\/uploads\/2019\/07\/media_puterii_electrice_generate_hidro_in_Romania_pe_luni.png\" data-orig-size=\"1190,599\" data-comments-opened=\"1\" data-image-meta=\"{&quot;aperture&quot;:&quot;0&quot;,&quot;credit&quot;:&quot;&quot;,&quot;camera&quot;:&quot;&quot;,&quot;caption&quot;:&quot;&quot;,&quot;created_timestamp&quot;:&quot;0&quot;,&quot;copyright&quot;:&quot;&quot;,&quot;focal_length&quot;:&quot;0&quot;,&quot;iso&quot;:&quot;0&quot;,&quot;shutter_speed&quot;:&quot;0&quot;,&quot;title&quot;:&quot;&quot;,&quot;orientation&quot;:&quot;0&quot;}\" data-image-title=\"media_puterii_electrice_generate_hidro_in_Romania_pe_luni\" data-image-description=\"\" data-image-caption=\"\" data-medium-file=\"https:\/\/catalinx.ro\/wordpress\/wp-content\/uploads\/2019\/07\/media_puterii_electrice_generate_hidro_in_Romania_pe_luni-300x151.png\" data-large-file=\"https:\/\/catalinx.ro\/wordpress\/wp-content\/uploads\/2019\/07\/media_puterii_electrice_generate_hidro_in_Romania_pe_luni-1024x515.png\" src=\"http:\/\/catalinx.ro\/wordpress\/wp-content\/uploads\/2019\/07\/media_puterii_electrice_generate_hidro_in_Romania_pe_luni-1024x515.png\" alt=\"\" class=\"wp-image-15633\" srcset=\"https:\/\/catalinx.ro\/wordpress\/wp-content\/uploads\/2019\/07\/media_puterii_electrice_generate_hidro_in_Romania_pe_luni-1024x515.png 1024w, https:\/\/catalinx.ro\/wordpress\/wp-content\/uploads\/2019\/07\/media_puterii_electrice_generate_hidro_in_Romania_pe_luni-300x151.png 300w, https:\/\/catalinx.ro\/wordpress\/wp-content\/uploads\/2019\/07\/media_puterii_electrice_generate_hidro_in_Romania_pe_luni-768x387.png 768w, https:\/\/catalinx.ro\/wordpress\/wp-content\/uploads\/2019\/07\/media_puterii_electrice_generate_hidro_in_Romania_pe_luni.png 1190w\" sizes=\"auto, (max-width: 1024px) 100vw, 1024px\" \/><\/a><\/figure>\n\n\n\n<p>Si-atunci de unde deficitul? Cam asa arata inputul anual in functie de sursa de energie si se vede destul de clar, de fapt neclar , dar asa deseneaza Power BI graficele. <\/p>\n\n\n\n<figure class=\"wp-block-image\"><a href=\"http:\/\/catalinx.ro\/wordpress\/wp-content\/uploads\/2019\/07\/evolutia_surselor_de_energie_electrica_in_Romania_2016_2019_dupa_productie.png\"><img loading=\"lazy\" decoding=\"async\" width=\"1024\" height=\"550\" data-attachment-id=\"15634\" data-permalink=\"https:\/\/catalinx.ro\/wordpress\/?attachment_id=15634#main\" data-orig-file=\"https:\/\/catalinx.ro\/wordpress\/wp-content\/uploads\/2019\/07\/evolutia_surselor_de_energie_electrica_in_Romania_2016_2019_dupa_productie.png\" data-orig-size=\"1330,714\" data-comments-opened=\"1\" data-image-meta=\"{&quot;aperture&quot;:&quot;0&quot;,&quot;credit&quot;:&quot;&quot;,&quot;camera&quot;:&quot;&quot;,&quot;caption&quot;:&quot;&quot;,&quot;created_timestamp&quot;:&quot;0&quot;,&quot;copyright&quot;:&quot;&quot;,&quot;focal_length&quot;:&quot;0&quot;,&quot;iso&quot;:&quot;0&quot;,&quot;shutter_speed&quot;:&quot;0&quot;,&quot;title&quot;:&quot;&quot;,&quot;orientation&quot;:&quot;0&quot;}\" data-image-title=\"evolutia_surselor_de_energie_electrica_in_Romania_2016_2019_dupa_productie\" data-image-description=\"\" data-image-caption=\"\" data-medium-file=\"https:\/\/catalinx.ro\/wordpress\/wp-content\/uploads\/2019\/07\/evolutia_surselor_de_energie_electrica_in_Romania_2016_2019_dupa_productie-300x161.png\" data-large-file=\"https:\/\/catalinx.ro\/wordpress\/wp-content\/uploads\/2019\/07\/evolutia_surselor_de_energie_electrica_in_Romania_2016_2019_dupa_productie-1024x550.png\" src=\"http:\/\/catalinx.ro\/wordpress\/wp-content\/uploads\/2019\/07\/evolutia_surselor_de_energie_electrica_in_Romania_2016_2019_dupa_productie-1024x550.png\" alt=\"\" class=\"wp-image-15634\" srcset=\"https:\/\/catalinx.ro\/wordpress\/wp-content\/uploads\/2019\/07\/evolutia_surselor_de_energie_electrica_in_Romania_2016_2019_dupa_productie-1024x550.png 1024w, https:\/\/catalinx.ro\/wordpress\/wp-content\/uploads\/2019\/07\/evolutia_surselor_de_energie_electrica_in_Romania_2016_2019_dupa_productie-300x161.png 300w, https:\/\/catalinx.ro\/wordpress\/wp-content\/uploads\/2019\/07\/evolutia_surselor_de_energie_electrica_in_Romania_2016_2019_dupa_productie-768x412.png 768w, https:\/\/catalinx.ro\/wordpress\/wp-content\/uploads\/2019\/07\/evolutia_surselor_de_energie_electrica_in_Romania_2016_2019_dupa_productie.png 1330w\" sizes=\"auto, (max-width: 1024px) 100vw, 1024px\" \/><\/a><\/figure>\n\n\n\n<p>Se vede ca  avem un declin sever pe hidrocarburi si carbune ( nu ca-i de rau) si ca avem de fapt crestere pe hidro. <\/p>\n\n\n\n<p>E de foarte rau faptul ca urmarim sa scadem  consumul de combustibili fosili fara sa inlocuim productia de energie cu altceva.  Si ma gandeam la o chestie. Pe ministrul actual  al energiei il cheama Anton Patrat ( Glumesc, Anton Anton).  Nenea asta, nu imi pasa de culoarea lui politica, nu e din categoria Dancila, Carmen Dan. E cam priceput la treaba asta. E un nene inginer, specializat in hidraulica, ceva brevete de inventii,  am citit ceva   din articolele lui de-a lungul timpului , de aia ii stiu si numele  &#8211; pare genul de om care-i potrivit ca ministru si sigur-sigur s-a gandit la treaba asta inaintea mea, avea si datele si sigur si niste pulifrici in subordine care sa poata incropi niste grafice simple ca astea. <\/p>\n\n\n\n<p>Ce ma mira e ca n-am auzit pe niciun canal de media despre strategia Romaniei in domeniul energiei. Nu, nu de carpeli si de &#8220;n-avem bani de gaz&#8221; vorbesc, ci ca este absolut elementar si necesar, pentru viitor ca Romania sa redevina exportator net de energie, e inacceptabil sa cumparam curent ca principiu, in viitor. Daca n-ai energia ta, o s-o cam sugi pe partea economica. <\/p>\n\n\n\n<p>Mi-e foarte greu sa cred ca un nene de calibrul dumnealui nu s-a gandit la asta. Sigur s-a gandit. Ce mi-e mai usor sa cred e ca , ca toti Romanii, ne gandim la chestii marete, da&#8217; n-avem vreun plan sa le punem in practica vreodata. <\/p>\n\n\n\n<p>Ceea ce vedem acum e doar o chestie minora. In viitor o sa nearda mai tare si intunericul se apropie. <\/p>\n\n\n\n<p><\/p>\n","protected":false},"excerpt":{"rendered":"<p>Textul \u0103sta nu e unul de tip bul\u0103 antiPSD, nu e legat de via\u021ba na\u0219pa din Romania, emigrare \u0219i probleme de sociologie \u0219i politic\u0103. E&hellip;<\/p>\n","protected":false},"author":2,"featured_media":15635,"comment_status":"open","ping_status":"open","sticky":false,"template":"","format":"standard","meta":{"jetpack_post_was_ever_published":false,"_jetpack_newsletter_access":"","_jetpack_dont_email_post_to_subs":false,"_jetpack_newsletter_tier_id":0,"_jetpack_memberships_contains_paywalled_content":false,"_jetpack_memberships_contains_paid_content":false,"footnotes":"","jetpack_publicize_message":"","jetpack_publicize_feature_enabled":true,"jetpack_social_post_already_shared":true,"jetpack_social_options":{"image_generator_settings":{"template":"highway","default_image_id":0,"font":"","enabled":false},"version":2}},"categories":[170,1],"tags":[3337,3340,3338,3339],"class_list":["post-15628","post","type-post","status-publish","format-standard","has-post-thumbnail","hentry","category-politice","category-uncategorized","tag-macroeconomie","tag-problema-energiei-in-viitor","tag-romania-devine-importator-de-energie","tag-scaderea-productiei-de-energie-in-romania"],"views":2195,"jetpack_publicize_connections":[],"jetpack_featured_media_url":"https:\/\/catalinx.ro\/wordpress\/wp-content\/uploads\/2019\/07\/bec_incandescent.jpg","jetpack_sharing_enabled":true,"jetpack_shortlink":"https:\/\/wp.me\/p4Eq23-444","jetpack-related-posts":[],"_links":{"self":[{"href":"https:\/\/catalinx.ro\/wordpress\/index.php?rest_route=\/wp\/v2\/posts\/15628","targetHints":{"allow":["GET"]}}],"collection":[{"href":"https:\/\/catalinx.ro\/wordpress\/index.php?rest_route=\/wp\/v2\/posts"}],"about":[{"href":"https:\/\/catalinx.ro\/wordpress\/index.php?rest_route=\/wp\/v2\/types\/post"}],"author":[{"embeddable":true,"href":"https:\/\/catalinx.ro\/wordpress\/index.php?rest_route=\/wp\/v2\/users\/2"}],"replies":[{"embeddable":true,"href":"https:\/\/catalinx.ro\/wordpress\/index.php?rest_route=%2Fwp%2Fv2%2Fcomments&post=15628"}],"version-history":[{"count":2,"href":"https:\/\/catalinx.ro\/wordpress\/index.php?rest_route=\/wp\/v2\/posts\/15628\/revisions"}],"predecessor-version":[{"id":15636,"href":"https:\/\/catalinx.ro\/wordpress\/index.php?rest_route=\/wp\/v2\/posts\/15628\/revisions\/15636"}],"wp:featuredmedia":[{"embeddable":true,"href":"https:\/\/catalinx.ro\/wordpress\/index.php?rest_route=\/wp\/v2\/media\/15635"}],"wp:attachment":[{"href":"https:\/\/catalinx.ro\/wordpress\/index.php?rest_route=%2Fwp%2Fv2%2Fmedia&parent=15628"}],"wp:term":[{"taxonomy":"category","embeddable":true,"href":"https:\/\/catalinx.ro\/wordpress\/index.php?rest_route=%2Fwp%2Fv2%2Fcategories&post=15628"},{"taxonomy":"post_tag","embeddable":true,"href":"https:\/\/catalinx.ro\/wordpress\/index.php?rest_route=%2Fwp%2Fv2%2Ftags&post=15628"}],"curies":[{"name":"wp","href":"https:\/\/api.w.org\/{rel}","templated":true}]}}