

{"id":15905,"date":"2019-08-16T18:59:41","date_gmt":"2019-08-16T17:59:41","guid":{"rendered":"http:\/\/catalinx.ro\/wordpress\/?p=15905"},"modified":"2019-08-17T15:02:33","modified_gmt":"2019-08-17T14:02:33","slug":"un-mesaj-bun-dar-posibil-tardiv","status":"publish","type":"post","link":"https:\/\/catalinx.ro\/wordpress\/?p=15905","title":{"rendered":"Un mesaj bun, dar posibil tardiv"},"content":{"rendered":"<div id=\"fb-root\"><\/div>\n<p>Lumea r\u00e2de de Orlando \u0219i de politicile lui, da&#8217; mie mi se pare cam unul din cei mai competen\u021bi din guvernul actual.<\/p>\n<p>Unele dintre lucrurile pe care le-a spus \u0219i le-a ini\u021biat, b\u0103i , chiar au sens.<\/p>\n<p>Ultima v\u0103zut\u0103 de mine e <a target=\"_blank\" rel=\"noopener noreferrer\" href=\"https:\/\/m.hotnews.ro\/stire\/23317672\">asta<\/a>.<\/p>\n<p><img loading=\"lazy\" decoding=\"async\" data-attachment-id=\"15906\" data-permalink=\"https:\/\/catalinx.ro\/wordpress\/?attachment_id=15906#main\" data-orig-file=\"https:\/\/catalinx.ro\/wordpress\/wp-content\/uploads\/2019\/08\/screenshot_20190816-2043006002614635965464208.png\" data-orig-size=\"1080,1920\" data-comments-opened=\"1\" data-image-meta=\"{&quot;aperture&quot;:&quot;0&quot;,&quot;credit&quot;:&quot;&quot;,&quot;camera&quot;:&quot;&quot;,&quot;caption&quot;:&quot;&quot;,&quot;created_timestamp&quot;:&quot;0&quot;,&quot;copyright&quot;:&quot;&quot;,&quot;focal_length&quot;:&quot;0&quot;,&quot;iso&quot;:&quot;0&quot;,&quot;shutter_speed&quot;:&quot;0&quot;,&quot;title&quot;:&quot;&quot;,&quot;orientation&quot;:&quot;0&quot;}\" data-image-title=\"screenshot_20190816-2043006002614635965464208.png\" data-image-description=\"\" data-image-caption=\"\" data-large-file=\"https:\/\/catalinx.ro\/wordpress\/wp-content\/uploads\/2019\/08\/screenshot_20190816-2043006002614635965464208-576x1024.png\" class=\"alignnone size-full wp-image-15906\" src=\"http:\/\/catalinx.ro\/wordpress\/wp-content\/uploads\/2019\/08\/screenshot_20190816-2043006002614635965464208.png\" width=\"1080\" height=\"1920\" data-temp-aztec-id=\"ab516577-d842-48ba-a5d8-5c1f9af6f5b2\" srcset=\"https:\/\/catalinx.ro\/wordpress\/wp-content\/uploads\/2019\/08\/screenshot_20190816-2043006002614635965464208.png 1080w, https:\/\/catalinx.ro\/wordpress\/wp-content\/uploads\/2019\/08\/screenshot_20190816-2043006002614635965464208-169x300.png 169w, https:\/\/catalinx.ro\/wordpress\/wp-content\/uploads\/2019\/08\/screenshot_20190816-2043006002614635965464208-768x1365.png 768w, https:\/\/catalinx.ro\/wordpress\/wp-content\/uploads\/2019\/08\/screenshot_20190816-2043006002614635965464208-576x1024.png 576w\" sizes=\"auto, (max-width: 1080px) 100vw, 1080px\" \/><\/p>\n<p>Pentru mine \u0219i pentru mul\u021bi mesajul lui nu mai are nicio miz\u0103 din dou\u0103 motive, \u00eens\u0103 m\u0103 duce cu g\u00e2ndul la o vorb\u0103 veche : mintea rom\u00e2nului cea de pe urm\u0103.<\/p>\n<p>Dup\u0103 ce c\u0103p\u0219unarii romulani au adus acas\u0103 saci de bani, dup\u0103 ce sacii \u0103ia s-au \u00eempu\u021binat c\u00e2nd pentru mul\u021bi \u00eentoarcerea acas\u0103 a c\u0103p\u0103tat un iz de idee proast\u0103, iar acas\u0103 a devenit un loc incert, politica rom\u00e2neasc\u0103 a avut o schimbare de pozi\u021bie, l\u0103tr\u00e2nd \u0219i ac\u021bion\u00e2nd deun\u0103zi anti-cap\u0219unari, mare parte din vina pentru retorica asta av\u00e2nd-o f\u0103r\u0103 \u00eendoial\u0103 PSD, \u00een strategia lor proast\u0103 de a \u00eencerca str\u00e2ngerea de voturi locale prin ridicarea unei sperietori \u0219i identificarea emigran\u021bilor ca fiind vinova\u021bii de problemele Rom\u00e2niei.<\/p>\n<p>Aici s-a gre\u0219it un pic. Poate cel mai vizionar om politic pe tem\u0103 a fost B\u0103se care la un moment dat a spus cu toat\u0103 gura pleca\u021bi taic\u0103, c\u0103 nu prea avem nimic p-aici . \u0218i nici solu\u021bii nu avea din interior.<\/p>\n<p>Cu o politic\u0103 bun\u0103 treaba asta cu emigratul \u00een mas\u0103 s-ar fi putut dovedi foarte prolific\u0103 pentru Rom\u00e2nia; bine, cu o politic\u0103 bun\u0103 multe lucruri ar putea fi prolifice, emigrarea nici nu ar mai fi o necesitate.<\/p>\n<p>Dar Rom\u00e2nia ca spa\u021biu, \u00een mod clar nu poate r\u0103spunde nevoilor majorit\u0103\u021bii cet\u0103\u021benilor \u0219i cei mai mult din cei cu poten\u021bial de orice fel vor pleca \u00een continuare. C\u0103 banii sunt afar\u0103.<\/p>\n<p>Nici nu ar trebui s\u0103 fie ceva de r\u0103u. Nu-i de neimaginat o \u021bar\u0103 care are majoritatea popula\u021biei afar\u0103. Mai \u0219tiu eu una, se nume\u0219te Israel \u0219i o duce foarte bine.<\/p>\n<p>Una din diferen\u021bele dintre ei \u0219i noi sunt <strong>un puternic sentiment na\u021bionalist <\/strong>al evreilor, care nou\u0103 ne lipse\u0219te cu des\u0103v\u00e2r\u0219ire.<\/p>\n<p>Acum, dup\u0103 o vreme, se pare c\u0103 Rom\u00e2nia duce dorul banilor c\u0103p\u0219unarilor.<\/p>\n<p>Acum, Orlando vrea s\u0103 fac\u0103 pace cu emigran\u021bii rom\u00e2ni c\u0103 asta este oferta lui cu CEC, sanchi, s\u0103 nu mai pl\u0103teasc\u0103 romulanii comisioane.<\/p>\n<p>Romulanii au descoperit Revolut \u0219i ru\u0219ii nu ne iau comisioane la banii pe care ii mut\u0103m de colo-colo.<\/p>\n<p>Deci oferta lui Teodorovici e, cumva, tardiv\u0103. CEC e, tehnic vorbind, o relicv\u0103.<\/p>\n<p>Dar ca atitudine a guvernului rom\u00e2n, c\u0103, politic, asta conteaz\u0103, nu pot dec\u00e2t s\u0103 salut ini\u021biativa.<\/p>\n<p>\u0218tiu, PSD e r\u0103u, nu zic s\u0103 \u00eei vota\u021bi pe ei sau ceva, priviti \u00eens\u0103 mai departe de lungul nasului \u0219i ve\u021bi descoperi o atitudine potrivit\u0103 a statului fa\u021b\u0103 de cet\u0103\u021benii s\u0103i.<\/p>\n<p>E normal s\u0103 fie a\u0219a pentru c\u0103 din ce \u00een ce mai mult, \u00een viitor , statul rom\u00e2n va avea nevoie de cet\u0103\u021benii s\u0103i emigran\u021bi.<\/p>\n","protected":false},"excerpt":{"rendered":"<p>Lumea r\u00e2de de Orlando \u0219i de politicile lui, da&#8217; mie mi se pare cam unul din cei mai competen\u021bi din guvernul actual. Unele dintre lucrurile&hellip;<\/p>\n","protected":false},"author":2,"featured_media":15907,"comment_status":"open","ping_status":"open","sticky":false,"template":"","format":"standard","meta":{"jetpack_post_was_ever_published":false,"_jetpack_newsletter_access":"","_jetpack_dont_email_post_to_subs":false,"_jetpack_newsletter_tier_id":0,"_jetpack_memberships_contains_paywalled_content":false,"_jetpack_memberships_contains_paid_content":false,"footnotes":"","jetpack_publicize_message":"","jetpack_publicize_feature_enabled":true,"jetpack_social_post_already_shared":true,"jetpack_social_options":{"image_generator_settings":{"template":"highway","default_image_id":0,"font":"","enabled":false},"version":2}},"categories":[170,1],"tags":[3404,3403],"class_list":["post-15905","post","type-post","status-publish","format-standard","has-post-thumbnail","hentry","category-politice","category-uncategorized","tag-eugen-teodorovici-atitudinea-guvernului-fata-de-diaspora","tag-orlando-si-banii-capsunarilor"],"views":1740,"jetpack_publicize_connections":[],"jetpack_featured_media_url":"https:\/\/catalinx.ro\/wordpress\/wp-content\/uploads\/2019\/08\/caution-tank-contains-political-promises-noticed-this-truck-on-the-3034254.png","jetpack_sharing_enabled":true,"jetpack_shortlink":"https:\/\/wp.me\/p4Eq23-48x","jetpack-related-posts":[],"_links":{"self":[{"href":"https:\/\/catalinx.ro\/wordpress\/index.php?rest_route=\/wp\/v2\/posts\/15905","targetHints":{"allow":["GET"]}}],"collection":[{"href":"https:\/\/catalinx.ro\/wordpress\/index.php?rest_route=\/wp\/v2\/posts"}],"about":[{"href":"https:\/\/catalinx.ro\/wordpress\/index.php?rest_route=\/wp\/v2\/types\/post"}],"author":[{"embeddable":true,"href":"https:\/\/catalinx.ro\/wordpress\/index.php?rest_route=\/wp\/v2\/users\/2"}],"replies":[{"embeddable":true,"href":"https:\/\/catalinx.ro\/wordpress\/index.php?rest_route=%2Fwp%2Fv2%2Fcomments&post=15905"}],"version-history":[{"count":3,"href":"https:\/\/catalinx.ro\/wordpress\/index.php?rest_route=\/wp\/v2\/posts\/15905\/revisions"}],"predecessor-version":[{"id":15912,"href":"https:\/\/catalinx.ro\/wordpress\/index.php?rest_route=\/wp\/v2\/posts\/15905\/revisions\/15912"}],"wp:featuredmedia":[{"embeddable":true,"href":"https:\/\/catalinx.ro\/wordpress\/index.php?rest_route=\/wp\/v2\/media\/15907"}],"wp:attachment":[{"href":"https:\/\/catalinx.ro\/wordpress\/index.php?rest_route=%2Fwp%2Fv2%2Fmedia&parent=15905"}],"wp:term":[{"taxonomy":"category","embeddable":true,"href":"https:\/\/catalinx.ro\/wordpress\/index.php?rest_route=%2Fwp%2Fv2%2Fcategories&post=15905"},{"taxonomy":"post_tag","embeddable":true,"href":"https:\/\/catalinx.ro\/wordpress\/index.php?rest_route=%2Fwp%2Fv2%2Ftags&post=15905"}],"curies":[{"name":"wp","href":"https:\/\/api.w.org\/{rel}","templated":true}]}}