

{"id":16164,"date":"2019-10-04T17:04:53","date_gmt":"2019-10-04T16:04:53","guid":{"rendered":"http:\/\/catalinx.ro\/wordpress\/?p=16164"},"modified":"2019-10-04T10:16:28","modified_gmt":"2019-10-04T09:16:28","slug":"motiunea-si-votul-in-weekend","status":"publish","type":"post","link":"https:\/\/catalinx.ro\/wordpress\/?p=16164","title":{"rendered":"Mo\u021biunea \u0219i votul \u00een weekend"},"content":{"rendered":"<div id=\"fb-root\"><\/div>\n\n<p>\u00cen\u021beleg c\u0103 mo\u021biunea <strong> <a href=\"https:\/\/www.digi24.ro\/stiri\/actualitate\/politica\/motiune-de-cenzura-pe-viata-si-pe-moarte-psd-a-declansat-marea-vanatoare-de-voturi-m-au-intrebat-de-ce-sunt-suparat-sa-rezolvam-1195736\">asta <\/a><\/strong> de cenzur\u0103 e o chestie, spre deosebire de celelalte de p\u00e2n\u0103 acum, care n-au fost. De ce, nici nu \u00eemi pas\u0103, elemente de strategie \u0219i coaching politic, cum nu sunt \u0219i n-am de g\u00e2nd s\u0103 fiu eu Ioani\u021boaia al  politicii na\u021bionale. Pentru asta exist\u0103 CTP. <\/p>\n\n\n\n<p>Dar ce mi-a atras aten\u021bia este c\u0103 PSD a vrut s\u0103 le trag\u0103 pre\u0219ul #noapteacaho\u021bii \u0219i s\u0103 stabileasc\u0103 votul mo\u021biunii \u00eentr-o s\u00e2mb\u0103t\u0103, <a href=\"http:\/\/www.ziare.com\/politica\/motiune-cenzura\/live-scandal-in-parlament-pe-tema-motiunii-de-cenzura-va-ramane-votul-in-weekend-cum-vrea-psd-1579672\">chestie care nu le-a ie\u0219it<\/a>, p\u00e2n\u0103 la urm\u0103.<\/p>\n\n\n\n<p><strong> C\u0103 nu a vrut nimeni s\u0103 vin\u0103 s\u00e2mb\u0103t\u0103 s\u0103 voteze, \u00een\u021beleg c\u0103 nici dintre ai PSD-ului , dac\u0103 au pierdut stabilirea ordinii de zi \u00een sensul \u0103sta.<\/strong><\/p>\n\n\n\n<p> \u0218i ce e \u0219i mai amuzant e c\u0103 unii se pl\u00e2ng c\u0103 \u0103stea ar fi \u201dtertipuri, cu iz infrac\u021bional\u201d. <\/p>\n\n\n\n<p>I-auzi, pula mea!<\/p>\n\n\n\n<p>Atunci am \u0219i eu o \u00eentrebare &#8211; restul popula\u021biei de ce sunt chema\u021bi la vot DIN TIMPUL LOR LIBER, DUMINICA, la orice fel de alegeri? Tot a\u0219a , cu tertipuri din astea o ardem , gen d\u0103-i \u00een pula mea pe \u0103ia, c\u0103 merg la munte \u0219i nu fac majoritate?<\/p>\n\n\n\n<p><\/p>\n","protected":false},"excerpt":{"rendered":"<p>\u00cen\u021beleg c\u0103 mo\u021biunea asta de cenzur\u0103 e o chestie, spre deosebire de celelalte de p\u00e2n\u0103 acum, care n-au fost. De ce, nici nu \u00eemi pas\u0103,&hellip;<\/p>\n","protected":false},"author":2,"featured_media":16165,"comment_status":"open","ping_status":"open","sticky":false,"template":"","format":"standard","meta":{"jetpack_post_was_ever_published":false,"_jetpack_newsletter_access":"","_jetpack_dont_email_post_to_subs":false,"_jetpack_newsletter_tier_id":0,"_jetpack_memberships_contains_paywalled_content":false,"_jetpack_memberships_contains_paid_content":false,"footnotes":"","jetpack_publicize_message":"","jetpack_publicize_feature_enabled":true,"jetpack_social_post_already_shared":true,"jetpack_social_options":{"image_generator_settings":{"template":"highway","default_image_id":0,"font":"","enabled":false},"version":2}},"categories":[170],"tags":[3489],"class_list":["post-16164","post","type-post","status-publish","format-standard","has-post-thumbnail","hentry","category-politice","tag-problema-votului-in-weeken"],"views":1765,"jetpack_publicize_connections":[],"jetpack_featured_media_url":"https:\/\/catalinx.ro\/wordpress\/wp-content\/uploads\/2019\/10\/tatov.png","jetpack_sharing_enabled":true,"jetpack_shortlink":"https:\/\/wp.me\/p4Eq23-4cI","jetpack-related-posts":[],"_links":{"self":[{"href":"https:\/\/catalinx.ro\/wordpress\/index.php?rest_route=\/wp\/v2\/posts\/16164","targetHints":{"allow":["GET"]}}],"collection":[{"href":"https:\/\/catalinx.ro\/wordpress\/index.php?rest_route=\/wp\/v2\/posts"}],"about":[{"href":"https:\/\/catalinx.ro\/wordpress\/index.php?rest_route=\/wp\/v2\/types\/post"}],"author":[{"embeddable":true,"href":"https:\/\/catalinx.ro\/wordpress\/index.php?rest_route=\/wp\/v2\/users\/2"}],"replies":[{"embeddable":true,"href":"https:\/\/catalinx.ro\/wordpress\/index.php?rest_route=%2Fwp%2Fv2%2Fcomments&post=16164"}],"version-history":[{"count":1,"href":"https:\/\/catalinx.ro\/wordpress\/index.php?rest_route=\/wp\/v2\/posts\/16164\/revisions"}],"predecessor-version":[{"id":16166,"href":"https:\/\/catalinx.ro\/wordpress\/index.php?rest_route=\/wp\/v2\/posts\/16164\/revisions\/16166"}],"wp:featuredmedia":[{"embeddable":true,"href":"https:\/\/catalinx.ro\/wordpress\/index.php?rest_route=\/wp\/v2\/media\/16165"}],"wp:attachment":[{"href":"https:\/\/catalinx.ro\/wordpress\/index.php?rest_route=%2Fwp%2Fv2%2Fmedia&parent=16164"}],"wp:term":[{"taxonomy":"category","embeddable":true,"href":"https:\/\/catalinx.ro\/wordpress\/index.php?rest_route=%2Fwp%2Fv2%2Fcategories&post=16164"},{"taxonomy":"post_tag","embeddable":true,"href":"https:\/\/catalinx.ro\/wordpress\/index.php?rest_route=%2Fwp%2Fv2%2Ftags&post=16164"}],"curies":[{"name":"wp","href":"https:\/\/api.w.org\/{rel}","templated":true}]}}