

{"id":16579,"date":"2020-01-06T08:51:52","date_gmt":"2020-01-06T08:51:52","guid":{"rendered":"http:\/\/catalinx.ro\/wordpress\/?p=16579"},"modified":"2020-01-01T18:58:53","modified_gmt":"2020-01-01T18:58:53","slug":"cum-devii-antivaccinos","status":"publish","type":"post","link":"https:\/\/catalinx.ro\/wordpress\/?p=16579","title":{"rendered":"Cum devii antivaccinos"},"content":{"rendered":"<div id=\"fb-root\"><\/div>\n\n<p>N-am devenit din \u0103ia \u0219i sper s\u0103 nu devin prea cur\u00e2nd (vreodata), dar este o pant\u0103 pe care-o po\u021bi apuca destul de u\u0219or \u0219i nu depinde dec\u00e2t par\u021bial de mine, cu toat\u0103 obiectivitatea de care poate da dovad\u0103 un om, oric\u00e2t de inteligent l-ai b\u0103nui tu c\u0103 poate fi.  <\/p>\n\n\n\n<p>Omul este prin defini\u021bie subiectiv; prin defini\u021bia modului \u00een care \u00eenva\u021b\u0103 \u0219i acumuleaz\u0103 cuno\u0219tin\u021be. Se spune c\u0103 pro\u0219tii \u00eenva\u0103 din gre\u0219elile lor, iar de\u0219tep\u021bii din ale altora. <\/p>\n\n\n\n<p>Exemplu practic.  Copilul cel mic a facut dou\u0103 vaccinuri (\u00een aceea\u0219i zi, motivul mai jos) \u0219i era un pic afectat\u0103 de vreme, tuse, chestii  normale pentru vremea asta ( nu grip\u0103  &#8211; e vaccinat\u0103 \u0219i anti grip\u0103, le fac \u0103\u0219tia la \u0219coal\u0103) \u0219i la c\u00e2teva zile dup\u0103 a dezvoltat o inflama\u021bie la urechi &#8211; aveam \u0219i eu probleme din \u0103stea c\u00e2nd eram copil ( canale str\u00e2mte) care s-a concretizat \u00eentr-o infec\u021bie la una din ele, destul de ur\u00e2\u021bic\u0103, cu ceva purulen\u021b\u0103 &#8211; d-\u0103stea na mai avut vreodata. <\/p>\n\n\n\n<p>Sigur c\u0103 a\u0219 putea s\u0103 o iau ca pe o coinciden\u021b\u0103 , dar e \u0219tiut faptul c\u0103 vaccinurile sensibilizeaz\u0103 un pic sistemul imunitar \u00een perioada de imunizare \u0219i <strong>pot ap\u0103rea <\/strong> efecte adverse. <\/p>\n\n\n\n<p>Acuma, infec\u021bia asta e tratabil\u0103 \u0219i am luat m\u0103surile posibile, medic, tratament cu antibiotice \u0219i ce mai e ( toat\u0103 poliloghia e ca s\u0103 nu trec cumva drept un retardat care crede in homeopatie, aiur veda \u0219i medicina naturist\u0103 german\u0103, sau ceva).  Probabil, p\u00e2n\u0103 \u00een momentul public\u0103rii articolului \u0103sta totul va fi ok. <\/p>\n\n\n\n<p>Dar realitatea e c\u0103 e posibil ca lucrurile s\u0103 \u201emearg\u0103 c\u0103tre sud\u201d \u0219i nu \u0219tii de unde sare moartea cu coasa, care poate nu te omoar\u0103, da-\u021bi taie o ureche, un picior, ceva. <\/p>\n\n\n\n<p>\u00cen momentul \u0103la ai putea accepta c\u0103 e\u0219ti doar statistic\u0103, \u0103la 1 din 100,000, sau cineva care a supt-o cu vaccinurile, dar ai sc\u0103pat de probabilitatea de a te \u00eemboln\u0103vi de altceva, cum ar fi o poliomielit\u0103, o meningit\u0103, o pneumonie, o grip\u0103 \u0219i dracu\u021b mai \u0219tie ce.  De la toate \u0103stea po\u021bi muri, dac\u0103 te \u00eemboln\u0103ve\u0219ti, dar \u00een cazuri foarte rare, \u0219i de la o complica\u021bie ap\u0103rut\u0103 <strong> pe fondul <\/strong> unui vaccin. <\/p>\n\n\n\n<p>Nu-i amuzant s\u0103 te \u00eemboln\u0103ve\u0219ti de polio, dar nici s\u0103 tragi de altceva \u00een timp ce vrei s\u0103 evi\u021bi polio.  Chiar deloc.  Sunt probabilit\u0103\u021bi \u0219i probabilit\u0103\u021bi, statistica zice c\u0103 \u0219ansa e mai mic\u0103 s\u0103 p\u0103\u021be\u0219ti ceva de la un vaccin \u0219i trebuie c\u0103-i corect\u0103, dar statistica personal\u0103 \u00eentotdeauna o bate pe aia general\u0103, c\u0103-i o alegere pe care o faci \u0219i-o dat\u0103 decis\u0103 defavorabil \u021bie, nu mai e vorba de probabilit\u0103\u021bi ci de ghinion sau fatalit\u0103\u021bi. <\/p>\n\n\n\n<p>Scriu asta pentru c\u0103 sunt prea pu\u021bine lucruri consemnate faptic \u0219i pe internet g\u0103se\u0219ti foarte multe emo\u021bii. Iar treaba cu de ce dou\u0103 vaccinuri \u00eentr-o zi e legat\u0103 de statul rom\u00e2n care e unul antivaccinist &#8211; muie Arafat, nu-l mai d\u0103 nimeni afar\u0103 pe \u0103la o dat\u0103?<\/p>\n\n\n\n<p>Cu asta vreau s\u0103 spun c\u0103 pe l\u00e2ng\u0103 c\u0103 nu g\u0103se\u0219ti vaccinuri ( noi am g\u0103sit) , \u00een Rom\u00e2nia nu se fac \u00een schema aia standard, din c\u00e2te am g\u0103sit consemnat \u0219i noi \u0219i personalul medical de aici \u00een cartea de vaccin a copilului, vaccinuri anti pneumococi , dar mai ales anti meningit\u0103. <\/p>\n\n\n\n<p>\u0218i lipseau cam multe chestii  fa\u021b\u0103 de schema \u0103stora de vaccinare, care nu puteau fi compilate \u00eentr-o singur\u0103 doz\u0103, \u00een\u021bep\u0103tur\u0103.  Sunt necesare vreo 3, de fapt. Dar erau prea multe \u0219i hai cu dou\u0103.  Una era vaccinul standard din schem\u0103 conform v\u00e2rstei \u0219i una acoperea o parte din agen\u021bii \u00eempotriva c\u0103rora trebuia s\u0103 fi fost imunizat\u0103 anterior, dar nu-s cuprin\u0219i \u00een vaccinurile care se practic\u0103 \u00een Rom\u00e2nia, din ce \u00eemi dau seama. \u0218i e na\u0219pa c\u00e2nd observi c\u0103 n-ai \u00een istoricul medical nimic anti-meningit\u0103 ( iar de la asta se moare <a href=\"https:\/\/www.libertatea.ro\/stiri\/caz-de-meningita-la-colegiul-gheorghe-lazar-din-capitala-2609379\">rapid \u0219i f\u0103r\u0103 mari posibilit\u0103\u021bi de interven\u021bie<\/a>, dac\u0103 te nimere\u0219ti prin Rom\u00e2nia) <\/p>\n\n\n\n<p>\u0218i cam a\u0219a st\u0103 treaba, la un moment dat, \u00eentr-un caz extrem, m-a\u0219 putea sim\u021bi vinovat \u0219i m-a\u0219 putea \u00eentreba \u201dce pula mea m-a m\u00e2ncat \u00een cur?\u201d, nu puteam s\u0103 las probabilit\u0103\u021bile naturale nealterate \u0219i s\u0103 intervin doar reactiv?<\/p>\n\n\n\n<p>Nu po\u021bi s\u0103 dez\u00eenve\u021bi ceea ce \u021bi se \u00eent\u00e2mpl\u0103 sau s\u0103 ignori, dec\u00e2t dac\u0103 ai alzheimer sau e\u0219ti idiot, e \u00een condi\u021bia oric\u0103rui organism dotat cu inteligen\u021b\u0103 \u0219i capacitatea \u00eenv\u0103\u021b\u0103rii. La fel \u0219i subiectivismul &#8211; \u00een teoria AI-urilor se nume\u0219te limitarea dat\u0103 de setul de date, maximul local, cum ar veni &#8211;  experien\u021ba personal\u0103. <\/p>\n\n\n\n<p><\/p>\n\n\n\n<p><\/p>\n","protected":false},"excerpt":{"rendered":"<p>N-am devenit din \u0103ia \u0219i sper s\u0103 nu devin prea cur\u00e2nd (vreodata), dar este o pant\u0103 pe care-o po\u021bi apuca destul de u\u0219or \u0219i nu&hellip;<\/p>\n","protected":false},"author":2,"featured_media":16580,"comment_status":"open","ping_status":"open","sticky":false,"template":"","format":"standard","meta":{"jetpack_post_was_ever_published":false,"_jetpack_newsletter_access":"","_jetpack_dont_email_post_to_subs":false,"_jetpack_newsletter_tier_id":0,"_jetpack_memberships_contains_paywalled_content":false,"_jetpack_memberships_contains_paid_content":false,"footnotes":"","jetpack_publicize_message":"","jetpack_publicize_feature_enabled":true,"jetpack_social_post_already_shared":true,"jetpack_social_options":{"image_generator_settings":{"template":"highway","default_image_id":0,"font":"","enabled":false},"version":2}},"categories":[614,136,571,500],"tags":[3596,3598,3599],"class_list":["post-16579","post","type-post","status-publish","format-standard","has-post-thumbnail","hentry","category-bio","category-civilisation","category-life-log","category-self","tag-antivaccinism","tag-infectii-urechi","tag-vaccinuri-uk"],"views":1641,"jetpack_publicize_connections":[],"jetpack_featured_media_url":"https:\/\/catalinx.ro\/wordpress\/wp-content\/uploads\/2019\/12\/vaccine-allergies.jpg","jetpack_sharing_enabled":true,"jetpack_shortlink":"https:\/\/wp.me\/p4Eq23-4jp","jetpack-related-posts":[],"_links":{"self":[{"href":"https:\/\/catalinx.ro\/wordpress\/index.php?rest_route=\/wp\/v2\/posts\/16579","targetHints":{"allow":["GET"]}}],"collection":[{"href":"https:\/\/catalinx.ro\/wordpress\/index.php?rest_route=\/wp\/v2\/posts"}],"about":[{"href":"https:\/\/catalinx.ro\/wordpress\/index.php?rest_route=\/wp\/v2\/types\/post"}],"author":[{"embeddable":true,"href":"https:\/\/catalinx.ro\/wordpress\/index.php?rest_route=\/wp\/v2\/users\/2"}],"replies":[{"embeddable":true,"href":"https:\/\/catalinx.ro\/wordpress\/index.php?rest_route=%2Fwp%2Fv2%2Fcomments&post=16579"}],"version-history":[{"count":1,"href":"https:\/\/catalinx.ro\/wordpress\/index.php?rest_route=\/wp\/v2\/posts\/16579\/revisions"}],"predecessor-version":[{"id":16581,"href":"https:\/\/catalinx.ro\/wordpress\/index.php?rest_route=\/wp\/v2\/posts\/16579\/revisions\/16581"}],"wp:featuredmedia":[{"embeddable":true,"href":"https:\/\/catalinx.ro\/wordpress\/index.php?rest_route=\/wp\/v2\/media\/16580"}],"wp:attachment":[{"href":"https:\/\/catalinx.ro\/wordpress\/index.php?rest_route=%2Fwp%2Fv2%2Fmedia&parent=16579"}],"wp:term":[{"taxonomy":"category","embeddable":true,"href":"https:\/\/catalinx.ro\/wordpress\/index.php?rest_route=%2Fwp%2Fv2%2Fcategories&post=16579"},{"taxonomy":"post_tag","embeddable":true,"href":"https:\/\/catalinx.ro\/wordpress\/index.php?rest_route=%2Fwp%2Fv2%2Ftags&post=16579"}],"curies":[{"name":"wp","href":"https:\/\/api.w.org\/{rel}","templated":true}]}}