

{"id":17637,"date":"2020-05-20T10:06:41","date_gmt":"2020-05-20T09:06:41","guid":{"rendered":"http:\/\/catalinx.ro\/wordpress\/?p=17637"},"modified":"2020-05-20T10:06:41","modified_gmt":"2020-05-20T09:06:41","slug":"ecrane-si-planuri","status":"publish","type":"post","link":"https:\/\/catalinx.ro\/wordpress\/?p=17637","title":{"rendered":"Ecrane \u0219i planuri"},"content":{"rendered":"<div id=\"fb-root\"><\/div>\n\n<p>Aveam eu \u00een plan s\u0103 nu \u00eemi cump\u0103r laptop anul \u0103sta. <\/p>\n\n\n\n<p>B\u0103, ce plan bun era, serios. Cum ar veni, vrei s\u0103 economise\u0219ti acum 100% din 1500 de euro, sau chiar din 2000 de euro? Perfect, am solu\u021bia pentru tine! Nu \u00ee\u021bi cump\u0103ra laptop <strong>ACUM<\/strong>! Nici luna viitoare! Am\u00e2n\u0103 pentru la anul! <\/p>\n\n\n\n<p>A\u0219a ar trebui s\u0103 sune toate reclamele din \u0103lea cu reduceri, care te \u00eenva\u021b\u0103 s\u0103 \u201deconomise\u0219ti\u201d.<\/p>\n\n\n\n<p>Dar socoteala de acas\u0103 nu se potrive\u0219te cu l\u0103sat laptopul \u00eencins \u0219i deschis pe prisp\u0103 peste noapte, peste fulgere \u0219i tr\u0103znete \u0219i-o mam\u0103 de ploaie ca-n pove\u0219ti. <\/p>\n\n\n\n<p>Din \u0103lea horror, de la care c\u00e2nd te treze\u0219ti vezi ecranul speriat de moarte, p\u00e2lp\u00e2ind cu ultima sc\u00e2nteiere de pixeli de  \u00ee\u021bi vine s\u0103-l iei la ciocan s\u0103-l indrep\u021bi, dar nu e vina lui, s\u0103racul. <\/p>\n\n\n\n<p>Hmm. L-am desf\u0103cut \u0219i dup\u0103 ce i-am bibilit un pic contactul <strong>pare s\u0103 mearg\u0103, nu \u0219tiu pentru c\u00e2t timp. <\/strong><\/p>\n\n\n\n<p>Am monitor extern, la o adic\u0103, s\u0103 rezolv o repezeal\u0103. Dar zic, coaie, eu nu risc. \u00cen primul r\u00e2nd \u00eemi cump\u0103r un display s\u0103-l schimb c\u00e2nd m\u0103 enerveaz\u0103.<\/p>\n\n\n\n<p>\u0218i dau pe net \u201ddisplay thinkpad 460p pre\u021b\u201d. \u00cen Rom\u00e2nia pula display de  460<strong>p. <\/strong> Nu conteaz\u0103 a\u0219a mult, cred c\u0103-s compatibile \u0219i \u0103lea de 460, \u0219i de la s-uri, c\u0103-s tot pe 30 de pini, asta e \u0219menozeala la Thinkpad. Posibil s\u0103 fie mici probleme de calibrare sau cu driverele, dar \u00een principiu merge de rupe \u0219i de la alte modele. <\/p>\n\n\n\n<p>\u0218I m\u0103 duc curajos pe primul link s\u0103-mi iau o lopat\u0103 \u00een muie. <\/p>\n\n\n\n<figure class=\"wp-block-image size-large\"><img loading=\"lazy\" decoding=\"async\" width=\"1292\" height=\"534\" data-attachment-id=\"17638\" data-permalink=\"https:\/\/catalinx.ro\/wordpress\/?attachment_id=17638#main\" data-orig-file=\"https:\/\/catalinx.ro\/wordpress\/wp-content\/uploads\/2020\/05\/image-4.png\" data-orig-size=\"1292,534\" data-comments-opened=\"1\" data-image-meta=\"{&quot;aperture&quot;:&quot;0&quot;,&quot;credit&quot;:&quot;&quot;,&quot;camera&quot;:&quot;&quot;,&quot;caption&quot;:&quot;&quot;,&quot;created_timestamp&quot;:&quot;0&quot;,&quot;copyright&quot;:&quot;&quot;,&quot;focal_length&quot;:&quot;0&quot;,&quot;iso&quot;:&quot;0&quot;,&quot;shutter_speed&quot;:&quot;0&quot;,&quot;title&quot;:&quot;&quot;,&quot;orientation&quot;:&quot;0&quot;}\" data-image-title=\"image-4\" data-image-description=\"\" data-image-caption=\"\" data-large-file=\"https:\/\/catalinx.ro\/wordpress\/wp-content\/uploads\/2020\/05\/image-4.png\" src=\"https:\/\/catalinx.ro\/wordpress\/wp-content\/uploads\/2020\/05\/image-4.png\" alt=\"\" class=\"wp-image-17638\" srcset=\"https:\/\/catalinx.ro\/wordpress\/wp-content\/uploads\/2020\/05\/image-4.png 1292w, https:\/\/catalinx.ro\/wordpress\/wp-content\/uploads\/2020\/05\/image-4-480x198.png 480w, https:\/\/catalinx.ro\/wordpress\/wp-content\/uploads\/2020\/05\/image-4-200x83.png 200w, https:\/\/catalinx.ro\/wordpress\/wp-content\/uploads\/2020\/05\/image-4-768x317.png 768w\" sizes=\"auto, (max-width: 1292px) 100vw, 1292px\" \/><\/figure>\n\n\n\n<p><\/p>\n\n\n\n<p>Nicio problema mai cautam la altii .  Mai ieftin , iee, pe rezolutie de aragaz 768p. Muie. <\/p>\n\n\n\n<p><\/p>\n\n\n\n<figure class=\"wp-block-image size-large\"><img loading=\"lazy\" decoding=\"async\" width=\"1650\" height=\"985\" data-attachment-id=\"17639\" data-permalink=\"https:\/\/catalinx.ro\/wordpress\/?attachment_id=17639#main\" data-orig-file=\"https:\/\/catalinx.ro\/wordpress\/wp-content\/uploads\/2020\/05\/image-5.png\" data-orig-size=\"1650,985\" data-comments-opened=\"1\" data-image-meta=\"{&quot;aperture&quot;:&quot;0&quot;,&quot;credit&quot;:&quot;&quot;,&quot;camera&quot;:&quot;&quot;,&quot;caption&quot;:&quot;&quot;,&quot;created_timestamp&quot;:&quot;0&quot;,&quot;copyright&quot;:&quot;&quot;,&quot;focal_length&quot;:&quot;0&quot;,&quot;iso&quot;:&quot;0&quot;,&quot;shutter_speed&quot;:&quot;0&quot;,&quot;title&quot;:&quot;&quot;,&quot;orientation&quot;:&quot;0&quot;}\" data-image-title=\"image-5\" data-image-description=\"\" data-image-caption=\"\" data-large-file=\"https:\/\/catalinx.ro\/wordpress\/wp-content\/uploads\/2020\/05\/image-5.png\" src=\"https:\/\/catalinx.ro\/wordpress\/wp-content\/uploads\/2020\/05\/image-5.png\" alt=\"\" class=\"wp-image-17639\" srcset=\"https:\/\/catalinx.ro\/wordpress\/wp-content\/uploads\/2020\/05\/image-5.png 1650w, https:\/\/catalinx.ro\/wordpress\/wp-content\/uploads\/2020\/05\/image-5-480x287.png 480w, https:\/\/catalinx.ro\/wordpress\/wp-content\/uploads\/2020\/05\/image-5-200x119.png 200w, https:\/\/catalinx.ro\/wordpress\/wp-content\/uploads\/2020\/05\/image-5-768x458.png 768w, https:\/\/catalinx.ro\/wordpress\/wp-content\/uploads\/2020\/05\/image-5-1536x917.png 1536w\" sizes=\"auto, (max-width: 1650px) 100vw, 1650px\" \/><\/figure>\n\n\n\n<p><\/p>\n\n\n\n<p>Romulanu&#8217; tot din specul\u0103  tr\u0103ie\u0219te, m\u0103.  Bine, eu nu zic nu, s\u0103 tr\u0103iasc\u0103 ( \u00een p\u0103m\u00e2nt ca morcovii, desigur) \u0219i s\u0103 fie s\u0103n\u0103to\u0219i, dac\u0103 a\u0219a merge treaba, pot s\u0103-i mai dau ni\u0219te bani  lu&#8217; Bezos, c-o fi s\u0103rac.<\/p>\n\n\n\n<figure class=\"wp-block-image size-large\"><img loading=\"lazy\" decoding=\"async\" width=\"1542\" height=\"413\" data-attachment-id=\"17640\" data-permalink=\"https:\/\/catalinx.ro\/wordpress\/?attachment_id=17640#main\" data-orig-file=\"https:\/\/catalinx.ro\/wordpress\/wp-content\/uploads\/2020\/05\/image-6.png\" data-orig-size=\"1542,413\" data-comments-opened=\"1\" data-image-meta=\"{&quot;aperture&quot;:&quot;0&quot;,&quot;credit&quot;:&quot;&quot;,&quot;camera&quot;:&quot;&quot;,&quot;caption&quot;:&quot;&quot;,&quot;created_timestamp&quot;:&quot;0&quot;,&quot;copyright&quot;:&quot;&quot;,&quot;focal_length&quot;:&quot;0&quot;,&quot;iso&quot;:&quot;0&quot;,&quot;shutter_speed&quot;:&quot;0&quot;,&quot;title&quot;:&quot;&quot;,&quot;orientation&quot;:&quot;0&quot;}\" data-image-title=\"image-6\" data-image-description=\"\" data-image-caption=\"\" data-large-file=\"https:\/\/catalinx.ro\/wordpress\/wp-content\/uploads\/2020\/05\/image-6.png\" src=\"https:\/\/catalinx.ro\/wordpress\/wp-content\/uploads\/2020\/05\/image-6.png\" alt=\"\" class=\"wp-image-17640\" srcset=\"https:\/\/catalinx.ro\/wordpress\/wp-content\/uploads\/2020\/05\/image-6.png 1542w, https:\/\/catalinx.ro\/wordpress\/wp-content\/uploads\/2020\/05\/image-6-480x129.png 480w, https:\/\/catalinx.ro\/wordpress\/wp-content\/uploads\/2020\/05\/image-6-200x54.png 200w, https:\/\/catalinx.ro\/wordpress\/wp-content\/uploads\/2020\/05\/image-6-768x206.png 768w, https:\/\/catalinx.ro\/wordpress\/wp-content\/uploads\/2020\/05\/image-6-1536x411.png 1536w\" sizes=\"auto, (max-width: 1542px) 100vw, 1542px\" \/><\/figure>\n\n\n\n<p><\/p>\n","protected":false},"excerpt":{"rendered":"<p>Aveam eu \u00een plan s\u0103 nu \u00eemi cump\u0103r laptop anul \u0103sta. B\u0103, ce plan bun era, serios. Cum ar veni, vrei s\u0103 economise\u0219ti acum 100%&hellip;<\/p>\n","protected":false},"author":2,"featured_media":17523,"comment_status":"open","ping_status":"open","sticky":false,"template":"","format":"standard","meta":{"jetpack_post_was_ever_published":false,"_jetpack_newsletter_access":"","_jetpack_dont_email_post_to_subs":false,"_jetpack_newsletter_tier_id":0,"_jetpack_memberships_contains_paywalled_content":false,"_jetpack_memberships_contains_paid_content":false,"footnotes":"","jetpack_publicize_message":"","jetpack_publicize_feature_enabled":true,"jetpack_social_post_already_shared":true,"jetpack_social_options":{"image_generator_settings":{"template":"highway","default_image_id":0,"font":"","enabled":false},"version":2}},"categories":[136,571],"tags":[3884,3108],"class_list":["post-17637","post","type-post","status-publish","format-standard","has-post-thumbnail","hentry","category-civilisation","category-life-log","tag-display-de-thinkpad-pret","tag-schimbare-display-thinkpad"],"views":1463,"jetpack_publicize_connections":[],"jetpack_featured_media_url":"https:\/\/catalinx.ro\/wordpress\/wp-content\/uploads\/2020\/04\/la-tara-biroul-de-primava-carantina.jpg","jetpack_sharing_enabled":true,"jetpack_shortlink":"https:\/\/wp.me\/p4Eq23-4At","jetpack-related-posts":[],"_links":{"self":[{"href":"https:\/\/catalinx.ro\/wordpress\/index.php?rest_route=\/wp\/v2\/posts\/17637","targetHints":{"allow":["GET"]}}],"collection":[{"href":"https:\/\/catalinx.ro\/wordpress\/index.php?rest_route=\/wp\/v2\/posts"}],"about":[{"href":"https:\/\/catalinx.ro\/wordpress\/index.php?rest_route=\/wp\/v2\/types\/post"}],"author":[{"embeddable":true,"href":"https:\/\/catalinx.ro\/wordpress\/index.php?rest_route=\/wp\/v2\/users\/2"}],"replies":[{"embeddable":true,"href":"https:\/\/catalinx.ro\/wordpress\/index.php?rest_route=%2Fwp%2Fv2%2Fcomments&post=17637"}],"version-history":[{"count":1,"href":"https:\/\/catalinx.ro\/wordpress\/index.php?rest_route=\/wp\/v2\/posts\/17637\/revisions"}],"predecessor-version":[{"id":17641,"href":"https:\/\/catalinx.ro\/wordpress\/index.php?rest_route=\/wp\/v2\/posts\/17637\/revisions\/17641"}],"wp:featuredmedia":[{"embeddable":true,"href":"https:\/\/catalinx.ro\/wordpress\/index.php?rest_route=\/wp\/v2\/media\/17523"}],"wp:attachment":[{"href":"https:\/\/catalinx.ro\/wordpress\/index.php?rest_route=%2Fwp%2Fv2%2Fmedia&parent=17637"}],"wp:term":[{"taxonomy":"category","embeddable":true,"href":"https:\/\/catalinx.ro\/wordpress\/index.php?rest_route=%2Fwp%2Fv2%2Fcategories&post=17637"},{"taxonomy":"post_tag","embeddable":true,"href":"https:\/\/catalinx.ro\/wordpress\/index.php?rest_route=%2Fwp%2Fv2%2Ftags&post=17637"}],"curies":[{"name":"wp","href":"https:\/\/api.w.org\/{rel}","templated":true}]}}