

{"id":17671,"date":"2020-06-23T17:24:15","date_gmt":"2020-06-23T16:24:15","guid":{"rendered":"http:\/\/catalinx.ro\/wordpress\/?p=17671"},"modified":"2020-06-23T23:27:34","modified_gmt":"2020-06-23T22:27:34","slug":"dor-de-zbor-care-s-mai-umblati-dintre-ai-batrani","status":"publish","type":"post","link":"https:\/\/catalinx.ro\/wordpress\/?p=17671","title":{"rendered":"Dor de Zbor: Care-s mai umbla\u021bi dintre \u0103i b\u0103tr\u00e2ni?"},"content":{"rendered":"<div id=\"fb-root\"><\/div>\n\n<p><strong>Introspec\u021bie statistic\u0103 :<\/strong><\/p>\n\n\n\n<p>Deoarece cred cel mai bine in statisticile mele, fac ni\u0219te experimente \u00eencruci\u0219ate pe tem\u0103 pentru a afla date statistice. De unde? De la facebook, pula mea, cel mai mare statistician al vremurilor noastre. <\/p>\n\n\n\n<p>Daca v\u0103 vine unu&#8217; la u\u0219\u0103, sau v\u0103 opre\u0219te pe strad\u0103, s\u0103-i r\u0103spunde\u021bi la \u00eentreb\u0103ri pentru un sondaj, \u00eel lua\u021bi la goan\u0103, c\u0103 v\u0103 cere datele personale \u0219i n-ave\u021bi timp de el. Dar pe facebook nu, lu&#8217; \u0103la i le spune\u021bi pe toate pe gratis: mail, num\u0103r de telefon, adresa de acas\u0103 , ocupa\u021bia \u0219i restul de informa\u021bii le afl\u0103 el f\u0103r\u0103 s\u0103 v\u0103 pun\u0103 prea multe \u00eentreb\u0103ri explicite. <\/p>\n\n\n\n<p>A\u0219a c\u0103, pula mea, \u00eel pl\u0103tesc \u0219i eu pe facebook \u0219i mai aflu una alta. Nu, nu adresele \u0219i numerele de telefon, nu-mi pas\u0103 de alea .  Am observat \u00eent\u00e2mpl\u0103tor c\u0103 peste o anumit\u0103 v\u00e2rst\u0103 femeile par s\u0103 st\u0103p\u00e2neasc\u0103 mai bine realitatea geopolitic\u0103 \u0219i social\u0103 din afara \u021b\u0103rii dec\u00e2t b\u0103rba\u021bii. <\/p>\n\n\n\n<p>Practic, nu r\u00e2de\u021bi, la v\u00e2rsta  a treia \u0219i spre, b\u0103rba\u021bii sunt mai pro\u0219ti, spus a\u0219a neao\u0219.<\/p>\n\n\n\n<p>Audien\u021ba e redus\u0103 la v\u00e2rste reduse c\u0103 am setat eu un target de la 30 de ani \u00een sus. Am o idee de ce apar \u0219i persoane pe segmentul de v\u00e2rst\u0103 sub 18 ani, c\u0103 nici FB nu e perfect \u0219i se bazeaz\u0103 pe share \u0219i like.<\/p>\n\n\n\n<figure class=\"wp-block-image size-large\"><img loading=\"lazy\" decoding=\"async\" width=\"496\" height=\"582\" data-attachment-id=\"17672\" data-permalink=\"https:\/\/catalinx.ro\/wordpress\/?attachment_id=17672#main\" data-orig-file=\"https:\/\/catalinx.ro\/wordpress\/wp-content\/uploads\/2020\/05\/image-8.png\" data-orig-size=\"496,582\" data-comments-opened=\"1\" data-image-meta=\"{&quot;aperture&quot;:&quot;0&quot;,&quot;credit&quot;:&quot;&quot;,&quot;camera&quot;:&quot;&quot;,&quot;caption&quot;:&quot;&quot;,&quot;created_timestamp&quot;:&quot;0&quot;,&quot;copyright&quot;:&quot;&quot;,&quot;focal_length&quot;:&quot;0&quot;,&quot;iso&quot;:&quot;0&quot;,&quot;shutter_speed&quot;:&quot;0&quot;,&quot;title&quot;:&quot;&quot;,&quot;orientation&quot;:&quot;0&quot;}\" data-image-title=\"image-8\" data-image-description=\"\" data-image-caption=\"\" data-large-file=\"https:\/\/catalinx.ro\/wordpress\/wp-content\/uploads\/2020\/05\/image-8.png\" src=\"https:\/\/catalinx.ro\/wordpress\/wp-content\/uploads\/2020\/05\/image-8.png\" alt=\"\" class=\"wp-image-17672\" srcset=\"https:\/\/catalinx.ro\/wordpress\/wp-content\/uploads\/2020\/05\/image-8.png 496w, https:\/\/catalinx.ro\/wordpress\/wp-content\/uploads\/2020\/05\/image-8-409x480.png 409w, https:\/\/catalinx.ro\/wordpress\/wp-content\/uploads\/2020\/05\/image-8-170x200.png 170w\" sizes=\"auto, (max-width: 496px) 100vw, 496px\" \/><\/figure>\n\n\n\n<p>Am r\u0103mas surprins s\u0103 v\u0103d biasul  catre cal\u0103tori frecven\u021bi \u0219i familiile lor  mai degrab\u0103 c\u0103tre v\u00e2rste \u00eenaintate. <\/p>\n\n\n\n<p>\u0218i mi-am adus aminte de o chestie verificat\u0103 cu alt\u0103 ocazie. \u00cen Rom\u00e2nia peste o anumit\u0103 v\u00e2rst\u0103, bunicii c\u0103l\u0103toresc pentru a ajuta la cre\u0219terea nepo\u021bilor. \u0218i este \u00eentr-o propor\u021bie mai mare vorba de femei. Mult mai mare. <\/p>\n\n\n\n<p>Drept care, e interesant s\u0103 observi c\u0103 femeile ( babele)  c\u0103l\u0103toresc prin lume \u00een interes de bone \u0219i v\u0103d europa, \u00een timp ce consor\u021bii lor discut\u0103 politici mondiale la c\u00e2rcium\u0103, de obicei. Av\u00e2nd, desigur, ei opinii bine informate de pe canalele de \u0219tiri \u0219i din share-uri de facebook. <\/p>\n\n\n\n<p>Ce spun , mai din scurt, e c\u0103 statistic ta\u021bii no\u0219tri sunt ni\u0219te bo\u0219orogi \u00eengu\u0219ti la minte, mai manipulabili \u0219i mai neinforma\u021bi dec\u00e2t mamele noastre. <\/p>\n\n\n\n<p>Chestiunea asta o observasem a\u0219a, discut\u00e2nd cu lumea, dar nu f\u0103cusem leg\u0103tura \u0219i am \u0219i eu un bias natural, normal.<\/p>\n\n\n\n<p>Desigur, graficul \u0103sta are \u0219i el un posibil bias, acela c\u0103 femeile de v\u00e2rste \u00eenaintate e posibil s\u0103 stea mai mult pe telefon\/ calculator dec\u00e2t bo\u0219orogii lor \u0219i mai e \u0219i aspectul bias-ului  dat de faptul c\u0103 \u00een Rom\u00e2nia b\u0103rba\u021bii mor primii \u0219i la v\u00e2rste \u00eenaintate g\u0103se\u0219ti mai multe femei \u00een via\u021b\u0103, dar \u0103stea-s subtilit\u0103\u021bi.<\/p>\n\n\n\n<p>Concluzia e c\u0103 bunicile c\u0103l\u0103toresc mai mult. \u0218i v\u0103d mai multe.  Nu \u0219tiu dac\u0103 \u0103\u0219tia cu politichia, care-s probabil mai interesa\u021bi dec\u00e2t mine de statisticile astea au sau nu \u00een vedere aceste aspecte, sau se bazeaz\u0103 oricum pe faptul c\u0103 \u201eb\u0103rbatul conduce\u201d \u00eentr-un sat tradi\u021bional ( voiam s\u0103 scriu stat, dar m-am r\u0103zg\u00e2ndit). <\/p>\n","protected":false},"excerpt":{"rendered":"<p>Introspec\u021bie statistic\u0103 : Deoarece cred cel mai bine in statisticile mele, fac ni\u0219te experimente \u00eencruci\u0219ate pe tem\u0103 pentru a afla date statistice. De unde? De&hellip;<\/p>\n","protected":false},"author":2,"featured_media":17673,"comment_status":"open","ping_status":"open","sticky":false,"template":"","format":"standard","meta":{"jetpack_post_was_ever_published":false,"_jetpack_newsletter_access":"","_jetpack_dont_email_post_to_subs":false,"_jetpack_newsletter_tier_id":0,"_jetpack_memberships_contains_paywalled_content":false,"_jetpack_memberships_contains_paid_content":false,"footnotes":"","jetpack_publicize_message":"","jetpack_publicize_feature_enabled":true,"jetpack_social_post_already_shared":true,"jetpack_social_options":{"image_generator_settings":{"template":"highway","default_image_id":0,"font":"","enabled":false},"version":2}},"categories":[1207,170],"tags":[3899,3900],"class_list":["post-17671","post","type-post","status-publish","format-standard","has-post-thumbnail","hentry","category-cucultura","category-politice","tag-cine-calatoreste-mai-mult-la-varsta-a-treia","tag-femeile-s-mai-umblate-decat-barbatii"],"views":1642,"jetpack_publicize_connections":[],"jetpack_featured_media_url":"https:\/\/catalinx.ro\/wordpress\/wp-content\/uploads\/2020\/05\/labirt.jpg","jetpack_sharing_enabled":true,"jetpack_shortlink":"https:\/\/wp.me\/p4Eq23-4B1","jetpack-related-posts":[],"_links":{"self":[{"href":"https:\/\/catalinx.ro\/wordpress\/index.php?rest_route=\/wp\/v2\/posts\/17671","targetHints":{"allow":["GET"]}}],"collection":[{"href":"https:\/\/catalinx.ro\/wordpress\/index.php?rest_route=\/wp\/v2\/posts"}],"about":[{"href":"https:\/\/catalinx.ro\/wordpress\/index.php?rest_route=\/wp\/v2\/types\/post"}],"author":[{"embeddable":true,"href":"https:\/\/catalinx.ro\/wordpress\/index.php?rest_route=\/wp\/v2\/users\/2"}],"replies":[{"embeddable":true,"href":"https:\/\/catalinx.ro\/wordpress\/index.php?rest_route=%2Fwp%2Fv2%2Fcomments&post=17671"}],"version-history":[{"count":2,"href":"https:\/\/catalinx.ro\/wordpress\/index.php?rest_route=\/wp\/v2\/posts\/17671\/revisions"}],"predecessor-version":[{"id":17819,"href":"https:\/\/catalinx.ro\/wordpress\/index.php?rest_route=\/wp\/v2\/posts\/17671\/revisions\/17819"}],"wp:featuredmedia":[{"embeddable":true,"href":"https:\/\/catalinx.ro\/wordpress\/index.php?rest_route=\/wp\/v2\/media\/17673"}],"wp:attachment":[{"href":"https:\/\/catalinx.ro\/wordpress\/index.php?rest_route=%2Fwp%2Fv2%2Fmedia&parent=17671"}],"wp:term":[{"taxonomy":"category","embeddable":true,"href":"https:\/\/catalinx.ro\/wordpress\/index.php?rest_route=%2Fwp%2Fv2%2Fcategories&post=17671"},{"taxonomy":"post_tag","embeddable":true,"href":"https:\/\/catalinx.ro\/wordpress\/index.php?rest_route=%2Fwp%2Fv2%2Ftags&post=17671"}],"curies":[{"name":"wp","href":"https:\/\/api.w.org\/{rel}","templated":true}]}}