

{"id":17891,"date":"2020-07-02T07:00:57","date_gmt":"2020-07-02T06:00:57","guid":{"rendered":"https:\/\/catalinx.ro\/wordpress\/?p=17891"},"modified":"2020-07-02T09:49:39","modified_gmt":"2020-07-02T08:49:39","slug":"un-vin-scurt-zweigelt","status":"publish","type":"post","link":"https:\/\/catalinx.ro\/wordpress\/?p=17891","title":{"rendered":"Un vin scurt: Zweigelt"},"content":{"rendered":"<div id=\"fb-root\"><\/div>\n\n<p>Spuneam al&#8217;dat\u0103, <a rel=\"noreferrer noopener\" href=\"https:\/\/catalinx.ro\/wordpress\/?p=17632\" target=\"_blank\">c\u00e2nd aveam mai mult\u0103 poft\u0103 de povestit<\/a> despre vinuri, c\u0103 B\u0103beasca Neagr\u0103 se aseam\u0103n\u0103 cu vinul national austriac, Zweigelt. \u0218i cum mergeam eu a\u0219a nevinovat prin Sainsbury, fix pe l\u00e2ng\u0103 raionul de vinuri, citind etichete, ca un pasionat de literatur\u0103, pac v\u0103d o sticl\u0103 de din \u0103sta ( singura dat\u0103 am v\u0103zut \u0219i b\u0103ut \u00een Germania ) \u0219i, pac , \u00eel \u00eenha\u021b pentru portofoliu. Portofoliu, adic\u0103 s\u0103 \u00eel beau a doua zi. <\/p>\n\n\n\n<p>Da, tot \u0103la e gustul. U\u0219or, tinerel, cam fresh a\u0219a, merge de b\u0103ut, dar e mai bun\u0103 b\u0103beasca de Nicore\u0219ti, f\u0103r\u0103 \u00eendoial\u0103. <\/p>\n\n\n\n<figure class=\"wp-block-image size-large\"><img loading=\"lazy\" decoding=\"async\" width=\"1500\" height=\"2000\" data-attachment-id=\"17889\" data-permalink=\"https:\/\/catalinx.ro\/wordpress\/?attachment_id=17889\" data-orig-file=\"https:\/\/catalinx.ro\/wordpress\/wp-content\/uploads\/2020\/06\/vin-austriac-zweigelt8271003234040263757.jpg\" data-orig-size=\"1500,2000\" data-comments-opened=\"1\" data-image-meta=\"{&quot;aperture&quot;:&quot;0&quot;,&quot;credit&quot;:&quot;&quot;,&quot;camera&quot;:&quot;&quot;,&quot;caption&quot;:&quot;&quot;,&quot;created_timestamp&quot;:&quot;0&quot;,&quot;copyright&quot;:&quot;&quot;,&quot;focal_length&quot;:&quot;0&quot;,&quot;iso&quot;:&quot;0&quot;,&quot;shutter_speed&quot;:&quot;0&quot;,&quot;title&quot;:&quot;&quot;,&quot;orientation&quot;:&quot;0&quot;}\" data-image-title=\"vin-austriac-zweigelt8271003234040263757.jpg\" data-image-description=\"\" data-image-caption=\"\" data-large-file=\"https:\/\/catalinx.ro\/wordpress\/wp-content\/uploads\/2020\/06\/vin-austriac-zweigelt8271003234040263757-1440x1920.jpg\" src=\"https:\/\/catalinx.ro\/wordpress\/wp-content\/uploads\/2020\/06\/vin-austriac-zweigelt8271003234040263757.jpg\" alt=\"\" class=\"wp-image-17889\" srcset=\"https:\/\/catalinx.ro\/wordpress\/wp-content\/uploads\/2020\/06\/vin-austriac-zweigelt8271003234040263757.jpg 1500w, https:\/\/catalinx.ro\/wordpress\/wp-content\/uploads\/2020\/06\/vin-austriac-zweigelt8271003234040263757-360x480.jpg 360w, https:\/\/catalinx.ro\/wordpress\/wp-content\/uploads\/2020\/06\/vin-austriac-zweigelt8271003234040263757-1440x1920.jpg 1440w, https:\/\/catalinx.ro\/wordpress\/wp-content\/uploads\/2020\/06\/vin-austriac-zweigelt8271003234040263757-150x200.jpg 150w, https:\/\/catalinx.ro\/wordpress\/wp-content\/uploads\/2020\/06\/vin-austriac-zweigelt8271003234040263757-768x1024.jpg 768w, https:\/\/catalinx.ro\/wordpress\/wp-content\/uploads\/2020\/06\/vin-austriac-zweigelt8271003234040263757-1152x1536.jpg 1152w\" sizes=\"auto, (max-width: 1500px) 100vw, 1500px\" \/><\/figure>\n\n\n\n<figure class=\"wp-block-image size-large\"><img loading=\"lazy\" decoding=\"async\" width=\"1689\" height=\"2000\" data-attachment-id=\"17890\" data-permalink=\"https:\/\/catalinx.ro\/wordpress\/?attachment_id=17890\" data-orig-file=\"https:\/\/catalinx.ro\/wordpress\/wp-content\/uploads\/2020\/06\/vin-austriac-zweigelt-pahar4263284164296437394.jpg\" data-orig-size=\"1689,2000\" data-comments-opened=\"1\" data-image-meta=\"{&quot;aperture&quot;:&quot;0&quot;,&quot;credit&quot;:&quot;&quot;,&quot;camera&quot;:&quot;&quot;,&quot;caption&quot;:&quot;&quot;,&quot;created_timestamp&quot;:&quot;0&quot;,&quot;copyright&quot;:&quot;&quot;,&quot;focal_length&quot;:&quot;0&quot;,&quot;iso&quot;:&quot;0&quot;,&quot;shutter_speed&quot;:&quot;0&quot;,&quot;title&quot;:&quot;&quot;,&quot;orientation&quot;:&quot;0&quot;}\" data-image-title=\"vin-austriac-zweigelt-pahar4263284164296437394.jpg\" data-image-description=\"\" data-image-caption=\"\" data-large-file=\"https:\/\/catalinx.ro\/wordpress\/wp-content\/uploads\/2020\/06\/vin-austriac-zweigelt-pahar4263284164296437394-1621x1920.jpg\" src=\"https:\/\/catalinx.ro\/wordpress\/wp-content\/uploads\/2020\/06\/vin-austriac-zweigelt-pahar4263284164296437394.jpg\" alt=\"\" class=\"wp-image-17890\" srcset=\"https:\/\/catalinx.ro\/wordpress\/wp-content\/uploads\/2020\/06\/vin-austriac-zweigelt-pahar4263284164296437394.jpg 1689w, https:\/\/catalinx.ro\/wordpress\/wp-content\/uploads\/2020\/06\/vin-austriac-zweigelt-pahar4263284164296437394-405x480.jpg 405w, https:\/\/catalinx.ro\/wordpress\/wp-content\/uploads\/2020\/06\/vin-austriac-zweigelt-pahar4263284164296437394-1621x1920.jpg 1621w, https:\/\/catalinx.ro\/wordpress\/wp-content\/uploads\/2020\/06\/vin-austriac-zweigelt-pahar4263284164296437394-169x200.jpg 169w, https:\/\/catalinx.ro\/wordpress\/wp-content\/uploads\/2020\/06\/vin-austriac-zweigelt-pahar4263284164296437394-768x909.jpg 768w, https:\/\/catalinx.ro\/wordpress\/wp-content\/uploads\/2020\/06\/vin-austriac-zweigelt-pahar4263284164296437394-1297x1536.jpg 1297w\" sizes=\"auto, (max-width: 1689px) 100vw, 1689px\" \/><\/figure>\n\n\n\n<p>\u00cen cazul \u00een care nu prea v\u0103 da\u021bi seama din ce scriu eu, e un \u00eendemn patriotic ( nu patriotard, cred c\u0103 am b\u0103ut destul s\u0103 fac o minim\u0103 diferen\u021b\u0103 \u00eentre vinuri ) ca dac\u0103 sunte\u021bi \u00een Rom\u00e2nia, cump\u0103ra\u021bi vin rom\u00e2nesc f\u0103r\u0103 nicio jen\u0103 ,nu va caca\u021bi pe voi umbl\u00e2nd dup\u0103 vinuri fran\u021buze\u0219ti sau de alte \u00eenstr\u0103in\u0103ri din dou\u0103 motive. <\/p>\n\n\n\n<p>1) Pe \u0103lea bune str\u0103inie nu prea le g\u0103si\u021bi prin Romania, nici m\u0103car pe cele decente.<\/p>\n\n\n\n<p>2) Vinurile romulane pentru pre\u021burile la care se v\u00e2nd sunt relativ mai de calitate dec\u00e2t cele str\u0103ine. <\/p>\n\n\n\n<p>Singura condi\u021bie e s\u0103 cump\u0103ra\u021bi totu\u0219i vinuri nu po\u0219irci. Adic\u0103 nu chiar din alea de 10 lei sticla la supermarket. <\/p>\n","protected":false},"excerpt":{"rendered":"<p>Spuneam al&#8217;dat\u0103, c\u00e2nd aveam mai mult\u0103 poft\u0103 de povestit despre vinuri, c\u0103 B\u0103beasca Neagr\u0103 se aseam\u0103n\u0103 cu vinul national austriac, Zweigelt. \u0218i cum mergeam eu&hellip;<\/p>\n","protected":false},"author":2,"featured_media":17889,"comment_status":"open","ping_status":"open","sticky":false,"template":"","format":"standard","meta":{"jetpack_post_was_ever_published":false,"_jetpack_newsletter_access":"","_jetpack_dont_email_post_to_subs":false,"_jetpack_newsletter_tier_id":0,"_jetpack_memberships_contains_paywalled_content":false,"_jetpack_memberships_contains_paid_content":false,"footnotes":"","jetpack_publicize_message":"","jetpack_publicize_feature_enabled":true,"jetpack_social_post_already_shared":true,"jetpack_social_options":{"image_generator_settings":{"template":"highway","default_image_id":0,"font":"","enabled":false},"version":2}},"categories":[375],"tags":[3991],"class_list":["post-17891","post","type-post","status-publish","format-standard","has-post-thumbnail","hentry","category-vinuri","tag-vin-austriac-zweigelt"],"views":1063,"jetpack_publicize_connections":[],"jetpack_featured_media_url":"https:\/\/catalinx.ro\/wordpress\/wp-content\/uploads\/2020\/06\/vin-austriac-zweigelt8271003234040263757.jpg","jetpack_sharing_enabled":true,"jetpack_shortlink":"https:\/\/wp.me\/p4Eq23-4Ez","jetpack-related-posts":[],"_links":{"self":[{"href":"https:\/\/catalinx.ro\/wordpress\/index.php?rest_route=\/wp\/v2\/posts\/17891","targetHints":{"allow":["GET"]}}],"collection":[{"href":"https:\/\/catalinx.ro\/wordpress\/index.php?rest_route=\/wp\/v2\/posts"}],"about":[{"href":"https:\/\/catalinx.ro\/wordpress\/index.php?rest_route=\/wp\/v2\/types\/post"}],"author":[{"embeddable":true,"href":"https:\/\/catalinx.ro\/wordpress\/index.php?rest_route=\/wp\/v2\/users\/2"}],"replies":[{"embeddable":true,"href":"https:\/\/catalinx.ro\/wordpress\/index.php?rest_route=%2Fwp%2Fv2%2Fcomments&post=17891"}],"version-history":[{"count":1,"href":"https:\/\/catalinx.ro\/wordpress\/index.php?rest_route=\/wp\/v2\/posts\/17891\/revisions"}],"predecessor-version":[{"id":17906,"href":"https:\/\/catalinx.ro\/wordpress\/index.php?rest_route=\/wp\/v2\/posts\/17891\/revisions\/17906"}],"wp:featuredmedia":[{"embeddable":true,"href":"https:\/\/catalinx.ro\/wordpress\/index.php?rest_route=\/wp\/v2\/media\/17889"}],"wp:attachment":[{"href":"https:\/\/catalinx.ro\/wordpress\/index.php?rest_route=%2Fwp%2Fv2%2Fmedia&parent=17891"}],"wp:term":[{"taxonomy":"category","embeddable":true,"href":"https:\/\/catalinx.ro\/wordpress\/index.php?rest_route=%2Fwp%2Fv2%2Fcategories&post=17891"},{"taxonomy":"post_tag","embeddable":true,"href":"https:\/\/catalinx.ro\/wordpress\/index.php?rest_route=%2Fwp%2Fv2%2Ftags&post=17891"}],"curies":[{"name":"wp","href":"https:\/\/api.w.org\/{rel}","templated":true}]}}