

{"id":18675,"date":"2020-11-09T15:20:12","date_gmt":"2020-11-09T15:20:12","guid":{"rendered":"http:\/\/catalinx.ro\/wordpress\/?p=18675"},"modified":"2020-11-09T15:20:12","modified_gmt":"2020-11-09T15:20:12","slug":"scurt-cu-avem-un-vaccin-in-romania","status":"publish","type":"post","link":"https:\/\/catalinx.ro\/wordpress\/?p=18675","title":{"rendered":"Scurt cu &#8220;avem un vaccin&#8221; \u00een Rom\u00e2nia"},"content":{"rendered":"<div id=\"fb-root\"><\/div>\n\n<p>Nu \u00eencepur\u0103 \u0103\u0219tia de la Pfizer sa trimit\u0103 doze  pe undeva \u00eenc\u0103, dar pe toate sursele de \u0219tiri din Rom\u00e2nia se vorbe\u0219te de \u201d<a href=\"https:\/\/www.mediafax.ro\/coronavirus\/vaccinul-anti-covid-dezvoltat-de-pfizer-si-biontech-se-are-o-eficienta-de-peste-90-astazi-este-o-zi-minunata-pentru-stiinta-si-umanitate-19738248\">avem un vaccin<\/a>\u201d \u0219i ce minunat e. <\/p>\n\n\n\n<p>N-ave\u021bi, coaie, nimic, momentan. Ave\u021bi restric\u021bii de calatorie, noaptea se iese iar doar cu declara\u021bie, o parte din economie \u00eenchis\u0103, \u0219omajul iar \u00een cre\u0219tere, \u0219coala d-abia au \u00eenchis-o, cazurile \u0219i mor\u021bii sunt \u00een cre\u0219tere accelerat\u0103 la limita la care mai poate sistemul s\u0103 numere ceva.<\/p>\n\n\n\n<p>Ave\u021bi pula pe b\u0103\u021b, adic\u0103.  Au unii un vaccin care \u201dcic\u0103\u201d ar merge \u00een propor\u021bie de 90% ( dac\u0103 ar fi a\u0219a ar fi beton, c\u0103 dac\u0103 injectezi  fie \u0219i 50% din populime cu vaccinul pizdii \u00eencetine\u0219ti transmiterea cu minim 55%) dar r\u0103m\u00e2ne de v\u0103zut \u00een termeni reali, iar \u00eenainte de ram\u00e2ne de v\u0103zut, mai avem de murit vreo 6-12 luni. Ho, nu v\u0103 gr\u0103bi\u021bi , c\u0103 nu anun\u021bar\u0103 \u0103ia de la Pfizer c\u0103 primii c\u0103rora li se va livra vaccinul \u0103la sunt rom\u00e2nii. Planul este de vreun miliard \u0219i ceva de doze pe 2021, sunt vreo 300 de milioane de americani, dup\u0103 aia mai o gr\u0103mad\u0103 de alte na\u021bii un pic mai \u00een fa\u021b\u0103 la coad\u0103. <\/p>\n\n\n\n<p>Asta \u00eenseamn\u0103 ca POATE prin august septembrie anul viitor avem ceva palpabil, dac\u0103 nu cumva mai apar \u0219i al\u021bi produc\u0103tori pe pia\u021b\u0103 p\u00e2n\u0103 atunci.  <\/p>\n\n\n\n<p>Masca pe figur\u0103 \u0219i nu mai visa\u021bi. <\/p>\n\n\n\n<p><\/p>\n","protected":false},"excerpt":{"rendered":"<p>Nu \u00eencepur\u0103 \u0103\u0219tia de la Pfizer sa trimit\u0103 doze pe undeva \u00eenc\u0103, dar pe toate sursele de \u0219tiri din Rom\u00e2nia se vorbe\u0219te de \u201davem un&hellip;<\/p>\n","protected":false},"author":2,"featured_media":18676,"comment_status":"open","ping_status":"open","sticky":false,"template":"","format":"standard","meta":{"jetpack_post_was_ever_published":false,"_jetpack_newsletter_access":"","_jetpack_dont_email_post_to_subs":false,"_jetpack_newsletter_tier_id":0,"_jetpack_memberships_contains_paywalled_content":false,"_jetpack_memberships_contains_paid_content":false,"footnotes":"","jetpack_publicize_message":"","jetpack_publicize_feature_enabled":true,"jetpack_social_post_already_shared":true,"jetpack_social_options":{"image_generator_settings":{"template":"highway","default_image_id":0,"font":"","enabled":false},"version":2}},"categories":[473],"tags":[3796,4151],"class_list":["post-18675","post","type-post","status-publish","format-standard","has-post-thumbnail","hentry","category-breaking-news","tag-covid-19","tag-vaccin-covid-2021"],"views":1669,"jetpack_publicize_connections":[],"jetpack_featured_media_url":"https:\/\/catalinx.ro\/wordpress\/wp-content\/uploads\/2020\/11\/dragonflies.jpg","jetpack_sharing_enabled":true,"jetpack_shortlink":"https:\/\/wp.me\/p4Eq23-4Rd","jetpack-related-posts":[],"_links":{"self":[{"href":"https:\/\/catalinx.ro\/wordpress\/index.php?rest_route=\/wp\/v2\/posts\/18675","targetHints":{"allow":["GET"]}}],"collection":[{"href":"https:\/\/catalinx.ro\/wordpress\/index.php?rest_route=\/wp\/v2\/posts"}],"about":[{"href":"https:\/\/catalinx.ro\/wordpress\/index.php?rest_route=\/wp\/v2\/types\/post"}],"author":[{"embeddable":true,"href":"https:\/\/catalinx.ro\/wordpress\/index.php?rest_route=\/wp\/v2\/users\/2"}],"replies":[{"embeddable":true,"href":"https:\/\/catalinx.ro\/wordpress\/index.php?rest_route=%2Fwp%2Fv2%2Fcomments&post=18675"}],"version-history":[{"count":1,"href":"https:\/\/catalinx.ro\/wordpress\/index.php?rest_route=\/wp\/v2\/posts\/18675\/revisions"}],"predecessor-version":[{"id":18677,"href":"https:\/\/catalinx.ro\/wordpress\/index.php?rest_route=\/wp\/v2\/posts\/18675\/revisions\/18677"}],"wp:featuredmedia":[{"embeddable":true,"href":"https:\/\/catalinx.ro\/wordpress\/index.php?rest_route=\/wp\/v2\/media\/18676"}],"wp:attachment":[{"href":"https:\/\/catalinx.ro\/wordpress\/index.php?rest_route=%2Fwp%2Fv2%2Fmedia&parent=18675"}],"wp:term":[{"taxonomy":"category","embeddable":true,"href":"https:\/\/catalinx.ro\/wordpress\/index.php?rest_route=%2Fwp%2Fv2%2Fcategories&post=18675"},{"taxonomy":"post_tag","embeddable":true,"href":"https:\/\/catalinx.ro\/wordpress\/index.php?rest_route=%2Fwp%2Fv2%2Ftags&post=18675"}],"curies":[{"name":"wp","href":"https:\/\/api.w.org\/{rel}","templated":true}]}}