

{"id":18953,"date":"2021-01-08T12:12:16","date_gmt":"2021-01-08T12:12:16","guid":{"rendered":"http:\/\/catalinx.ro\/wordpress\/?p=18953"},"modified":"2021-01-08T12:23:46","modified_gmt":"2021-01-08T12:23:46","slug":"sa-mai-demontam-un-pic-de-antivaccinism","status":"publish","type":"post","link":"https:\/\/catalinx.ro\/wordpress\/?p=18953","title":{"rendered":"Mincino\u0219i antivaccino\u0219i"},"content":{"rendered":"<div id=\"fb-root\"><\/div>\n\n<p>Circul\u0103 pe facebook &#8211; de ceva vreme &#8211; fi\u021buica asta  de <strong> dez(informare)   <\/strong> cu privire la campania de vaccinare anticovid. <\/p>\n\n\n\n<figure class=\"wp-block-image size-large is-style-default\"><img loading=\"lazy\" decoding=\"async\" width=\"677\" height=\"705\" data-attachment-id=\"18954\" data-permalink=\"https:\/\/catalinx.ro\/wordpress\/?attachment_id=18954#main\" data-orig-file=\"https:\/\/catalinx.ro\/wordpress\/wp-content\/uploads\/2021\/01\/INFORMARE-FALSA-CAMPANIA-DE-VACCINARE-DR-TATU.png\" data-orig-size=\"677,705\" data-comments-opened=\"1\" data-image-meta=\"{&quot;aperture&quot;:&quot;0&quot;,&quot;credit&quot;:&quot;&quot;,&quot;camera&quot;:&quot;&quot;,&quot;caption&quot;:&quot;&quot;,&quot;created_timestamp&quot;:&quot;0&quot;,&quot;copyright&quot;:&quot;&quot;,&quot;focal_length&quot;:&quot;0&quot;,&quot;iso&quot;:&quot;0&quot;,&quot;shutter_speed&quot;:&quot;0&quot;,&quot;title&quot;:&quot;&quot;,&quot;orientation&quot;:&quot;0&quot;}\" data-image-title=\"INFORMARE-FALSA-CAMPANIA-DE-VACCINARE-DR-TATU\" data-image-description=\"\" data-image-caption=\"\" data-large-file=\"https:\/\/catalinx.ro\/wordpress\/wp-content\/uploads\/2021\/01\/INFORMARE-FALSA-CAMPANIA-DE-VACCINARE-DR-TATU.png\" src=\"https:\/\/catalinx.ro\/wordpress\/wp-content\/uploads\/2021\/01\/INFORMARE-FALSA-CAMPANIA-DE-VACCINARE-DR-TATU.png\" alt=\"\" class=\"wp-image-18954\" srcset=\"https:\/\/catalinx.ro\/wordpress\/wp-content\/uploads\/2021\/01\/INFORMARE-FALSA-CAMPANIA-DE-VACCINARE-DR-TATU.png 677w, https:\/\/catalinx.ro\/wordpress\/wp-content\/uploads\/2021\/01\/INFORMARE-FALSA-CAMPANIA-DE-VACCINARE-DR-TATU-461x480.png 461w, https:\/\/catalinx.ro\/wordpress\/wp-content\/uploads\/2021\/01\/INFORMARE-FALSA-CAMPANIA-DE-VACCINARE-DR-TATU-192x200.png 192w\" sizes=\"auto, (max-width: 677px) 100vw, 677px\" \/><\/figure>\n\n\n\n<p>Organiza\u021bia al c\u0103rui director executiv se pretinde a fi domnul Dr. ( nu \u0219tiu nici dac\u0103 e doctor \u00een ceva) <strong>Adrian Tatu<\/strong> nu pare s\u0103 existe  \u00eenregistrat\u0103 sub vreo form\u0103 legal\u0103. Asta nu \u00eenseamn\u0103 c\u0103 nu poate exista \u00eentr-un cadru informal, doar c\u0103 \u0219tampila  antetul \u0219i aerul formal dat de  aceast\u0103 not\u0103 de informare nu valoreaz\u0103 nimic mai mult dec\u00e2t o discu\u021bie de radio-\u0219an\u021b scoas\u0103 la imprimant\u0103. <\/p>\n\n\n\n<p>Nu putem identifica formal organiz\u021bia, care sunt membrii constituen\u021bi ce \u00eei recomand\u0103 profesional pe ace\u0219tia s\u0103 aib\u0103 p\u0103reri despre vaccinuri  sau orice altceva. <\/p>\n\n\n\n<p>Miroase mai degrab\u0103 a un indiciu de impostur\u0103, iar  domnul <strong>Adrian<\/strong> <strong>Tatu<\/strong> are antecedente penale \u00een acest sens, <strong><a href=\"https:\/\/adevarul.ro\/locale\/galati\/sri-l-a-reclamat-penal-medicul-roman-joaca-de-a-spionul-international-decizia-surprinzatoare-procurorilor-1_59843bbf5ab6550cb8bc2886\/index.html\">fiind inculpat \u00eentr-un proces<\/a><\/strong> pentru <a href=\"https:\/\/adevarul.ro\/locale\/galati\/cum-joaca-de-a-spionul-international-medic-roman-ani-zile-foloseste-ilegal-stampila-insemnele-sri-cia-1_598311715ab6550cb8b6c632\/index.html\">folosirea \u00eensemnelor SRI f\u0103r\u0103 drept<\/a>, \u00een contextul unor afi\u0219e lipite, pentru a induce \u00eencrederea c\u0103tre popula\u021bie c\u0103 acestea au o importan\u021b\u0103 girat\u0103 de autorit\u0103\u021bi ale statului. <\/p>\n\n\n\n<p>Mai mult dec\u00e2t at\u00e2t, la momentul acela MApN<a href=\"https:\/\/alba24.ro\/mapn-demonteaza-stirile-false-despre-vaccinare-obligatorie-ce-precizari-aduce-armata-812935.html\"> <strong>a dezmin\u021bit<\/strong><\/a> partea de comunicat care se refer\u0103 la armat\u0103 \u0219i a clarificat faptul c\u0103 vaccinul se afla, la acel moment, \u00een procesul de autorizare . <\/p>\n\n\n\n<p><strong>\u00centre timp vaccinul a fost aprobat de <a href=\"https:\/\/www.ema.europa.eu\/en\/news\/ema-recommends-first-covid-19-vaccine-authorisation-eu\" data-type=\"URL\" data-id=\"https:\/\/www.ema.europa.eu\/en\/news\/ema-recommends-first-covid-19-vaccine-authorisation-eu\">Agentia European\u0103 de Medicament<\/a><\/strong> \u00een data de 21. 12.2020<\/p>\n\n\n\n<p>Fi\u021buica continu\u0103 s\u0103 circule pe internet pentru ca Facebook prioritizeaz\u0103 \u0219i blocheaz\u0103 accesul la comunicare nu \u00een func\u021bie de calitatea mesajelor ci de propria politic\u0103 \u0219i de suma pl\u0103tit\u0103 pentru difuzare. <\/p>\n\n\n\n<p>Vaccinul NU ESTE CU TITLU DE MEDICAMENT EXPERIMENTAL \u00eentruc\u00e2t a fost trecut prin fazele studiilor clinice. Pentru ce conteaz\u0103, a fost trecut <strong>pe repede \u00eenainte prin fazele alea, <\/strong> de aceea \u0219i aprobarea este una \u00een regim special , dar s-au f\u0103cut studii clinice pe 44,000 de persoane, iar dup\u0103 milioane de doze &#8211; de\u0219i efecte secundare exist\u0103 ele sunt definite \u00een acest moment drept minore, raportate la beneficiile estimate. <\/p>\n\n\n\n<p>Se vorbe\u0219te c\u0103 \u00een timpul testelor clinice AR FI murit 6 persoane DIN CAUZA vaccinului.  Au murit, \u00eentradev\u0103r, <a href=\"https:\/\/www.reuters.com\/article\/uk-factcheck-pfizer-health-concerns\/fact-check-clarifying-claims-around-pfizer-vaccine-deaths-and-side-effects-idUSKBN28K2R6?edition-redirect=uk\">6 persoane<\/a> care au participat la studii. <\/p>\n\n\n\n<p>4 dintre ele nu au primit vaccinul, ci au fost injectate cu placebo ( ser \u0219i ceva care s\u0103 dea impresia pacientului de vaccin). Pentru c\u0103 a\u0219a se fac studiile, aproximativ jum\u0103tate din subiec\u021bi primesc medicamentul, ceilal\u021bi nu \u00eel primesc \u0219i se m\u0103soar\u0103 evolu\u021biile clinice pe AMBELE grupuri. <\/p>\n\n\n\n<p>Moartea oamenilor care sunt subiec\u021bii studiilor clinice este un efect secundar destul de serios ( nu m\u0103 pot g\u00e2ndi la altul mai serios) \u0219i se studiaz\u0103 cu aten\u021bie.  E evident c\u0103 cele 4 persoane care NU AU primit vaccinul , ci placebo, au murit din alte cauze. <\/p>\n\n\n\n<p>Cele dou\u0103 persoane care au primit vaccinul au murit, unul la 62 de zile dup\u0103 a doua doz\u0103 de atac de cord, iar cel\u0103lalt la 3 zile dup\u0103 prima doz\u0103, de arterosleroz\u0103. \u00cen ambele cazuri, cauza mor\u021bii a nu a fost legat\u0103 de vaccin. <\/p>\n\n\n\n<p>Chiar dac\u0103 vrei s\u0103 fii sceptic \u0219i s\u0103 nu-i crezi pe cercet\u0103tori cu privire la cele 2 mor\u021bi din 44,000 ia \u00een calcul c\u0103 la fiecare 44,000 de oameni care nu se vaccineaz\u0103 \u0219i se \u00eemboln\u0103vesc de CoVid, vor muri undeva \u00eentre 200 \u0219i 1000 de pacien\u021bi, \u00een func\u021bie de sistemul medical din \u021bara unde se afl\u0103, de presiunea aflat\u0103 \u00een acel moment pe sistemul medical \u0219i alte aspecte circumstan\u021biale. \u00cen Rom\u00e2nia, la circa 4,000 de cazuri <strong>\u00eenregistrate <\/strong> mor undeva la 100 de oameni pe zi &#8211; \u00een mod grosier a\u0219a, asta ca s\u0103 nu v\u0103 uita\u021bi cu speran\u021b\u0103 la cifra aia de 200. <\/p>\n\n\n\n<p><strong><em>\u00cencerca\u021bi s\u0103 \u00een\u021belege\u021bi ce citi\u021bi, care sunt inten\u021biile mesajului pe care \u00eel citi\u021bi, nu v\u0103 l\u0103sa\u021bi p\u0103c\u0103li\u021bi de forme care imit\u0103 \u00eenscrisuri oficiale \u0219i deveni\u021bi suspicio\u0219i mai degrab\u0103 la tentative de impostur\u0103 de acest fel dec\u00e2t la poze cu Bill Gates \u0219i CIP-uri 5G. <\/em><\/strong><\/p>\n","protected":false},"excerpt":{"rendered":"<p>Circul\u0103 pe facebook &#8211; de ceva vreme &#8211; fi\u021buica asta de dez(informare) cu privire la campania de vaccinare anticovid. Organiza\u021bia al c\u0103rui director executiv se&hellip;<\/p>\n","protected":false},"author":2,"featured_media":7368,"comment_status":"open","ping_status":"open","sticky":false,"template":"","format":"standard","meta":{"jetpack_post_was_ever_published":false,"_jetpack_newsletter_access":"","_jetpack_dont_email_post_to_subs":false,"_jetpack_newsletter_tier_id":0,"_jetpack_memberships_contains_paywalled_content":false,"_jetpack_memberships_contains_paid_content":false,"footnotes":"","jetpack_publicize_message":"","jetpack_publicize_feature_enabled":true,"jetpack_social_post_already_shared":true,"jetpack_social_options":{"image_generator_settings":{"template":"highway","default_image_id":0,"font":"","enabled":false},"version":2}},"categories":[621],"tags":[4228,3796,4227,4229,4226],"class_list":["post-18953","post","type-post","status-publish","format-standard","has-post-thumbnail","hentry","category-articole","tag-autorizarea-vaccinului-anti-covid","tag-covid-19","tag-efecte-secundare-vaccin","tag-informare-de-la-patronatul-protectiei-si-medicinei-familiei","tag-vaccinul-anticovid"],"views":3125,"jetpack_publicize_connections":[],"jetpack_featured_media_url":"https:\/\/catalinx.ro\/wordpress\/wp-content\/uploads\/2016\/12\/vaccinephoto.jpg","jetpack_sharing_enabled":true,"jetpack_shortlink":"https:\/\/wp.me\/p4Eq23-4VH","jetpack-related-posts":[],"_links":{"self":[{"href":"https:\/\/catalinx.ro\/wordpress\/index.php?rest_route=\/wp\/v2\/posts\/18953","targetHints":{"allow":["GET"]}}],"collection":[{"href":"https:\/\/catalinx.ro\/wordpress\/index.php?rest_route=\/wp\/v2\/posts"}],"about":[{"href":"https:\/\/catalinx.ro\/wordpress\/index.php?rest_route=\/wp\/v2\/types\/post"}],"author":[{"embeddable":true,"href":"https:\/\/catalinx.ro\/wordpress\/index.php?rest_route=\/wp\/v2\/users\/2"}],"replies":[{"embeddable":true,"href":"https:\/\/catalinx.ro\/wordpress\/index.php?rest_route=%2Fwp%2Fv2%2Fcomments&post=18953"}],"version-history":[{"count":2,"href":"https:\/\/catalinx.ro\/wordpress\/index.php?rest_route=\/wp\/v2\/posts\/18953\/revisions"}],"predecessor-version":[{"id":18956,"href":"https:\/\/catalinx.ro\/wordpress\/index.php?rest_route=\/wp\/v2\/posts\/18953\/revisions\/18956"}],"wp:featuredmedia":[{"embeddable":true,"href":"https:\/\/catalinx.ro\/wordpress\/index.php?rest_route=\/wp\/v2\/media\/7368"}],"wp:attachment":[{"href":"https:\/\/catalinx.ro\/wordpress\/index.php?rest_route=%2Fwp%2Fv2%2Fmedia&parent=18953"}],"wp:term":[{"taxonomy":"category","embeddable":true,"href":"https:\/\/catalinx.ro\/wordpress\/index.php?rest_route=%2Fwp%2Fv2%2Fcategories&post=18953"},{"taxonomy":"post_tag","embeddable":true,"href":"https:\/\/catalinx.ro\/wordpress\/index.php?rest_route=%2Fwp%2Fv2%2Ftags&post=18953"}],"curies":[{"name":"wp","href":"https:\/\/api.w.org\/{rel}","templated":true}]}}