

{"id":19147,"date":"2021-02-08T12:22:39","date_gmt":"2021-02-08T12:22:39","guid":{"rendered":"http:\/\/catalinx.ro\/wordpress\/?p=19147"},"modified":"2021-02-08T12:25:28","modified_gmt":"2021-02-08T12:25:28","slug":"adorabila-iarna-din-uk","status":"publish","type":"post","link":"https:\/\/catalinx.ro\/wordpress\/?p=19147","title":{"rendered":"Adorabila iarn\u0103 din UK"},"content":{"rendered":"<div id=\"fb-root\"><\/div>\n\n<p>Zicea so\u021bia mai alalt\u0103ieri c\u0103 \u00eenainte s\u0103 ne mut\u0103m aici credea c\u0103 n-o s\u0103 se obi\u0219nuiasc\u0103 cu clima \u00een UK \u0219i acuma cam doar clima \u00eei place. <\/p>\n\n\n\n<p>Just, pula mea, just. Dac\u0103 n-ar insista copiii ca vor la \u0219coal\u0103 aci, dup\u0103 ce am tras de ei s\u0103 vie, acum eram zbura\u021bi \u00een alt\u0103 \u021bar\u0103.  Ori \u00een Spania la huzur, ori la carte \u00een Germania, Suedia, \u0103stea. Dar aia e.Am zis io c\u0103 s\u0103 venim mai \u00eent\u00e2i \u00een UK c\u0103 s\u0103 \u00eenve\u021be copiii englez\u0103 bine \u0219i pula mea, io sug pula acuma, c\u0103 e frig c\u0103 mor\u021bi \u00een c\u00e2rc\u0103. <\/p>\n\n\n\n<p>\u0218i cum zicea ea a\u0219a \u00eentr-o zi \u00een care erau totu\u0219i vreo 10-13 grade \u0219i soare , iaca veni \u0219i iarna de februarie cu 0 grade, nu mai pu\u021bin. <\/p>\n\n\n\n<p>0 grade, dar v\u00e2nt, nu din \u0103la de te ia pe sus, dar se aude ca \u0219i cum \u00ee\u021bi taie unul casa cu joag\u0103rul.  <\/p>\n\n\n\n<figure class=\"wp-block-image size-full is-style-default\"><a href=\"https:\/\/catalinx.ro\/wordpress\/wp-content\/uploads\/2021\/02\/image-7.png\"><img loading=\"lazy\" decoding=\"async\" width=\"1444\" height=\"502\" data-attachment-id=\"19148\" data-permalink=\"https:\/\/catalinx.ro\/wordpress\/?attachment_id=19148#main\" data-orig-file=\"https:\/\/catalinx.ro\/wordpress\/wp-content\/uploads\/2021\/02\/image-7.png\" data-orig-size=\"1444,502\" data-comments-opened=\"1\" data-image-meta=\"{&quot;aperture&quot;:&quot;0&quot;,&quot;credit&quot;:&quot;&quot;,&quot;camera&quot;:&quot;&quot;,&quot;caption&quot;:&quot;&quot;,&quot;created_timestamp&quot;:&quot;0&quot;,&quot;copyright&quot;:&quot;&quot;,&quot;focal_length&quot;:&quot;0&quot;,&quot;iso&quot;:&quot;0&quot;,&quot;shutter_speed&quot;:&quot;0&quot;,&quot;title&quot;:&quot;&quot;,&quot;orientation&quot;:&quot;0&quot;}\" data-image-title=\"image-7\" data-image-description=\"\" data-image-caption=\"\" data-large-file=\"https:\/\/catalinx.ro\/wordpress\/wp-content\/uploads\/2021\/02\/image-7.png\" src=\"https:\/\/catalinx.ro\/wordpress\/wp-content\/uploads\/2021\/02\/image-7.png\" alt=\"\" class=\"wp-image-19148\" srcset=\"https:\/\/catalinx.ro\/wordpress\/wp-content\/uploads\/2021\/02\/image-7.png 1444w, https:\/\/catalinx.ro\/wordpress\/wp-content\/uploads\/2021\/02\/image-7-480x167.png 480w, https:\/\/catalinx.ro\/wordpress\/wp-content\/uploads\/2021\/02\/image-7-200x70.png 200w, https:\/\/catalinx.ro\/wordpress\/wp-content\/uploads\/2021\/02\/image-7-768x267.png 768w\" sizes=\"auto, (max-width: 1444px) 100vw, 1444px\" \/><\/a><\/figure>\n\n\n\n<p>\u00cen minunata cas\u0103 cu certificat energetic  care atest\u0103 performan\u021b\u0103 \u00een clasa \u201dC\u201d la limita cu D, care este totu\u0219i un pic peste media din UK , care e D, nu po\u021bi s\u0103 \u021bii un 20 de grade constant cu centrala \u00een blan\u0103. <\/p>\n\n\n\n<blockquote class=\"wp-block-quote is-layout-flow wp-block-quote-is-layout-flow\"><p><a href=\"https:\/\/www.ons.gov.uk\/peoplepopulationandcommunity\/housing\/articles\/energyefficiencyofhousinginenglandandwales\/2020-09-23\">On average, existing houses in England and in Wales that had an EPC undertaken in financial year ending 2019 were rated within band D; this is lower than the current target of having as many homes as possible in EPC band C by 2035.<\/a><\/p><\/blockquote>\n\n\n\n<p>Fuge aerul cald din cas\u0103 \u0219i intr\u0103 altul rece, care pe gaura cheii, sau pe lang\u0103 restul u\u0219ii, care pe l\u00e2ng\u0103 o fereastr\u0103 care nu e de termopan, care pe lang\u0103 restul ferestrelor care sunt de termopan, care prin dulapurile din dormitorul de la mansard\u0103, construite \u00een perete \u0219i izolate ciur. <\/p>\n\n\n\n<p>Uite:<\/p>\n\n\n\n<figure class=\"wp-block-image size-full is-style-default\"><a href=\"https:\/\/catalinx.ro\/wordpress\/wp-content\/uploads\/2021\/02\/Ubibot-UK-temperatura-02-07.png\"><img loading=\"lazy\" decoding=\"async\" width=\"1018\" height=\"616\" data-attachment-id=\"19152\" data-permalink=\"https:\/\/catalinx.ro\/wordpress\/?attachment_id=19152#main\" data-orig-file=\"https:\/\/catalinx.ro\/wordpress\/wp-content\/uploads\/2021\/02\/Ubibot-UK-temperatura-02-07.png\" data-orig-size=\"1018,616\" data-comments-opened=\"1\" data-image-meta=\"{&quot;aperture&quot;:&quot;0&quot;,&quot;credit&quot;:&quot;&quot;,&quot;camera&quot;:&quot;&quot;,&quot;caption&quot;:&quot;&quot;,&quot;created_timestamp&quot;:&quot;0&quot;,&quot;copyright&quot;:&quot;&quot;,&quot;focal_length&quot;:&quot;0&quot;,&quot;iso&quot;:&quot;0&quot;,&quot;shutter_speed&quot;:&quot;0&quot;,&quot;title&quot;:&quot;&quot;,&quot;orientation&quot;:&quot;0&quot;}\" data-image-title=\"Ubibot-UK-temperatura-02-07\" data-image-description=\"\" data-image-caption=\"\" data-large-file=\"https:\/\/catalinx.ro\/wordpress\/wp-content\/uploads\/2021\/02\/Ubibot-UK-temperatura-02-07.png\" src=\"https:\/\/catalinx.ro\/wordpress\/wp-content\/uploads\/2021\/02\/Ubibot-UK-temperatura-02-07.png\" alt=\"\" class=\"wp-image-19152\" srcset=\"https:\/\/catalinx.ro\/wordpress\/wp-content\/uploads\/2021\/02\/Ubibot-UK-temperatura-02-07.png 1018w, https:\/\/catalinx.ro\/wordpress\/wp-content\/uploads\/2021\/02\/Ubibot-UK-temperatura-02-07-480x290.png 480w, https:\/\/catalinx.ro\/wordpress\/wp-content\/uploads\/2021\/02\/Ubibot-UK-temperatura-02-07-200x121.png 200w, https:\/\/catalinx.ro\/wordpress\/wp-content\/uploads\/2021\/02\/Ubibot-UK-temperatura-02-07-768x465.png 768w\" sizes=\"auto, (max-width: 1018px) 100vw, 1018px\" \/><\/a><\/figure>\n\n\n\n<p>Practic, casa e ea izolat\u0103 la frig, dac\u0103 frigul \u0103la se las\u0103 a\u0219a u\u0219or \u0219i tacut, dac\u0103 bate v\u00e2ntul e cam cum e casa celui mai lene\u0219 purcelu\u0219 &#8211; din paie \u0219i be\u021be.<\/p>\n\n\n\n<p>Cu dou\u0103 calorifere electrice ajungem c\u00e2t-de-c\u00e2t la un nivel de confort apropiat de \u0103la cu care eram obi\u0219nuit. <\/p>\n\n\n\n<p>Legat de care, b\u0103i tat\u0103, c\u00e2nd am cump\u0103rat apartamentul din Bucure\u0219ti, neizolat, era cotat la clasa energetic\u0103 B, din construc\u021bie, dar un \u201dB\u201d mai mic. Dup\u0103 izolare  si termopanizare a reie\u0219it un \u201dB\u201d mai bun, la limita clasei A (125kw\/mp2*an). <\/p>\n\n\n\n<figure class=\"wp-block-image size-full is-style-default\"><a href=\"https:\/\/catalinx.ro\/wordpress\/wp-content\/uploads\/2021\/02\/certificate-energetice-apartament-bucuresti.png\"><img loading=\"lazy\" decoding=\"async\" width=\"1086\" height=\"1762\" data-attachment-id=\"19150\" data-permalink=\"https:\/\/catalinx.ro\/wordpress\/?attachment_id=19150#main\" data-orig-file=\"https:\/\/catalinx.ro\/wordpress\/wp-content\/uploads\/2021\/02\/certificate-energetice-apartament-bucuresti.png\" data-orig-size=\"1086,1762\" data-comments-opened=\"1\" data-image-meta=\"{&quot;aperture&quot;:&quot;0&quot;,&quot;credit&quot;:&quot;&quot;,&quot;camera&quot;:&quot;&quot;,&quot;caption&quot;:&quot;&quot;,&quot;created_timestamp&quot;:&quot;0&quot;,&quot;copyright&quot;:&quot;&quot;,&quot;focal_length&quot;:&quot;0&quot;,&quot;iso&quot;:&quot;0&quot;,&quot;shutter_speed&quot;:&quot;0&quot;,&quot;title&quot;:&quot;&quot;,&quot;orientation&quot;:&quot;0&quot;}\" data-image-title=\"certificate-energetice-apartament-bucuresti\" data-image-description=\"\" data-image-caption=\"\" data-large-file=\"https:\/\/catalinx.ro\/wordpress\/wp-content\/uploads\/2021\/02\/certificate-energetice-apartament-bucuresti.png\" src=\"https:\/\/catalinx.ro\/wordpress\/wp-content\/uploads\/2021\/02\/certificate-energetice-apartament-bucuresti.png\" alt=\"\" class=\"wp-image-19150\" srcset=\"https:\/\/catalinx.ro\/wordpress\/wp-content\/uploads\/2021\/02\/certificate-energetice-apartament-bucuresti.png 1086w, https:\/\/catalinx.ro\/wordpress\/wp-content\/uploads\/2021\/02\/certificate-energetice-apartament-bucuresti-296x480.png 296w, https:\/\/catalinx.ro\/wordpress\/wp-content\/uploads\/2021\/02\/certificate-energetice-apartament-bucuresti-123x200.png 123w, https:\/\/catalinx.ro\/wordpress\/wp-content\/uploads\/2021\/02\/certificate-energetice-apartament-bucuresti-768x1246.png 768w, https:\/\/catalinx.ro\/wordpress\/wp-content\/uploads\/2021\/02\/certificate-energetice-apartament-bucuresti-947x1536.png 947w\" sizes=\"auto, (max-width: 1086px) 100vw, 1086px\" \/><\/a><\/figure>\n\n\n\n<p>Certificatul \u0103sta face vorbire de  circa 180kw\/m2*an, necesar energetic . Termopane cu calitate balcon \u00eenchis cu cornier \u0219i geamuri furate de la CFR, aia. <\/p>\n\n\n\n<figure class=\"wp-block-image size-large is-style-default\"><a href=\"https:\/\/catalinx.ro\/wordpress\/wp-content\/uploads\/2021\/02\/image-9.png\"><img loading=\"lazy\" decoding=\"async\" width=\"1041\" height=\"486\" data-attachment-id=\"19151\" data-permalink=\"https:\/\/catalinx.ro\/wordpress\/?attachment_id=19151#main\" data-orig-file=\"https:\/\/catalinx.ro\/wordpress\/wp-content\/uploads\/2021\/02\/image-9.png\" data-orig-size=\"1041,486\" data-comments-opened=\"1\" data-image-meta=\"{&quot;aperture&quot;:&quot;0&quot;,&quot;credit&quot;:&quot;&quot;,&quot;camera&quot;:&quot;&quot;,&quot;caption&quot;:&quot;&quot;,&quot;created_timestamp&quot;:&quot;0&quot;,&quot;copyright&quot;:&quot;&quot;,&quot;focal_length&quot;:&quot;0&quot;,&quot;iso&quot;:&quot;0&quot;,&quot;shutter_speed&quot;:&quot;0&quot;,&quot;title&quot;:&quot;&quot;,&quot;orientation&quot;:&quot;0&quot;}\" data-image-title=\"image-9\" data-image-description=\"\" data-image-caption=\"\" data-large-file=\"https:\/\/catalinx.ro\/wordpress\/wp-content\/uploads\/2021\/02\/image-9.png\" src=\"https:\/\/catalinx.ro\/wordpress\/wp-content\/uploads\/2021\/02\/image-9.png\" alt=\"\" class=\"wp-image-19151\" srcset=\"https:\/\/catalinx.ro\/wordpress\/wp-content\/uploads\/2021\/02\/image-9.png 1041w, https:\/\/catalinx.ro\/wordpress\/wp-content\/uploads\/2021\/02\/image-9-480x224.png 480w, https:\/\/catalinx.ro\/wordpress\/wp-content\/uploads\/2021\/02\/image-9-200x93.png 200w, https:\/\/catalinx.ro\/wordpress\/wp-content\/uploads\/2021\/02\/image-9-768x359.png 768w\" sizes=\"auto, (max-width: 1041px) 100vw, 1041px\" \/><\/a><\/figure>\n\n\n\n<p>\u00cen plus, la \u0103\u0219tia , cu nota energetic\u0103 92  e\u0219ti \u00een clasa A. Au aceea\u0219i scar\u0103 de notare , de la 0 la 100, probabil criterii de notare diferite, c\u0103 \u00een Rom\u00e2nia se vede clar c\u0103 cu 99.16 e\u0219ti \u00een clasa B &#8211; <strong>10 are doar profesoru&#8217;, b\u0103!<\/strong><\/p>\n\n\n\n<p>Dar consumul pe metru p\u0103trat pentru \u00eenc\u0103lzire e tot \u0103la. \u0218i nu, s\u0103 nu-mi spune\u021bi c\u0103 \u00een Rom\u00e2nia se fur\u0103 \u0219i nu se caculeaz\u0103 bine, iar \u0103\u0219tia sunt cinsti\u021bii lui pe\u0219te pr\u0103jit, c\u0103 peste tot pe unde vede\u021bi \u00een poza de mai sus insulated &#8211;  <strong>assumed <\/strong>este cu \u201dinsulated my ass\u201d. <\/p>\n\n\n\n<p>Am a\u0219a o idee c\u0103 dac\u0103 prind \u0103\u0219tia o iarna cu 2 s\u0103pt\u0103m\u00e2ni de -10 sau mai pu\u021bin, cam ca \u00een Rom\u00e2nia, belesc to\u021bi pula \u0219i se r\u0103re\u0219te popula\u021bia frumos, elegant. Doamne ajut\u0103! <\/p>\n","protected":false},"excerpt":{"rendered":"<p>Zicea so\u021bia mai alalt\u0103ieri c\u0103 \u00eenainte s\u0103 ne mut\u0103m aici credea c\u0103 n-o s\u0103 se obi\u0219nuiasc\u0103 cu clima \u00een UK \u0219i acuma cam doar clima&hellip;<\/p>\n","protected":false},"author":2,"featured_media":7228,"comment_status":"open","ping_status":"open","sticky":false,"template":"","format":"standard","meta":{"jetpack_post_was_ever_published":false,"_jetpack_newsletter_access":"","_jetpack_dont_email_post_to_subs":false,"_jetpack_newsletter_tier_id":0,"_jetpack_memberships_contains_paywalled_content":false,"_jetpack_memberships_contains_paid_content":false,"footnotes":"","jetpack_publicize_message":"","jetpack_publicize_feature_enabled":true,"jetpack_social_post_already_shared":true,"jetpack_social_options":{"image_generator_settings":{"template":"highway","default_image_id":0,"font":"","enabled":false},"version":2}},"categories":[2379,500,1594],"tags":[4289,4290,4292,4291],"class_list":["post-19147","post","type-post","status-publish","format-standard","has-post-thumbnail","hentry","category-meteo","category-self","category-uk","tag-calitatea-caselor-izolate-uk","tag-frigul-din-casele-din-uk","tag-performanta-energetica-apartament-bucuresti","tag-performanta-energetica-cladiri-in-uk"],"views":1350,"jetpack_publicize_connections":[],"jetpack_featured_media_url":"https:\/\/catalinx.ro\/wordpress\/wp-content\/uploads\/2016\/12\/img_20161202_084147.jpg","jetpack_sharing_enabled":true,"jetpack_shortlink":"https:\/\/wp.me\/p4Eq23-4YP","jetpack-related-posts":[],"_links":{"self":[{"href":"https:\/\/catalinx.ro\/wordpress\/index.php?rest_route=\/wp\/v2\/posts\/19147","targetHints":{"allow":["GET"]}}],"collection":[{"href":"https:\/\/catalinx.ro\/wordpress\/index.php?rest_route=\/wp\/v2\/posts"}],"about":[{"href":"https:\/\/catalinx.ro\/wordpress\/index.php?rest_route=\/wp\/v2\/types\/post"}],"author":[{"embeddable":true,"href":"https:\/\/catalinx.ro\/wordpress\/index.php?rest_route=\/wp\/v2\/users\/2"}],"replies":[{"embeddable":true,"href":"https:\/\/catalinx.ro\/wordpress\/index.php?rest_route=%2Fwp%2Fv2%2Fcomments&post=19147"}],"version-history":[{"count":1,"href":"https:\/\/catalinx.ro\/wordpress\/index.php?rest_route=\/wp\/v2\/posts\/19147\/revisions"}],"predecessor-version":[{"id":19153,"href":"https:\/\/catalinx.ro\/wordpress\/index.php?rest_route=\/wp\/v2\/posts\/19147\/revisions\/19153"}],"wp:featuredmedia":[{"embeddable":true,"href":"https:\/\/catalinx.ro\/wordpress\/index.php?rest_route=\/wp\/v2\/media\/7228"}],"wp:attachment":[{"href":"https:\/\/catalinx.ro\/wordpress\/index.php?rest_route=%2Fwp%2Fv2%2Fmedia&parent=19147"}],"wp:term":[{"taxonomy":"category","embeddable":true,"href":"https:\/\/catalinx.ro\/wordpress\/index.php?rest_route=%2Fwp%2Fv2%2Fcategories&post=19147"},{"taxonomy":"post_tag","embeddable":true,"href":"https:\/\/catalinx.ro\/wordpress\/index.php?rest_route=%2Fwp%2Fv2%2Ftags&post=19147"}],"curies":[{"name":"wp","href":"https:\/\/api.w.org\/{rel}","templated":true}]}}