

{"id":19186,"date":"2021-02-16T23:00:32","date_gmt":"2021-02-16T23:00:32","guid":{"rendered":"http:\/\/catalinx.ro\/wordpress\/?p=19186"},"modified":"2021-02-16T23:00:32","modified_gmt":"2021-02-16T23:00:32","slug":"visul-verde-se-intuneca-putin","status":"publish","type":"post","link":"https:\/\/catalinx.ro\/wordpress\/?p=19186","title":{"rendered":"Visul verde se \u00eentunec\u0103 pu\u021bin"},"content":{"rendered":"<div id=\"fb-root\"><\/div>\n\n<p>Planurile Uniunii Europene de tranzi\u021bie la energie verde \u0219i reducerea emisiilor de CO2 se bazeaz\u0103 pe \u201d<a href=\"https:\/\/www.energycharter.org\/process\/energy-charter-treaty-1994\/energy-charter-treaty\/\">Tratatul pentru Energie semnat \u00een 1994\u201d<\/a>  consolidat <a href=\"https:\/\/www.energycharter.org\/process\/international-energy-charter-2015\/overview\/\">\u00een 2015<\/a>. <\/p>\n\n\n\n<p>Strategia uniunii europene pe tem\u0103 \u0219i, \u00een principiu, a \u021b\u0103rilor semnatare fie ele europene, sau nu, a fost una de sprijinire ( mai degrab\u0103 pardonare) a \u021b\u0103rilor mai pu\u021bin dezvoltate, \u00een ideea de a ajunge la un nivel de dezvoltare economic\u0103 care s\u0103 le permit\u0103 s\u0103 aib\u0103 resurse s\u0103 migreze la o energie mai verde. <\/p>\n\n\n\n<p>Drept care, \u00een \u021b\u0103rile precum Rom\u00e2nia s-au permis subven\u021bii pentru investi\u021biile \u00een combustibili fosili. <\/p>\n\n\n\n<p><\/p>\n\n\n\n<p>Dup\u0103 timp, unele \u021b\u0103ri mai dezvoltate, care au dus greul \u0219i au facut shiftul c\u0103tre energie mai verde nu prea mai sunt de acord cu pactul a\u0219a cum e el \u0219i <strong><a href=\"https:\/\/www.politico.eu\/article\/eu-split-over-energy-charter-treaty-as-spain-floats-unilateral-withdrawal\/\">comenteaz\u0103<\/a><\/strong>, amenin\u021b\u0103 cu p\u0103r\u0103sirea acordului, pentru c\u0103 &#8211; de ce nu, unii s\u0103 poat\u0103 produce energie ieftin\u0103 \u0219i ei nu, mai ales \u00een condi\u021biile economice curente. <\/p>\n\n\n\n<p>Rom\u00e2nia, ca de obicei, se trage pe cur, cu grupul coda\u0219ilor, c\u0103 ei vor cu investi\u021bii \u00een fosili \u0219i pula mea. B\u0103sescu visa gazoducte c\u00e2nd a fost pre\u0219edinte.  \u0218i nu cred c\u0103 se trag pe cur de dragul fosililor, ci c\u0103 sunt ni\u0219te bani de <em>fisionat <\/em>pe acolo \u0219i de ce nu. Chiar \u00een perioada asta se desf\u0103\u0219oar\u0103 o anchet\u0103 deschis\u0103 de Comisia European\u0103 pentru un ajutor de stat de <a href=\"https:\/\/www.digi24.ro\/stiri\/externe\/ue\/comisia-europeana-a-deschis-o-investigatie-pentru-ajutorul-de-stat-acordat-complexului-energetic-oltenia-1446840\">2 miliarde de euro<\/a> ( da, miliarde, euro, dou\u0103) propus de Rom\u00e2nia pentru complexul cu pricina &#8211; m\u0103 \u00eentreb cum a\u0219 putea ajunge \u0219i eu prin consiliul \u0103lora de administrare &#8211; pentru un plan de restructurare. <\/p>\n\n\n\n<p>Pe de o parte  Rom\u00e2nia are nevoie de energie, c\u0103 a avut perioade c\u00e2nd a fost importator net, iar economic, cu resurse de petrol, gaze \u0219i c\u0103rbune &#8211; are mai mult sens produc\u021bia local\u0103 \u0219i independen\u021ba relativ\u0103, dec\u00e2t importul si sunt tot mai dese perioadele cu sold ( balan\u021b\u0103) negativ. <\/p>\n\n\n\n<figure class=\"wp-block-image size-full is-style-default\"><a href=\"https:\/\/catalinx.ro\/wordpress\/wp-content\/uploads\/2021\/02\/image-15.png\"><img loading=\"lazy\" decoding=\"async\" width=\"1035\" height=\"881\" data-attachment-id=\"19187\" data-permalink=\"https:\/\/catalinx.ro\/wordpress\/?attachment_id=19187#main\" data-orig-file=\"https:\/\/catalinx.ro\/wordpress\/wp-content\/uploads\/2021\/02\/image-15.png\" data-orig-size=\"1035,881\" data-comments-opened=\"1\" data-image-meta=\"{&quot;aperture&quot;:&quot;0&quot;,&quot;credit&quot;:&quot;&quot;,&quot;camera&quot;:&quot;&quot;,&quot;caption&quot;:&quot;&quot;,&quot;created_timestamp&quot;:&quot;0&quot;,&quot;copyright&quot;:&quot;&quot;,&quot;focal_length&quot;:&quot;0&quot;,&quot;iso&quot;:&quot;0&quot;,&quot;shutter_speed&quot;:&quot;0&quot;,&quot;title&quot;:&quot;&quot;,&quot;orientation&quot;:&quot;0&quot;}\" data-image-title=\"image-15\" data-image-description=\"\" data-image-caption=\"\" data-large-file=\"https:\/\/catalinx.ro\/wordpress\/wp-content\/uploads\/2021\/02\/image-15.png\" src=\"https:\/\/catalinx.ro\/wordpress\/wp-content\/uploads\/2021\/02\/image-15.png\" alt=\"\" class=\"wp-image-19187\" srcset=\"https:\/\/catalinx.ro\/wordpress\/wp-content\/uploads\/2021\/02\/image-15.png 1035w, https:\/\/catalinx.ro\/wordpress\/wp-content\/uploads\/2021\/02\/image-15-480x409.png 480w, https:\/\/catalinx.ro\/wordpress\/wp-content\/uploads\/2021\/02\/image-15-200x170.png 200w, https:\/\/catalinx.ro\/wordpress\/wp-content\/uploads\/2021\/02\/image-15-768x654.png 768w\" sizes=\"auto, (max-width: 1035px) 100vw, 1035px\" \/><\/a><\/figure>\n\n\n\n<p>Culmea, <a href=\"https:\/\/www.zf.ro\/companii\/energie\/complexul-energetic-oltenia-al-doilea-jucator-de-pe-piata-locala-de-19748638\">planul de restructurare<\/a> al complexului prevede investi\u021bia in energie solar\u0103, parcuri fotovoltaice  de 700MW  &#8211; cam c\u00e2t un reactor de la Cernavod\u0103, dar presupune \u0219i investi\u021bia \u00een dezvoltarea de capacit\u0103\u021bi de produc\u021bie pe gaze de vreo 1.3GW, :wink &#8211; aici e \u0219mecheria. Normal c\u0103 \u021b\u0103rile civilizate fac un pic spumic\u0103 la no\u021biunile de \u201dajutor de stat\u201d \u0219i \u201dinvesti\u021bii \u00een fosili\u201d. <\/p>\n\n\n\n<p>Principial, eu cred c\u0103 e o idee bun\u0103 c\u0103 uite, Rom\u00e2nia are o strategie cu privire la deficitul energetic recurent, care a fost observabil de prin 2018 \u00eencoace. <\/p>\n\n\n\n<p>Dar evident c\u0103 durerea mare este c\u0103 o ard mizer \u0219i low pe gaz, c\u00e2nd ar putea s\u0103 sar\u0103 primii \u00een fa\u021b\u0103 la acord , cu gata, b\u0103h, doar regenerabile &#8211; haida, focu&#8217; pe nucleare, c\u0103 alea nu sunt penalizabile, Europa sufer\u0103 un pic la alea cum sufer\u0103 \u0219i la energie &#8211; Uniunea e net impotrator de energie, cel mai mare din lume: <\/p>\n\n\n\n<p>Citi\u021bi fraza asta de dou\u0103 ori:<\/p>\n\n\n\n<blockquote class=\"wp-block-quote is-layout-flow wp-block-quote-is-layout-flow\"><p><a href=\"https:\/\/www.world-nuclear.org\/information-library\/country-profiles\/others\/european-union.aspx\">The EU is the largest energy importer in the world, importing 55% of its energy, at an annual cost of around \u20ac300-350 billion.<\/a><\/p><\/blockquote>\n\n\n\n<p>Bucata asta de lume este dependent\u0103 energetic, \u00een valoare de 55% din consum.  E foarte net importator ( nu-i vorba, evident, doar de curent electric).  <\/p>\n\n\n\n<p>Fracking nu ne place \u0219i pe bun\u0103 dreptate, carbunele a devenit mizer \u0219i ad\u00e2nc de s\u0103pat dup\u0103 el, petrol \u0219i gaze sunt mai sub\u021birel prin Europa \u0219i ne put \u0219i alea . <\/p>\n\n\n\n<p>Cu soarele, hidro  \u0219i v\u00e2ntul e mi\u0219to dar trebuie \u0219i ceva mai consistent \u0219i mai controlabil, adic\u0103 care nu e vulnerabil la condi\u021biile meteo \u0219i care permite control, adic\u0103 s\u0103 bagi c\u0103rbuni c\u00e2nd e nevoie \u0219i s-o dai mai tango c\u00e2nd nu . <\/p>\n\n\n\n<p>Iar partea nuclear\u0103 e una din chestiile care se pot dezvolta mai u\u0219or \u00een Rom\u00e2nia dec\u00e2t \u00een alte p\u0103r\u021bi c\u0103 nu ai popula\u021bie handicapat\u0103 la creieri, sau u\u0219or handicapabil\u0103 media care s\u0103 se opun\u0103.  <a href=\"https:\/\/www.economica.net\/ce-con-ine-acordul-nuclear-dintre-romania-i-sua-pentru-construirea-reactorelor-3-i-4-de-la-cernavoda_191011.html\">Acordul cu SUA<\/a> a fost privit cu ne\u00eencredere, \u00een sensul c\u0103 ar fi prea frumos s\u0103 se \u00eent\u00e2mple, nu cu reluctan\u021b\u0103. <\/p>\n\n\n\n<p>O alt\u0103 chestie, care ar fi putut s\u0103 le fi trecut prin cap alora care au f\u0103cut planul pe fosili pentru CEO ar fi fost instalarea de capacit\u0103\u021bi de ardere a gunoilului, c\u0103 oricum fac asta prin Bucure\u0219ti, cu alte scopuri desigur. Energie din gunoi, c\u0103 din \u0103la e destul \u00een Rom\u00e2nia \u0219i e relativ moca.<\/p>\n\n\n\n<p>Dar e mai greu cu astea.  La cum se vede treaba, dac\u0103 spaniolii se trag pe cur \u0219i al\u021bii \u00eei urmeaz\u0103, cred c\u0103 o s\u0103 mai a\u0219tept\u0103m un pic cu planurile de oprire a \u00eenc\u0103lzirii globale, a\u0219a c\u0103 nu da\u021bi \u00eenc\u0103 to\u021bi banii pe Tesle \u0219i panouri solare; pune\u021bi de ni\u0219te aparate de aer condi\u021bionat \u0219i ni\u0219te rezervoare de captat apa, c\u0103 nu se \u0219tie. <br \/><\/p>\n\n\n\n<p><\/p>\n\n\n\n<p><\/p>\n","protected":false},"excerpt":{"rendered":"<p>Planurile Uniunii Europene de tranzi\u021bie la energie verde \u0219i reducerea emisiilor de CO2 se bazeaz\u0103 pe \u201dTratatul pentru Energie semnat \u00een 1994\u201d consolidat \u00een 2015.&hellip;<\/p>\n","protected":false},"author":2,"featured_media":19188,"comment_status":"open","ping_status":"open","sticky":false,"template":"","format":"standard","meta":{"jetpack_post_was_ever_published":false,"_jetpack_newsletter_access":"","_jetpack_dont_email_post_to_subs":false,"_jetpack_newsletter_tier_id":0,"_jetpack_memberships_contains_paywalled_content":false,"_jetpack_memberships_contains_paid_content":false,"footnotes":"","jetpack_publicize_message":"","jetpack_publicize_feature_enabled":true,"jetpack_social_post_already_shared":true,"jetpack_social_options":{"image_generator_settings":{"template":"highway","default_image_id":0,"font":"","enabled":false},"version":2}},"categories":[3499],"tags":[4301,4302,4303],"class_list":["post-19186","post","type-post","status-publish","format-standard","has-post-thumbnail","hentry","category-economie","tag-ecologie-si-energie","tag-renegocierea-acordului-energetic-1994","tag-spania-se-retrage-din-acordul-energetic"],"views":1570,"jetpack_publicize_connections":[],"jetpack_featured_media_url":"https:\/\/catalinx.ro\/wordpress\/wp-content\/uploads\/2021\/02\/energie-verde.jpg","jetpack_sharing_enabled":true,"jetpack_shortlink":"https:\/\/wp.me\/p4Eq23-4Zs","jetpack-related-posts":[],"_links":{"self":[{"href":"https:\/\/catalinx.ro\/wordpress\/index.php?rest_route=\/wp\/v2\/posts\/19186","targetHints":{"allow":["GET"]}}],"collection":[{"href":"https:\/\/catalinx.ro\/wordpress\/index.php?rest_route=\/wp\/v2\/posts"}],"about":[{"href":"https:\/\/catalinx.ro\/wordpress\/index.php?rest_route=\/wp\/v2\/types\/post"}],"author":[{"embeddable":true,"href":"https:\/\/catalinx.ro\/wordpress\/index.php?rest_route=\/wp\/v2\/users\/2"}],"replies":[{"embeddable":true,"href":"https:\/\/catalinx.ro\/wordpress\/index.php?rest_route=%2Fwp%2Fv2%2Fcomments&post=19186"}],"version-history":[{"count":1,"href":"https:\/\/catalinx.ro\/wordpress\/index.php?rest_route=\/wp\/v2\/posts\/19186\/revisions"}],"predecessor-version":[{"id":19189,"href":"https:\/\/catalinx.ro\/wordpress\/index.php?rest_route=\/wp\/v2\/posts\/19186\/revisions\/19189"}],"wp:featuredmedia":[{"embeddable":true,"href":"https:\/\/catalinx.ro\/wordpress\/index.php?rest_route=\/wp\/v2\/media\/19188"}],"wp:attachment":[{"href":"https:\/\/catalinx.ro\/wordpress\/index.php?rest_route=%2Fwp%2Fv2%2Fmedia&parent=19186"}],"wp:term":[{"taxonomy":"category","embeddable":true,"href":"https:\/\/catalinx.ro\/wordpress\/index.php?rest_route=%2Fwp%2Fv2%2Fcategories&post=19186"},{"taxonomy":"post_tag","embeddable":true,"href":"https:\/\/catalinx.ro\/wordpress\/index.php?rest_route=%2Fwp%2Fv2%2Ftags&post=19186"}],"curies":[{"name":"wp","href":"https:\/\/api.w.org\/{rel}","templated":true}]}}