

{"id":19467,"date":"2021-04-01T04:00:00","date_gmt":"2021-04-01T03:00:00","guid":{"rendered":"https:\/\/catalinx.ro\/wordpress\/?p=19467"},"modified":"2021-03-30T13:24:50","modified_gmt":"2021-03-30T12:24:50","slug":"de-vaccinuri-cu-politruci-inutili","status":"publish","type":"post","link":"https:\/\/catalinx.ro\/wordpress\/?p=19467","title":{"rendered":"De vaccinuri cu politruci inutili"},"content":{"rendered":"<div id=\"fb-root\"><\/div>\n\n<p>Ma uitam un pic la poza asta de pe<a href=\"https:\/\/vaccinare-covid.gov.ro\/platforma-programare\/\"> platforma de vaccinare<\/a>.  \u00cen ideea \u00een care speran\u021ba de a m\u0103 vaccina \u00een UK e mai mic\u0103 zilele astea dec\u00e2t dac\u0103 m\u0103 uit la \u0219ansele din  Romania, de\u0219i in UK se vaccineaza multi mai mul\u021bi oameni \u0219i dac\u0103 ar fi dup\u0103 mine le-a\u0219 consuma \u0103stora dozele, dar m\u0103 prinde toamna, c\u0103 aici n-au terminat cu bosorogii. \u00cen Romania e ok, bosorogii sunt ei termina\u021bi \u0219i nu se vaccineaz\u0103, drept care se face loc la tineret. Perfect, uite-i cum renun\u021b\u0103 de bun\u0103 voie la pensii: win-win. <\/p>\n\n\n\n<figure class=\"wp-block-image size-full is-style-default\"><a href=\"https:\/\/catalinx.ro\/wordpress\/wp-content\/uploads\/2021\/03\/image-18.png\"><img loading=\"lazy\" decoding=\"async\" width=\"1050\" height=\"619\" data-attachment-id=\"19468\" data-permalink=\"https:\/\/catalinx.ro\/wordpress\/?attachment_id=19468#main\" data-orig-file=\"https:\/\/catalinx.ro\/wordpress\/wp-content\/uploads\/2021\/03\/image-18.png\" data-orig-size=\"1050,619\" data-comments-opened=\"1\" data-image-meta=\"{&quot;aperture&quot;:&quot;0&quot;,&quot;credit&quot;:&quot;&quot;,&quot;camera&quot;:&quot;&quot;,&quot;caption&quot;:&quot;&quot;,&quot;created_timestamp&quot;:&quot;0&quot;,&quot;copyright&quot;:&quot;&quot;,&quot;focal_length&quot;:&quot;0&quot;,&quot;iso&quot;:&quot;0&quot;,&quot;shutter_speed&quot;:&quot;0&quot;,&quot;title&quot;:&quot;&quot;,&quot;orientation&quot;:&quot;0&quot;}\" data-image-title=\"image-18\" data-image-description=\"\" data-image-caption=\"\" data-large-file=\"https:\/\/catalinx.ro\/wordpress\/wp-content\/uploads\/2021\/03\/image-18.png\" src=\"https:\/\/catalinx.ro\/wordpress\/wp-content\/uploads\/2021\/03\/image-18.png\" alt=\"\" class=\"wp-image-19468\" srcset=\"https:\/\/catalinx.ro\/wordpress\/wp-content\/uploads\/2021\/03\/image-18.png 1050w, https:\/\/catalinx.ro\/wordpress\/wp-content\/uploads\/2021\/03\/image-18-480x283.png 480w, https:\/\/catalinx.ro\/wordpress\/wp-content\/uploads\/2021\/03\/image-18-200x118.png 200w, https:\/\/catalinx.ro\/wordpress\/wp-content\/uploads\/2021\/03\/image-18-768x453.png 768w\" sizes=\"auto, (max-width: 1050px) 100vw, 1050px\" \/><\/a><\/figure>\n\n\n\n<p>Dar totu\u0219i, dac\u0103 a\u0219 vrea sa ma vaccinez prin judet, n-am unde.  \u00cen jude\u021bul vecin am  unde. Da, e cu AstraZeneca, da exist\u0103 temeri cu privire la \u0103sta, dar totu\u0219i nu e la fel \u0219i la mine, AstraZeneca pentru toat\u0103 lumea. <\/p>\n\n\n\n<p>Dup\u0103 care m-am uitat pe <a href=\"https:\/\/data.gov.ro\/dataset\/transparenta-covid?fbclid=IwAR3Gzuc3mIKhH6BavtGmWsXVSVk0yBBeJGtMj_vKDq7pq_jfjEqx9EtPe4k\">ni\u0219te date publice<\/a>  \u0219i am ajuns la o concluzie interesant\u0103. <\/p>\n\n\n\n<p>\u0102\u0219tia de la Gorj, unde sunt locurile libere, au administrat mai multe doze dec\u00e2t \u0103\u0219tia de la V\u00e2lcea, \u00een martie <\/p>\n\n\n\n<figure class=\"wp-block-image size-full is-style-default\"><a href=\"https:\/\/catalinx.ro\/wordpress\/wp-content\/uploads\/2021\/03\/image-19.png\"><img loading=\"lazy\" decoding=\"async\" width=\"1258\" height=\"628\" data-attachment-id=\"19469\" data-permalink=\"https:\/\/catalinx.ro\/wordpress\/?attachment_id=19469#main\" data-orig-file=\"https:\/\/catalinx.ro\/wordpress\/wp-content\/uploads\/2021\/03\/image-19.png\" data-orig-size=\"1258,628\" data-comments-opened=\"1\" data-image-meta=\"{&quot;aperture&quot;:&quot;0&quot;,&quot;credit&quot;:&quot;&quot;,&quot;camera&quot;:&quot;&quot;,&quot;caption&quot;:&quot;&quot;,&quot;created_timestamp&quot;:&quot;0&quot;,&quot;copyright&quot;:&quot;&quot;,&quot;focal_length&quot;:&quot;0&quot;,&quot;iso&quot;:&quot;0&quot;,&quot;shutter_speed&quot;:&quot;0&quot;,&quot;title&quot;:&quot;&quot;,&quot;orientation&quot;:&quot;0&quot;}\" data-image-title=\"image-19\" data-image-description=\"\" data-image-caption=\"\" data-large-file=\"https:\/\/catalinx.ro\/wordpress\/wp-content\/uploads\/2021\/03\/image-19.png\" src=\"https:\/\/catalinx.ro\/wordpress\/wp-content\/uploads\/2021\/03\/image-19.png\" alt=\"\" class=\"wp-image-19469\" srcset=\"https:\/\/catalinx.ro\/wordpress\/wp-content\/uploads\/2021\/03\/image-19.png 1258w, https:\/\/catalinx.ro\/wordpress\/wp-content\/uploads\/2021\/03\/image-19-480x240.png 480w, https:\/\/catalinx.ro\/wordpress\/wp-content\/uploads\/2021\/03\/image-19-200x100.png 200w, https:\/\/catalinx.ro\/wordpress\/wp-content\/uploads\/2021\/03\/image-19-768x383.png 768w\" sizes=\"auto, (max-width: 1258px) 100vw, 1258px\" \/><\/a><\/figure>\n\n\n\n<p>Cred ca populatia judetului<a href=\"https:\/\/valcea.insse.ro\/\"> Valcea<\/a> este in acte mai mare decat cea a judetului <a href=\"https:\/\/gorj.insse.ro\/\">Gorj<\/a>. Datele sunt decalate si nu stiu sigur situatia curenta, dar asa pare.  Nu se poate pune problema ca nu se vaccineaza lumea la Valcea ( zic nu in momentul asta, ca nu prea ai unde s-o faci). Si atunci care e treaba cu locurile la AstraZeneca. Or fi primit astia de la Gorj, tot asa un exces de doze.<\/p>\n\n\n\n<p>Culmea, VL a administrat mai multe doze de vaccin AZ decat aia de la Gorj, cum ar veni, la noi merge si ala, numai sa fie. <\/p>\n\n\n\n<figure class=\"wp-block-image size-full is-style-default\"><a href=\"https:\/\/catalinx.ro\/wordpress\/wp-content\/uploads\/2021\/03\/image-20.png\"><img loading=\"lazy\" decoding=\"async\" width=\"1231\" height=\"590\" data-attachment-id=\"19470\" data-permalink=\"https:\/\/catalinx.ro\/wordpress\/?attachment_id=19470#main\" data-orig-file=\"https:\/\/catalinx.ro\/wordpress\/wp-content\/uploads\/2021\/03\/image-20.png\" data-orig-size=\"1231,590\" data-comments-opened=\"1\" data-image-meta=\"{&quot;aperture&quot;:&quot;0&quot;,&quot;credit&quot;:&quot;&quot;,&quot;camera&quot;:&quot;&quot;,&quot;caption&quot;:&quot;&quot;,&quot;created_timestamp&quot;:&quot;0&quot;,&quot;copyright&quot;:&quot;&quot;,&quot;focal_length&quot;:&quot;0&quot;,&quot;iso&quot;:&quot;0&quot;,&quot;shutter_speed&quot;:&quot;0&quot;,&quot;title&quot;:&quot;&quot;,&quot;orientation&quot;:&quot;0&quot;}\" data-image-title=\"image-20\" data-image-description=\"\" data-image-caption=\"\" data-large-file=\"https:\/\/catalinx.ro\/wordpress\/wp-content\/uploads\/2021\/03\/image-20.png\" src=\"https:\/\/catalinx.ro\/wordpress\/wp-content\/uploads\/2021\/03\/image-20.png\" alt=\"\" class=\"wp-image-19470\" srcset=\"https:\/\/catalinx.ro\/wordpress\/wp-content\/uploads\/2021\/03\/image-20.png 1231w, https:\/\/catalinx.ro\/wordpress\/wp-content\/uploads\/2021\/03\/image-20-480x230.png 480w, https:\/\/catalinx.ro\/wordpress\/wp-content\/uploads\/2021\/03\/image-20-200x96.png 200w, https:\/\/catalinx.ro\/wordpress\/wp-content\/uploads\/2021\/03\/image-20-768x368.png 768w\" sizes=\"auto, (max-width: 1231px) 100vw, 1231px\" \/><\/a><\/figure>\n\n\n\n<p>Aia se huzuresc, au primit mai multe de toate si isi permit sa strambe din nas la AZ.  <\/p>\n\n\n\n<p>Pentru ce conteaza, in Romania suficient de multa lume stramba din nas in general la vaccin, nu conteaza de care, ca de aia pot eu sa vorbesc ca as putea sa ma vaccinez si plm, n-am nici 40.<\/p>\n\n\n\n<p>Dar uite ca \u00een cazul \u0103sta, oameni din  V\u00e2lcea ar face de ori\u0219icare, numai s\u0103 fie.  Cam a\u0219a arata situa\u021bia pe vaccinurile AZ injectate pe localit\u0103\u021bi in cele doua jude\u021be. <\/p>\n\n\n\n<p><\/p>\n\n\n\n<figure class=\"wp-block-image size-full is-style-default\"><a href=\"https:\/\/catalinx.ro\/wordpress\/wp-content\/uploads\/2021\/03\/image-23.png\"><img loading=\"lazy\" decoding=\"async\" width=\"1251\" height=\"598\" data-attachment-id=\"19473\" data-permalink=\"https:\/\/catalinx.ro\/wordpress\/?attachment_id=19473#main\" data-orig-file=\"https:\/\/catalinx.ro\/wordpress\/wp-content\/uploads\/2021\/03\/image-23.png\" data-orig-size=\"1251,598\" data-comments-opened=\"1\" data-image-meta=\"{&quot;aperture&quot;:&quot;0&quot;,&quot;credit&quot;:&quot;&quot;,&quot;camera&quot;:&quot;&quot;,&quot;caption&quot;:&quot;&quot;,&quot;created_timestamp&quot;:&quot;0&quot;,&quot;copyright&quot;:&quot;&quot;,&quot;focal_length&quot;:&quot;0&quot;,&quot;iso&quot;:&quot;0&quot;,&quot;shutter_speed&quot;:&quot;0&quot;,&quot;title&quot;:&quot;&quot;,&quot;orientation&quot;:&quot;0&quot;}\" data-image-title=\"image-23\" data-image-description=\"\" data-image-caption=\"\" data-large-file=\"https:\/\/catalinx.ro\/wordpress\/wp-content\/uploads\/2021\/03\/image-23.png\" src=\"https:\/\/catalinx.ro\/wordpress\/wp-content\/uploads\/2021\/03\/image-23.png\" alt=\"\" class=\"wp-image-19473\" srcset=\"https:\/\/catalinx.ro\/wordpress\/wp-content\/uploads\/2021\/03\/image-23.png 1251w, https:\/\/catalinx.ro\/wordpress\/wp-content\/uploads\/2021\/03\/image-23-480x229.png 480w, https:\/\/catalinx.ro\/wordpress\/wp-content\/uploads\/2021\/03\/image-23-200x96.png 200w, https:\/\/catalinx.ro\/wordpress\/wp-content\/uploads\/2021\/03\/image-23-768x367.png 768w\" sizes=\"auto, (max-width: 1251px) 100vw, 1251px\" \/><\/a><\/figure>\n\n\n\n<p>\u00cen trei din patru  localit\u0103\u021bi din GJ \u00een care se face AZ sunt locuri libere \u0219i totu\u0219i din vaccinul \u0103sta s-au injectat mai multe doze \u00een VL \u0219i s-ar mai injecta, dac\u0103 ar avea de unde. Dar n-au.  Au dou\u0103 centre de vaccinare deschise, unul la B\u0103beni \u0219i unul la Orle\u0219ti \u0219i nu au primit \u00eenc\u0103 vaccinuri. Poate primesc din alea ajunse \u00een \u021bar\u0103 pe 29 martie.  Zic, b\u0103i, or avea \u0103ia de la de la Gorj consiliu jude\u021bean PNL , c\u0103 \u0103\u0219tia de la V\u00e2lcea au consiliu PSD \u0219i \u0219tiu c\u0103 au avut ni\u0219te frecu\u0219uri la bugete. <br \/>Nu exist\u0103, \u0219i \u0103ia tot majoritari PSD sunt.  <\/p>\n\n\n\n<p>Dar pentru c\u0103 \u0103\u0219tia de la V\u00e2lcea se \u021bin ca de obicei <strong><a href=\"https:\/\/adevarul.ro\/locale\/ramnicu-valcea\/razboi-total-primarul-viceprimarii-ramnicu-valcea-victimele-colaterale-disputei-1_5fbe3c125163ec42713b2c8d\/index.html?fbclid=IwAR3QAfC5obKUJsJds7mMEvmYvAFyfcZUDATYO0DWLnl66lUtMEdJPZofkOE\">de c\u0103c\u0103n\u0103rii<\/a><\/strong>, ni\u0219te politruci \u0219i de-o culoare \u0219i de alta \u0219i n-ai cu cine. At\u00e2ta tot.  Acuma c\u0103 presa local\u0103 sau popula\u021bia nu observ\u0103 fine\u021buri din astea, ca mai jos &#8211; asta e.  Poate observ\u0103 c\u0103  intr\u0103 \u00een scenariu ro\u0219u ( far\u0103 leg\u0103tur\u0103 cu partide politice), iar de ie\u0219it ies numai unii.  <\/p>\n\n\n\n<figure class=\"wp-block-image size-full is-style-default\"><a href=\"https:\/\/catalinx.ro\/wordpress\/wp-content\/uploads\/2021\/03\/image-24.png\"><img loading=\"lazy\" decoding=\"async\" width=\"1230\" height=\"729\" data-attachment-id=\"19474\" data-permalink=\"https:\/\/catalinx.ro\/wordpress\/?attachment_id=19474#main\" data-orig-file=\"https:\/\/catalinx.ro\/wordpress\/wp-content\/uploads\/2021\/03\/image-24.png\" data-orig-size=\"1230,729\" data-comments-opened=\"1\" data-image-meta=\"{&quot;aperture&quot;:&quot;0&quot;,&quot;credit&quot;:&quot;&quot;,&quot;camera&quot;:&quot;&quot;,&quot;caption&quot;:&quot;&quot;,&quot;created_timestamp&quot;:&quot;0&quot;,&quot;copyright&quot;:&quot;&quot;,&quot;focal_length&quot;:&quot;0&quot;,&quot;iso&quot;:&quot;0&quot;,&quot;shutter_speed&quot;:&quot;0&quot;,&quot;title&quot;:&quot;&quot;,&quot;orientation&quot;:&quot;0&quot;}\" data-image-title=\"image-24\" data-image-description=\"\" data-image-caption=\"\" data-large-file=\"https:\/\/catalinx.ro\/wordpress\/wp-content\/uploads\/2021\/03\/image-24.png\" src=\"https:\/\/catalinx.ro\/wordpress\/wp-content\/uploads\/2021\/03\/image-24.png\" alt=\"\" class=\"wp-image-19474\" srcset=\"https:\/\/catalinx.ro\/wordpress\/wp-content\/uploads\/2021\/03\/image-24.png 1230w, https:\/\/catalinx.ro\/wordpress\/wp-content\/uploads\/2021\/03\/image-24-480x284.png 480w, https:\/\/catalinx.ro\/wordpress\/wp-content\/uploads\/2021\/03\/image-24-200x119.png 200w, https:\/\/catalinx.ro\/wordpress\/wp-content\/uploads\/2021\/03\/image-24-768x455.png 768w\" sizes=\"auto, (max-width: 1230px) 100vw, 1230px\" \/><\/a><\/figure>\n\n\n\n<p><\/p>\n","protected":false},"excerpt":{"rendered":"<p>Ma uitam un pic la poza asta de pe platforma de vaccinare. \u00cen ideea \u00een care speran\u021ba de a m\u0103 vaccina \u00een UK e mai&hellip;<\/p>\n","protected":false},"author":2,"featured_media":7368,"comment_status":"open","ping_status":"open","sticky":false,"template":"","format":"standard","meta":{"jetpack_post_was_ever_published":false,"_jetpack_newsletter_access":"","_jetpack_dont_email_post_to_subs":false,"_jetpack_newsletter_tier_id":0,"_jetpack_memberships_contains_paywalled_content":false,"_jetpack_memberships_contains_paid_content":false,"footnotes":"","jetpack_publicize_message":"","jetpack_publicize_feature_enabled":true,"jetpack_social_post_already_shared":true,"jetpack_social_options":{"image_generator_settings":{"template":"highway","default_image_id":0,"font":"","enabled":false},"version":2}},"categories":[1],"tags":[3796,4203,4360],"class_list":["post-19467","post","type-post","status-publish","format-standard","has-post-thumbnail","hentry","category-uncategorized","tag-covid-19","tag-vaccinare-romania","tag-vaccinare-valcea"],"views":1658,"jetpack_publicize_connections":[],"jetpack_featured_media_url":"https:\/\/catalinx.ro\/wordpress\/wp-content\/uploads\/2016\/12\/vaccinephoto.jpg","jetpack_sharing_enabled":true,"jetpack_shortlink":"https:\/\/wp.me\/p4Eq23-53Z","jetpack-related-posts":[],"_links":{"self":[{"href":"https:\/\/catalinx.ro\/wordpress\/index.php?rest_route=\/wp\/v2\/posts\/19467","targetHints":{"allow":["GET"]}}],"collection":[{"href":"https:\/\/catalinx.ro\/wordpress\/index.php?rest_route=\/wp\/v2\/posts"}],"about":[{"href":"https:\/\/catalinx.ro\/wordpress\/index.php?rest_route=\/wp\/v2\/types\/post"}],"author":[{"embeddable":true,"href":"https:\/\/catalinx.ro\/wordpress\/index.php?rest_route=\/wp\/v2\/users\/2"}],"replies":[{"embeddable":true,"href":"https:\/\/catalinx.ro\/wordpress\/index.php?rest_route=%2Fwp%2Fv2%2Fcomments&post=19467"}],"version-history":[{"count":1,"href":"https:\/\/catalinx.ro\/wordpress\/index.php?rest_route=\/wp\/v2\/posts\/19467\/revisions"}],"predecessor-version":[{"id":19475,"href":"https:\/\/catalinx.ro\/wordpress\/index.php?rest_route=\/wp\/v2\/posts\/19467\/revisions\/19475"}],"wp:featuredmedia":[{"embeddable":true,"href":"https:\/\/catalinx.ro\/wordpress\/index.php?rest_route=\/wp\/v2\/media\/7368"}],"wp:attachment":[{"href":"https:\/\/catalinx.ro\/wordpress\/index.php?rest_route=%2Fwp%2Fv2%2Fmedia&parent=19467"}],"wp:term":[{"taxonomy":"category","embeddable":true,"href":"https:\/\/catalinx.ro\/wordpress\/index.php?rest_route=%2Fwp%2Fv2%2Fcategories&post=19467"},{"taxonomy":"post_tag","embeddable":true,"href":"https:\/\/catalinx.ro\/wordpress\/index.php?rest_route=%2Fwp%2Fv2%2Ftags&post=19467"}],"curies":[{"name":"wp","href":"https:\/\/api.w.org\/{rel}","templated":true}]}}