

{"id":19846,"date":"2021-05-24T08:13:50","date_gmt":"2021-05-24T07:13:50","guid":{"rendered":"https:\/\/catalinx.ro\/wordpress\/?p=19846"},"modified":"2021-05-24T08:22:00","modified_gmt":"2021-05-24T07:22:00","slug":"belarus-problema-reala-e-ca-inca-se-zboara-pe-la-ei","status":"publish","type":"post","link":"https:\/\/catalinx.ro\/wordpress\/?p=19846","title":{"rendered":"Belarus: Problema real\u0103 e c\u0103 \u00eenc\u0103 se zboar\u0103 pe la ei"},"content":{"rendered":"<div id=\"fb-root\"><\/div>\n\n<figure class=\"wp-block-image size-large\"><img loading=\"lazy\" decoding=\"async\" width=\"1134\" height=\"711\" data-attachment-id=\"19847\" data-permalink=\"https:\/\/catalinx.ro\/wordpress\/?attachment_id=19847#main\" data-orig-file=\"https:\/\/catalinx.ro\/wordpress\/wp-content\/uploads\/2021\/05\/image-22.png\" data-orig-size=\"1134,711\" data-comments-opened=\"1\" data-image-meta=\"{&quot;aperture&quot;:&quot;0&quot;,&quot;credit&quot;:&quot;&quot;,&quot;camera&quot;:&quot;&quot;,&quot;caption&quot;:&quot;&quot;,&quot;created_timestamp&quot;:&quot;0&quot;,&quot;copyright&quot;:&quot;&quot;,&quot;focal_length&quot;:&quot;0&quot;,&quot;iso&quot;:&quot;0&quot;,&quot;shutter_speed&quot;:&quot;0&quot;,&quot;title&quot;:&quot;&quot;,&quot;orientation&quot;:&quot;0&quot;}\" data-image-title=\"image-22\" data-image-description=\"\" data-image-caption=\"\" data-large-file=\"https:\/\/catalinx.ro\/wordpress\/wp-content\/uploads\/2021\/05\/image-22.png\" src=\"https:\/\/catalinx.ro\/wordpress\/wp-content\/uploads\/2021\/05\/image-22.png\" alt=\"\" class=\"wp-image-19847\" srcset=\"https:\/\/catalinx.ro\/wordpress\/wp-content\/uploads\/2021\/05\/image-22.png 1134w, https:\/\/catalinx.ro\/wordpress\/wp-content\/uploads\/2021\/05\/image-22-480x301.png 480w, https:\/\/catalinx.ro\/wordpress\/wp-content\/uploads\/2021\/05\/image-22-200x125.png 200w, https:\/\/catalinx.ro\/wordpress\/wp-content\/uploads\/2021\/05\/image-22-768x482.png 768w\" sizes=\"auto, (max-width: 1134px) 100vw, 1134px\" \/><\/figure>\n\n\n\n<p>Belarus e un stat dictatorial. Faptul c\u0103 <a href=\"https:\/\/www.euronews.com\/2021\/05\/23\/ryanair-flight-diverted-to-belarus-journalist-arrested-on-arrival\">au deturnat un avion de pasageri<\/a> european, care circula pe teritoriul lor, de unde \u0219i-au extras omul pentru a-l pedepsi, nu e chiar a\u0219a S.F.  A\u0219a procedeaz\u0103 un stat dictatorial. Sigur, \u00een context, ac\u021biunea e una terorist\u0103 \u00eempotriva drepturilor omului etc. Hai success \u00eempotriva Belarusului sprijinit de Rusia.   \u00cen UE lucrurile \u0103stea se fac altfel, arestul se face la destina\u021bie <strong> pentru c\u0103 exist\u0103 cooperare \u00eentre \u021b\u0103ri. <\/strong> Belarus nu ar avea nicio \u0219ans\u0103 cu o cerere de arest a unui blogger\/jurnalist, a\u0219a c\u0103 n-au multe op\u021biuni.  Nu m\u0103 \u00eengrijoreaz\u0103 soarta lui Protasevich \u00een Belarus. Da, e na\u0219pa, dar se \u00eent\u00e2mpl\u0103 \u00een state dictatoriale, nu trebuie neap\u0103rat s\u0103 fie UE mama tuturor r\u0103ni\u021bilor. Trebuie, \u00een primul r\u00e2nd, s\u0103-\u0219i apere cet\u0103\u021benii ei \u0219i dup-aia altceva.   Dar nu v\u0103d c\u0103 se \u00eent\u00e2mpl\u0103 nici asta. <\/p>\n\n\n\n<p>\u021aara aia e o ghen\u0103 din Europa, cum au fost toate dictaturile din perioada postbelic\u0103, ca de exemplu Rom\u00e2nia. <\/p>\n\n\n\n<p>UE nu se poate duce s\u0103 \u00eei ia pe \u0103ia la palme, c\u0103 n-are cu ce \u0219i n-are de ce. NATO n-are de ce. <\/p>\n\n\n\n<p>Bine, de\u0219i fapta s-a petrecut ieri, UE discut\u0103 asta \u201dde urgen\u021b\u0103\u201d azi. Timp \u00een care nu s-a petrecut nimic.  <\/p>\n\n\n\n<p><strong>Adic\u0103 avioanele de pasageri care pleac\u0103 din UE continu\u0103 s\u0103 tranziteze Belarusul. <\/strong> Asta e adev\u0103rata problem\u0103.  Iete, cum turi\u0219tii pleac\u0103  cu TUI-ul de pe Arlanda din Stockholm, cu g\u00e2ndul c\u0103 se duc ei \u00een Cipru; de dus se duc f\u0103r\u0103 escal\u0103 \u00een Minsk doar dac\u0103 n-au la bord vreun bielorus  c\u0103utat de autorit\u0103\u021bile statului. <\/p>\n\n\n\n<p>\u0218i cum avioanele Belavia pot circula pe teritoriul European.  Ceea ce trebuia s\u0103 se \u00eent\u00e2mple imediat  la aflarea \u0219tirilor despre deturnare, dincolo de orice negocieri pe tema  persoanei arestate era ca Uniunea European\u0103 s\u0103 dea o dispozi\u021bie imediat\u0103 ( imediat\u0103 \u00eensemna atunci) prin care toate zborurile s\u0103 ocoleasc\u0103 Belarusul, toate zborurile dinspre UE spre Belarus s\u0103 fie suspendate, precum \u0219i invers.  Iar compania aeriana Belavia s\u0103 fie invitat\u0103 s\u0103 ocoleasc\u0103 prin Rusia ( sau eventual Ucraina, c\u0103 \u0103ia nu-s \u00een UE)  c\u0103tre orice destina\u021bii care ar trece peste Uniunea European\u0103.  Simplu. <\/p>\n\n\n\n<p>At\u00e2t. F\u0103r\u0103 amenin\u021b\u0103ri, f\u0103r\u0103 gargar\u0103.  <\/p>\n\n\n\n<p>\u00cen schimb -&gt; thoughts and prayers. <\/p>\n\n\n\n<figure class=\"wp-block-image size-large\"><img loading=\"lazy\" decoding=\"async\" width=\"612\" height=\"273\" data-attachment-id=\"19848\" data-permalink=\"https:\/\/catalinx.ro\/wordpress\/?attachment_id=19848#main\" data-orig-file=\"https:\/\/catalinx.ro\/wordpress\/wp-content\/uploads\/2021\/05\/image-23.png\" data-orig-size=\"612,273\" data-comments-opened=\"1\" data-image-meta=\"{&quot;aperture&quot;:&quot;0&quot;,&quot;credit&quot;:&quot;&quot;,&quot;camera&quot;:&quot;&quot;,&quot;caption&quot;:&quot;&quot;,&quot;created_timestamp&quot;:&quot;0&quot;,&quot;copyright&quot;:&quot;&quot;,&quot;focal_length&quot;:&quot;0&quot;,&quot;iso&quot;:&quot;0&quot;,&quot;shutter_speed&quot;:&quot;0&quot;,&quot;title&quot;:&quot;&quot;,&quot;orientation&quot;:&quot;0&quot;}\" data-image-title=\"image-23\" data-image-description=\"\" data-image-caption=\"\" data-large-file=\"https:\/\/catalinx.ro\/wordpress\/wp-content\/uploads\/2021\/05\/image-23.png\" src=\"https:\/\/catalinx.ro\/wordpress\/wp-content\/uploads\/2021\/05\/image-23.png\" alt=\"\" class=\"wp-image-19848\" srcset=\"https:\/\/catalinx.ro\/wordpress\/wp-content\/uploads\/2021\/05\/image-23.png 612w, https:\/\/catalinx.ro\/wordpress\/wp-content\/uploads\/2021\/05\/image-23-480x214.png 480w, https:\/\/catalinx.ro\/wordpress\/wp-content\/uploads\/2021\/05\/image-23-200x89.png 200w\" sizes=\"auto, (max-width: 612px) 100vw, 612px\" \/><\/figure>\n\n\n\n<p>Mesajul e scris c\u00e2t de c\u00e2t corect &#8211; ve\u0219ti bune pentru toat\u0103 lumea, \u00een special familiile \u0219i prietenii oamenilor de la bord.  Pe Protasevich l-au dat jos, restul ura \u0219i la gar\u0103.  Umor rom\u00e2nesc. <\/p>\n","protected":false},"excerpt":{"rendered":"<p>Belarus e un stat dictatorial. Faptul c\u0103 au deturnat un avion de pasageri european, care circula pe teritoriul lor, de unde \u0219i-au extras omul pentru&hellip;<\/p>\n","protected":false},"author":2,"featured_media":19849,"comment_status":"open","ping_status":"open","sticky":false,"template":"","format":"standard","meta":{"jetpack_post_was_ever_published":false,"_jetpack_newsletter_access":"","_jetpack_dont_email_post_to_subs":false,"_jetpack_newsletter_tier_id":0,"_jetpack_memberships_contains_paywalled_content":false,"_jetpack_memberships_contains_paid_content":false,"footnotes":"","jetpack_publicize_message":"","jetpack_publicize_feature_enabled":true,"jetpack_social_post_already_shared":true,"jetpack_social_options":{"image_generator_settings":{"template":"highway","default_image_id":0,"font":"","enabled":false},"version":2}},"categories":[473,170],"tags":[4452,4453],"class_list":["post-19846","post","type-post","status-publish","format-standard","has-post-thumbnail","hentry","category-breaking-news","category-politice","tag-belarus-deturneaza-un-avion","tag-dictatura-din-belarus"],"views":1299,"jetpack_publicize_connections":[],"jetpack_featured_media_url":"https:\/\/catalinx.ro\/wordpress\/wp-content\/uploads\/2021\/05\/dictator.jpg","jetpack_sharing_enabled":true,"jetpack_shortlink":"https:\/\/wp.me\/p4Eq23-5a6","jetpack-related-posts":[],"_links":{"self":[{"href":"https:\/\/catalinx.ro\/wordpress\/index.php?rest_route=\/wp\/v2\/posts\/19846","targetHints":{"allow":["GET"]}}],"collection":[{"href":"https:\/\/catalinx.ro\/wordpress\/index.php?rest_route=\/wp\/v2\/posts"}],"about":[{"href":"https:\/\/catalinx.ro\/wordpress\/index.php?rest_route=\/wp\/v2\/types\/post"}],"author":[{"embeddable":true,"href":"https:\/\/catalinx.ro\/wordpress\/index.php?rest_route=\/wp\/v2\/users\/2"}],"replies":[{"embeddable":true,"href":"https:\/\/catalinx.ro\/wordpress\/index.php?rest_route=%2Fwp%2Fv2%2Fcomments&post=19846"}],"version-history":[{"count":3,"href":"https:\/\/catalinx.ro\/wordpress\/index.php?rest_route=\/wp\/v2\/posts\/19846\/revisions"}],"predecessor-version":[{"id":19852,"href":"https:\/\/catalinx.ro\/wordpress\/index.php?rest_route=\/wp\/v2\/posts\/19846\/revisions\/19852"}],"wp:featuredmedia":[{"embeddable":true,"href":"https:\/\/catalinx.ro\/wordpress\/index.php?rest_route=\/wp\/v2\/media\/19849"}],"wp:attachment":[{"href":"https:\/\/catalinx.ro\/wordpress\/index.php?rest_route=%2Fwp%2Fv2%2Fmedia&parent=19846"}],"wp:term":[{"taxonomy":"category","embeddable":true,"href":"https:\/\/catalinx.ro\/wordpress\/index.php?rest_route=%2Fwp%2Fv2%2Fcategories&post=19846"},{"taxonomy":"post_tag","embeddable":true,"href":"https:\/\/catalinx.ro\/wordpress\/index.php?rest_route=%2Fwp%2Fv2%2Ftags&post=19846"}],"curies":[{"name":"wp","href":"https:\/\/api.w.org\/{rel}","templated":true}]}}