

{"id":20091,"date":"2021-07-05T06:14:36","date_gmt":"2021-07-05T05:14:36","guid":{"rendered":"https:\/\/catalinx.ro\/wordpress\/?p=20091"},"modified":"2021-07-05T06:50:41","modified_gmt":"2021-07-05T05:50:41","slug":"vacante-romanesti-de-botosani","status":"publish","type":"post","link":"https:\/\/catalinx.ro\/wordpress\/?p=20091","title":{"rendered":"Vacan\u021be rom\u00e2ne\u0219ti de Boto\u0219ani"},"content":{"rendered":"<div id=\"fb-root\"><\/div>\n\n<p>M\u0103 g\u00e2ndeam la \u0219tirea <a href=\"https:\/\/www.libertatea.ro\/stiri\/ancheta-la-o-scoala-din-botosani-dupa-ce-8-elevi-au-fost-batuti-de-diriginta-3627792\">asta<\/a>. Un copil trebuie s\u0103 mearg\u0103, \u00een Rom\u00e2nia ( nu r\u00e2de\u021bi), cu fosta clas\u0103 ( ultima dat\u0103 au studiat \u00eempreun\u0103 acum 3 ani) \u00een ceva tab\u0103r\u0103\/ excursie. Nici nu \u0219tiu unde, sunt mai r\u0103u dec\u00e2t p\u0103rin\u021bii copiii \u0103lora b\u0103tu\u021bi despre care scrie articolul. <\/p>\n\n\n\n<p>Bine, nu trebuie, nu e musai, de fapt mie nu prea \u00eemi convine c\u0103 \u00eemi stric\u0103 planurile. \u00ce\u021bi dai seama, viu eu din str\u0103in\u0103tate acas\u0103, aveam planuri s\u0103 mergem \u0219i noi ca familia, \u00een vacan\u021b\u0103, acuma c\u0103 s\u0103 stau s\u0103 imaginez alte solu\u021bii, c\u0103 vrea&#8230; cred c\u0103 i-ar prinde bine o b\u0103taie, dar n-o s-o administrez eu.<\/p>\n\n\n\n<p>In fine,&nbsp; observ c\u0103 nimic nu s-a schimbat \u00een Rom\u00e2nia &#8211; \u0219i p\u0103rin\u021bii \u0219i profesorii tot pro\u0219ti sunt. De la copii oricum nu te po\u021bi a\u0219tepta la nimic bun, \u0103\u0219tia sunt prezuma\u021bi de lege s\u0103 fie pro\u0219ti, c\u0103 de aia au nevoie de supraveghere.<\/p>\n\n\n\n<p>Supraveghere de tipul &#8220;eu m\u0103 duc \u0219i m\u0103 culc \u0219i &#8220;b\u0103, ce e cu g\u0103l\u0103gia asta?&#8221; <\/p>\n\n\n\n<p>\u0218i m\u0103 g\u00e2ndesc &#8211; b\u0103,cum&nbsp; ajung copiii \u0103\u0219tia \u00een situa\u021bia asta. <\/p>\n\n\n\n<p>\u00cemi aduc aminte de prin liceu, colegii mei au fost o dat\u0103 la mare cu clasa \u0219i erau profesori supraveghetori , mai mul\u021bi printre care \u0219i directorul cu care studiam matematica, am mai zis de el, n-o lungesc. <\/p>\n\n\n\n<p>C\u00e2nd am auzit asta eu am zis scurt in mintea mea&nbsp; c\u0103 nu m\u0103 intereseaz\u0103 excursia aia. Nu e pentru mine, pe malul Oltului la libertate e foarte frumos.&nbsp; Evident c\u0103 au calcat \u0103\u0219tia pe bec \u00eentr-o noapte, nu mai \u0219tiu ce pula mea au f\u0103cut, nimic din ce nu a\u0219 fi f\u0103cut eu \u0219i f\u0103ceam oricum vitejii mai mari la \u021bar\u0103, i-a b\u0103tut handicapatul de s-a c\u0103cat pe ei. Scurt a\u0219a. Cred c\u0103 \u0219i ei s-au c\u0103cat pe ei un pic, c\u0103 au gui\u021bat p\u0103rin\u021bii ceva dar vag. <\/p>\n\n\n\n<p>\u0218i m\u0103 \u00eentreb cum ajungi s\u0103 \u00ee\u021bi dore\u0219ti genul \u0103sta de tabere \u0219i excursii. Bine eu am o op\u021biune de r\u0103spuns. <\/p>\n\n\n\n<p>Copilul meu vrea s\u0103 mearg\u0103 s\u0103 se \u00eent\u00e2lneasc\u0103 cu prietenii din Romania \u0219i sufer\u0103 pu\u021bin la capitolul asta \u0219i par\u021bial de aia \u0219i \u00eenchid un ochi. Dar \u0219tie ( pe dracu&#8217;, \u0219tia  acum doi ani c\u00e2nd s-au v\u0103zut ultima dat\u0103), c\u0103 , \u00een principiu , mediul este unul prietenos, c\u0103 au mai fost in ceva de genul. <\/p>\n\n\n\n<p>Cei mai mul\u021bi dintre ei nu au genul \u0103sta de ie\u0219iri la v\u00e2rsta , sau p\u00e2n\u0103 la v\u00e2rsta asta, pentru c\u0103 ,l\u0103s\u00e2nd pandemia la o parte, nu au op\u021biuni. Dac\u0103 nu se organizeaz\u0103 la \u0219coal\u0103  p\u0103rin\u021bii nu au timp \u0219i poft\u0103 de a\u0219a ceva.<\/p>\n\n\n\n<p>Iar la \u0219coal\u0103 se organizeaz\u0103 mai \u00een sc\u00e2rb\u0103 a\u0219a , sunt to\u021bi la gr\u0103mad\u0103 responsabilit\u0103\u021bi asumate aiurea \u0219i ne alocate corespunz\u0103tor. <\/p>\n\n\n\n<p>Dup\u0103 mintea mea vacan\u021ba aia trebuia s\u0103 se fi \u00eencheiat cu o zi mai devreme dec\u00e2t s-ar \u00eencheiat deja. Pentru unii. La prima abatere, p\u0103rin\u021bii pulifricilor trebuiau chema\u021bi s\u0103 \u00ee\u0219i ia gloabele acas\u0103 . Civilizat nu \u00een altfel. <\/p>\n\n\n\n<p>Un anume instructaj cu op\u021biunii trebuia f\u0103cut. Dac\u0103 le spui p\u0103rin\u021bilor &#8221; pulic\u0103, dac\u0103 fiu-t\u0103u e na\u0219pet vii \u0219i \u021bi-l iei pachet acas\u0103 imediat, altfel \u00eel trimit eu sub escort\u0103 calificat\u0103 \u0219i pl\u0103te\u0219ti serviciul de expedi\u021bie plus deranjul pentru ceilal\u021bi&#8221; , cu semn\u0103tur\u0103 in avans, nu a\u0219a, altfel se pune problema \u0219i nu \u00ee\u0219i mai trimit to\u021bi leprele, c\u0103 e scump \u0219i riscant. <\/p>\n\n\n\n<p>P\u0103rin\u021bii au delegat r\u0103spunderea f\u0103r\u0103 niciun cost, normal c\u0103 \u00eei ia ame\u021beala c\u00e2nd descoper\u0103 c\u0103 totu\u0219i sunt costuri , chiar dac\u0103 nu au fost prev\u0103zute. <\/p>\n\n\n\n<p>A\u0219a, s\u0103 zic c\u0103 dup\u0103 evenimentul \u0103sta nu a mai avut nimeni de la mine din liceu nevoie de vreo vacan\u021b\u0103 \/ excursie cu clasa?  Au mai fost idei dar &#8220;las\u0103&#8221;. P\u00e2n\u0103 la absolvire am tr\u0103it \u0219i f\u0103r\u0103 evenimente cu clasa. Chiar foarte bine. <\/p>\n","protected":false},"excerpt":{"rendered":"<p>M\u0103 g\u00e2ndeam la \u0219tirea asta. Un copil trebuie s\u0103 mearg\u0103, \u00een Rom\u00e2nia ( nu r\u00e2de\u021bi), cu fosta clas\u0103 ( ultima dat\u0103 au studiat \u00eempreun\u0103 acum&hellip;<\/p>\n","protected":false},"author":2,"featured_media":20093,"comment_status":"open","ping_status":"open","sticky":false,"template":"","format":"standard","meta":{"jetpack_post_was_ever_published":false,"_jetpack_newsletter_access":"","_jetpack_dont_email_post_to_subs":false,"_jetpack_newsletter_tier_id":0,"_jetpack_memberships_contains_paywalled_content":false,"_jetpack_memberships_contains_paid_content":false,"footnotes":"","jetpack_publicize_message":"","jetpack_publicize_feature_enabled":true,"jetpack_social_post_already_shared":true,"jetpack_social_options":{"image_generator_settings":{"template":"highway","default_image_id":0,"font":"","enabled":false},"version":2}},"categories":[136],"tags":[288],"class_list":["post-20091","post","type-post","status-publish","format-standard","has-post-thumbnail","hentry","category-civilisation","tag-educatie"],"views":1493,"jetpack_publicize_connections":[],"jetpack_featured_media_url":"https:\/\/catalinx.ro\/wordpress\/wp-content\/uploads\/2021\/07\/palma_1_.jpg","jetpack_sharing_enabled":true,"jetpack_shortlink":"https:\/\/wp.me\/p4Eq23-5e3","jetpack-related-posts":[],"_links":{"self":[{"href":"https:\/\/catalinx.ro\/wordpress\/index.php?rest_route=\/wp\/v2\/posts\/20091","targetHints":{"allow":["GET"]}}],"collection":[{"href":"https:\/\/catalinx.ro\/wordpress\/index.php?rest_route=\/wp\/v2\/posts"}],"about":[{"href":"https:\/\/catalinx.ro\/wordpress\/index.php?rest_route=\/wp\/v2\/types\/post"}],"author":[{"embeddable":true,"href":"https:\/\/catalinx.ro\/wordpress\/index.php?rest_route=\/wp\/v2\/users\/2"}],"replies":[{"embeddable":true,"href":"https:\/\/catalinx.ro\/wordpress\/index.php?rest_route=%2Fwp%2Fv2%2Fcomments&post=20091"}],"version-history":[{"count":1,"href":"https:\/\/catalinx.ro\/wordpress\/index.php?rest_route=\/wp\/v2\/posts\/20091\/revisions"}],"predecessor-version":[{"id":20094,"href":"https:\/\/catalinx.ro\/wordpress\/index.php?rest_route=\/wp\/v2\/posts\/20091\/revisions\/20094"}],"wp:featuredmedia":[{"embeddable":true,"href":"https:\/\/catalinx.ro\/wordpress\/index.php?rest_route=\/wp\/v2\/media\/20093"}],"wp:attachment":[{"href":"https:\/\/catalinx.ro\/wordpress\/index.php?rest_route=%2Fwp%2Fv2%2Fmedia&parent=20091"}],"wp:term":[{"taxonomy":"category","embeddable":true,"href":"https:\/\/catalinx.ro\/wordpress\/index.php?rest_route=%2Fwp%2Fv2%2Fcategories&post=20091"},{"taxonomy":"post_tag","embeddable":true,"href":"https:\/\/catalinx.ro\/wordpress\/index.php?rest_route=%2Fwp%2Fv2%2Ftags&post=20091"}],"curies":[{"name":"wp","href":"https:\/\/api.w.org\/{rel}","templated":true}]}}