

{"id":20184,"date":"2021-07-21T18:57:23","date_gmt":"2021-07-21T17:57:23","guid":{"rendered":"https:\/\/catalinx.ro\/wordpress\/?p=20184"},"modified":"2021-07-21T18:57:23","modified_gmt":"2021-07-21T17:57:23","slug":"scurt-cu-ursii","status":"publish","type":"post","link":"https:\/\/catalinx.ro\/wordpress\/?p=20184","title":{"rendered":"Scurt cu ur\u0219ii"},"content":{"rendered":"<div id=\"fb-root\"><\/div>\n\n<p>Am citit <a href=\"http:\/\/www.mmediu.ro\/app\/webroot\/uploads\/files\/OUG%20INTERVENTIE%20IMEDIATA%20Final%2008.07.2021.pdf\">proiectul de ordonan\u021b\u0103<\/a> \u0219i e c\u00e2t de civilizat se poate. <\/p>\n\n\n\n<p>Scopul proiectului este unul destul de clar:<\/p>\n\n\n\n<blockquote class=\"wp-block-quote is-layout-flow wp-block-quote-is-layout-flow\"><p>Art. 1 &#8211; (1) Prezenta Ordonan\u021b\u0103 de urgen\u021b\u0103 reglementeaz\u0103 modul de interven\u021bie imediat\u0103 pentru prevenirea<br \/>\u0219i combaterea atacurilor exemplarelor de urs brun (Ursus arctos) asupra cet\u0103\u021benilor \u0219i bunurilor acestora \u00een<br \/><strong>intravilanul localit\u0103\u021bilor<\/strong> prin capturare\/relocare sau extragerea prin impuscare sau eutanasiere.<br \/>(2) Scopul principal al prezentei Ordonan\u021be de urgen\u021b\u0103 este ocrotirea unor valori esen\u021biale: via\u021ba \u0219i<br \/>integritatea corporal\u0103 a persoanei, s\u0103n\u0103tatea \u0219i securitatea public\u0103, bunurile de orice fel aflate \u00een proprietatea<br \/>public\u0103 \u0219i privat\u0103 a persoanelor juridice \u0219i fizice.<\/p><\/blockquote>\n\n\n\n<p><\/p>\n\n\n\n<p>Am ingro\u0219at partea interesant\u0103 &#8211; \u201dintravilanul localit\u0103\u021bilor\u201d. De-aici \u00eencolo nu mai e nimic de comentat. Dac\u0103 ursul intr\u0103 pe teritoriul localit\u0103\u021bii trebuie \u00eendep\u0103rtat punct. <\/p>\n\n\n\n<p>Procedura propus\u0103 prevede mai \u00eent\u00e2i indep\u0103rtarea \u00een via\u021b\u0103 dac\u0103 este posibil\u0103, dac\u0103 nu, bau! A\u0219a cum e \u0219i corect. Omul e specia dominant\u0103, iar intravilanul este teritoriul omului. Punct.  <\/p>\n\n\n\n<p>Cunosc retorica cum c\u0103 omul s-a extins pe teritoriul ur\u0219ilor \u0219i c\u0103 s\u0103racii nu mai au unde locui. Omul se extinde unde vrea pula lui, dac\u0103 prime\u0219te aprobare de la ceilal\u021bi oameni \u00eens\u0103rcina\u021bi cu autoritatea asta, iar mai departe  animalele periculoase trebuie s\u0103 se adapteze, supun\u0103 sau s\u0103 fie \u00eenl\u0103turate. Mutate sau ucise, scurt. E ca \u0219i c\u00e2nd am avea c\u00e2ini vagabonzi periculo\u0219i pe strad\u0103. Dar vai, ursul e protejat. S\u0103 fie. \u00cen p\u0103dure, eventual protejat de garduri pe care nu le poate trece.  <br \/>Sunt destui ur\u0219i \u00een Rom\u00e2nia ( <a href=\"https:\/\/www.rfi.ro\/emisiunile-rfi-ro-133055-cati-ursi-exista-romania\">4000-6000<\/a> ). Sa mai tina si alte tari. <\/p>\n\n\n\n<p>Care vrea ur\u0219i mai mul\u021bi s\u0103 se asocieze \u00een ONG-uri s\u0103 dea bani s\u0103 finan\u021beze \u00eenfiin\u021barea de rezerva\u021bii naturale \u0219i \u00eentre\u021binerea de ur\u0219i,  de ce nu.  Preferabil nu pe banii <s>statului<\/s> mei.  <\/p>\n\n\n\n<p>Nu m\u0103 deranjeaz\u0103 cu nimic ur\u0219ii, principial vorbind, chiar \u00eemi plac, n-am nicio problem\u0103 ca ei s\u0103 existe \u00een s\u0103lb\u0103ticie, c\u00e2t \u0219i cum se poate, dar unde interac\u021bioneaz\u0103 cu omului, trebuie s\u0103 \u00eenve\u021be s\u0103 respecte care e specia dominant\u0103 \u00eentr-un fel sau altul. Fie prin autoeduca\u021bia comportamentului, fie prin selec\u021bie. <\/p>\n\n\n\n<p>Mi se pare aiurea  c\u0103 oamenii g\u0103sesc acceptabil, dac\u0103 le intr\u0103 un om \u00een curte s\u0103 aib\u0103 dreptul s\u0103-\u0219i apere proprietatea \u0219i s\u0103-l dea afar\u0103, iar dac\u0103 le amenin\u021be via\u021ba s\u0103 se apere, eventual s\u0103-l ucid\u0103 pe agresor, dar dac\u0103 e urs, nu. C\u0103 ursul e rege. <\/p>\n\n\n\n<p>Da&#8217; o muie nu vrea el?<\/p>\n\n\n\n<p>G\u0103sesc inacceptabil ca un copil s\u0103 fie agresat de un adult \u0219i ar vrea pedepse care mai de care mai cu moartea schingiuirea sau descoirea, <a href=\"https:\/\/stirileprotv.ro\/stiri\/actualitate\/incident-grav-in-judetul-covasna-un-copil-de-8-ani-a-fost-atacat-de-urs.html\">dar dac\u0103 e urs<\/a>, nu dom&#8217;ne, cum s\u0103-l \u00eempu\u0219ti. <\/p>\n\n\n\n<p>Apoi avem a\u0219a.<\/p>\n\n\n\n<blockquote class=\"wp-block-quote is-layout-flow wp-block-quote-is-layout-flow\"><p>Art. 6 &#8211; (1) Tranchilizarea \u0219i eutanasierea vor fi efectuate de medicul veterinar \u00eemputernicit, cu ajutorul<br \/>echipei de interven\u021bie. Arma de v\u00e2n\u0103toare poate fi folosit\u0103 exclusiv de personalul tehnic de specialitate<br \/>angajat al Gestionarului sau de c\u0103tre personalul G\u0103rzii forestiere.<\/p><\/blockquote>\n\n\n\n<p>Ceea ce \u00eenseamn\u0103 c\u0103 nu e liber la \u00eempu\u0219cat ur\u0219i, posibilitatea abuzurilor \u0219i a braconajului r\u0103m\u00e2ne doar \u00een sfera autorit\u0103\u021bilor, nu se pot emite autoriza\u021bii de v\u00e2n\u0103toare particularilor.  Iar trofeul r\u0103m\u00e2ne  \u00een patrimoniul statului, deci sta\u021bi f\u0103r\u0103 grij\u0103, nu vine prin\u021bul de luxemburg cu ambulan\u021ba neagr\u0103 s\u0103 v\u0103 fure ur\u0219ii de prin sate. <\/p>\n\n\n\n<p>B\u0103, ce-a\u0219 m\u00e2nca o ceaf\u0103 de urs la Jari\u0219tea. <\/p>\n","protected":false},"excerpt":{"rendered":"<p>Am citit proiectul de ordonan\u021b\u0103 \u0219i e c\u00e2t de civilizat se poate. Scopul proiectului este unul destul de clar: Art. 1 &#8211; (1) Prezenta Ordonan\u021b\u0103&hellip;<\/p>\n","protected":false},"author":2,"featured_media":20185,"comment_status":"open","ping_status":"open","sticky":false,"template":"","format":"standard","meta":{"jetpack_post_was_ever_published":false,"_jetpack_newsletter_access":"","_jetpack_dont_email_post_to_subs":false,"_jetpack_newsletter_tier_id":0,"_jetpack_memberships_contains_paywalled_content":false,"_jetpack_memberships_contains_paid_content":false,"footnotes":"","jetpack_publicize_message":"","jetpack_publicize_feature_enabled":true,"jetpack_social_post_already_shared":true,"jetpack_social_options":{"image_generator_settings":{"template":"highway","default_image_id":0,"font":"","enabled":false},"version":2}},"categories":[744,170],"tags":[4501,4500],"class_list":["post-20184","post","type-post","status-publish","format-standard","has-post-thumbnail","hentry","category-law-and-order","category-politice","tag-extragerea-ursilor-periculosi","tag-vanatoare"],"views":1661,"jetpack_publicize_connections":[],"jetpack_featured_media_url":"https:\/\/catalinx.ro\/wordpress\/wp-content\/uploads\/2021\/07\/urme-de-rus.jpg","jetpack_sharing_enabled":true,"jetpack_shortlink":"https:\/\/wp.me\/p4Eq23-5fy","jetpack-related-posts":[],"_links":{"self":[{"href":"https:\/\/catalinx.ro\/wordpress\/index.php?rest_route=\/wp\/v2\/posts\/20184","targetHints":{"allow":["GET"]}}],"collection":[{"href":"https:\/\/catalinx.ro\/wordpress\/index.php?rest_route=\/wp\/v2\/posts"}],"about":[{"href":"https:\/\/catalinx.ro\/wordpress\/index.php?rest_route=\/wp\/v2\/types\/post"}],"author":[{"embeddable":true,"href":"https:\/\/catalinx.ro\/wordpress\/index.php?rest_route=\/wp\/v2\/users\/2"}],"replies":[{"embeddable":true,"href":"https:\/\/catalinx.ro\/wordpress\/index.php?rest_route=%2Fwp%2Fv2%2Fcomments&post=20184"}],"version-history":[{"count":1,"href":"https:\/\/catalinx.ro\/wordpress\/index.php?rest_route=\/wp\/v2\/posts\/20184\/revisions"}],"predecessor-version":[{"id":20186,"href":"https:\/\/catalinx.ro\/wordpress\/index.php?rest_route=\/wp\/v2\/posts\/20184\/revisions\/20186"}],"wp:featuredmedia":[{"embeddable":true,"href":"https:\/\/catalinx.ro\/wordpress\/index.php?rest_route=\/wp\/v2\/media\/20185"}],"wp:attachment":[{"href":"https:\/\/catalinx.ro\/wordpress\/index.php?rest_route=%2Fwp%2Fv2%2Fmedia&parent=20184"}],"wp:term":[{"taxonomy":"category","embeddable":true,"href":"https:\/\/catalinx.ro\/wordpress\/index.php?rest_route=%2Fwp%2Fv2%2Fcategories&post=20184"},{"taxonomy":"post_tag","embeddable":true,"href":"https:\/\/catalinx.ro\/wordpress\/index.php?rest_route=%2Fwp%2Fv2%2Ftags&post=20184"}],"curies":[{"name":"wp","href":"https:\/\/api.w.org\/{rel}","templated":true}]}}