

{"id":20202,"date":"2021-07-23T22:49:09","date_gmt":"2021-07-23T21:49:09","guid":{"rendered":"https:\/\/catalinx.ro\/wordpress\/?p=20202"},"modified":"2021-07-23T22:49:09","modified_gmt":"2021-07-23T21:49:09","slug":"vinul-de-la-miezul-noptii","status":"publish","type":"post","link":"https:\/\/catalinx.ro\/wordpress\/?p=20202","title":{"rendered":"Vinul de la miezul nop\u021bii"},"content":{"rendered":"<div id=\"fb-root\"><\/div>\n\n<p>Telefonul sun\u0103 noaptea jum\u0103tate,<\/p>\n\n\n\n<p>So\u021bia m\u0103 trimite s\u0103 iau vinul din camera din spate. <\/p>\n\n\n\n<p>Un ceardonei cinstit de la a lu&#8217; Vi\u0219inescu. <\/p>\n\n\n\n<figure class=\"wp-block-image size-large\"><img loading=\"lazy\" decoding=\"async\" width=\"1025\" height=\"1366\" data-attachment-id=\"20199\" data-permalink=\"https:\/\/catalinx.ro\/wordpress\/?attachment_id=20199#main\" data-orig-file=\"https:\/\/catalinx.ro\/wordpress\/wp-content\/uploads\/2021\/07\/ceardonei2895657893881367756.jpg\" data-orig-size=\"1025,1366\" data-comments-opened=\"1\" data-image-meta=\"{&quot;aperture&quot;:&quot;0&quot;,&quot;credit&quot;:&quot;&quot;,&quot;camera&quot;:&quot;&quot;,&quot;caption&quot;:&quot;&quot;,&quot;created_timestamp&quot;:&quot;0&quot;,&quot;copyright&quot;:&quot;&quot;,&quot;focal_length&quot;:&quot;0&quot;,&quot;iso&quot;:&quot;0&quot;,&quot;shutter_speed&quot;:&quot;0&quot;,&quot;title&quot;:&quot;&quot;,&quot;orientation&quot;:&quot;0&quot;}\" data-image-title=\"ceardonei2895657893881367756.jpg\" data-image-description=\"\" data-image-caption=\"\" data-large-file=\"https:\/\/catalinx.ro\/wordpress\/wp-content\/uploads\/2021\/07\/ceardonei2895657893881367756.jpg\" src=\"https:\/\/catalinx.ro\/wordpress\/wp-content\/uploads\/2021\/07\/ceardonei2895657893881367756.jpg\" alt=\"\" class=\"wp-image-20199\" srcset=\"https:\/\/catalinx.ro\/wordpress\/wp-content\/uploads\/2021\/07\/ceardonei2895657893881367756.jpg 1025w, https:\/\/catalinx.ro\/wordpress\/wp-content\/uploads\/2021\/07\/ceardonei2895657893881367756-360x480.jpg 360w, https:\/\/catalinx.ro\/wordpress\/wp-content\/uploads\/2021\/07\/ceardonei2895657893881367756-150x200.jpg 150w, https:\/\/catalinx.ro\/wordpress\/wp-content\/uploads\/2021\/07\/ceardonei2895657893881367756-768x1024.jpg 768w\" sizes=\"auto, (max-width: 1025px) 100vw, 1025px\" \/><\/figure>\n\n\n\n<p>De var\u0103, clar, bine filtrat, nu prea acid, nu prea fructat. Probabil  un pic de gust de piersicu\u021b\u0103, dar dup\u0103 ce termin\u0103m de b\u0103ut. <\/p>\n\n\n\n<p>Bem pe \u00eentuneric \u00eentr-o lini\u0219te confuz\u0103 dar pl\u0103cut\u0103. <\/p>\n\n\n\n<figure class=\"wp-block-image size-large\"><img loading=\"lazy\" decoding=\"async\" width=\"1025\" height=\"1366\" data-attachment-id=\"20200\" data-permalink=\"https:\/\/catalinx.ro\/wordpress\/?attachment_id=20200#main\" data-orig-file=\"https:\/\/catalinx.ro\/wordpress\/wp-content\/uploads\/2021\/07\/vinul-de-la-miezul-noptii8157642179722276188.jpg\" data-orig-size=\"1025,1366\" data-comments-opened=\"1\" data-image-meta=\"{&quot;aperture&quot;:&quot;0&quot;,&quot;credit&quot;:&quot;&quot;,&quot;camera&quot;:&quot;&quot;,&quot;caption&quot;:&quot;&quot;,&quot;created_timestamp&quot;:&quot;0&quot;,&quot;copyright&quot;:&quot;&quot;,&quot;focal_length&quot;:&quot;0&quot;,&quot;iso&quot;:&quot;0&quot;,&quot;shutter_speed&quot;:&quot;0&quot;,&quot;title&quot;:&quot;&quot;,&quot;orientation&quot;:&quot;0&quot;}\" data-image-title=\"vinul-de-la-miezul-noptii8157642179722276188.jpg\" data-image-description=\"\" data-image-caption=\"\" data-large-file=\"https:\/\/catalinx.ro\/wordpress\/wp-content\/uploads\/2021\/07\/vinul-de-la-miezul-noptii8157642179722276188.jpg\" src=\"https:\/\/catalinx.ro\/wordpress\/wp-content\/uploads\/2021\/07\/vinul-de-la-miezul-noptii8157642179722276188.jpg\" alt=\"\" class=\"wp-image-20200\" srcset=\"https:\/\/catalinx.ro\/wordpress\/wp-content\/uploads\/2021\/07\/vinul-de-la-miezul-noptii8157642179722276188.jpg 1025w, https:\/\/catalinx.ro\/wordpress\/wp-content\/uploads\/2021\/07\/vinul-de-la-miezul-noptii8157642179722276188-360x480.jpg 360w, https:\/\/catalinx.ro\/wordpress\/wp-content\/uploads\/2021\/07\/vinul-de-la-miezul-noptii8157642179722276188-150x200.jpg 150w, https:\/\/catalinx.ro\/wordpress\/wp-content\/uploads\/2021\/07\/vinul-de-la-miezul-noptii8157642179722276188-768x1024.jpg 768w\" sizes=\"auto, (max-width: 1025px) 100vw, 1025px\" \/><\/figure>\n\n\n\n<p>M\u0103 distrez c\u0103 lumea pune poze pe Instagram de la casele altora pentru a primi aprecieri. #vacanta<\/p>\n\n\n\n<p>Noi primim aprecieri pe poze de la casa noastr\u0103 . E amuzant c\u0103 m\u0103 simt oarecum ca in vacan\u021b\u0103. Dac\u0103 a\u0219 avea \u0219i concediu aia ar fi.  O s\u0103 am &#8230;<\/p>\n\n\n\n<p><\/p>\n","protected":false},"excerpt":{"rendered":"<p>Telefonul sun\u0103 noaptea jum\u0103tate, So\u021bia m\u0103 trimite s\u0103 iau vinul din camera din spate. Un ceardonei cinstit de la a lu&#8217; Vi\u0219inescu. De var\u0103, clar,&hellip;<\/p>\n","protected":false},"author":2,"featured_media":20201,"comment_status":"open","ping_status":"open","sticky":false,"template":"","format":"standard","meta":{"jetpack_post_was_ever_published":false,"_jetpack_newsletter_access":"","_jetpack_dont_email_post_to_subs":false,"_jetpack_newsletter_tier_id":0,"_jetpack_memberships_contains_paywalled_content":false,"_jetpack_memberships_contains_paid_content":false,"footnotes":"","jetpack_publicize_message":"","jetpack_publicize_feature_enabled":true,"jetpack_social_post_already_shared":true,"jetpack_social_options":{"image_generator_settings":{"template":"highway","default_image_id":0,"font":"","enabled":false},"version":2}},"categories":[375],"tags":[4511,4510,4512,2518,1075],"class_list":["post-20202","post","type-post","status-publish","format-standard","has-post-thumbnail","hentry","category-vinuri","tag-chardonnay","tag-primeaza","tag-vacanta-acasa","tag-vin-alb","tag-visinescu"],"views":1717,"jetpack_publicize_connections":[],"jetpack_featured_media_url":"https:\/\/catalinx.ro\/wordpress\/wp-content\/uploads\/2021\/07\/ceardonei.jpg","jetpack_sharing_enabled":true,"jetpack_shortlink":"https:\/\/wp.me\/p4Eq23-5fQ","jetpack-related-posts":[],"_links":{"self":[{"href":"https:\/\/catalinx.ro\/wordpress\/index.php?rest_route=\/wp\/v2\/posts\/20202","targetHints":{"allow":["GET"]}}],"collection":[{"href":"https:\/\/catalinx.ro\/wordpress\/index.php?rest_route=\/wp\/v2\/posts"}],"about":[{"href":"https:\/\/catalinx.ro\/wordpress\/index.php?rest_route=\/wp\/v2\/types\/post"}],"author":[{"embeddable":true,"href":"https:\/\/catalinx.ro\/wordpress\/index.php?rest_route=\/wp\/v2\/users\/2"}],"replies":[{"embeddable":true,"href":"https:\/\/catalinx.ro\/wordpress\/index.php?rest_route=%2Fwp%2Fv2%2Fcomments&post=20202"}],"version-history":[{"count":0,"href":"https:\/\/catalinx.ro\/wordpress\/index.php?rest_route=\/wp\/v2\/posts\/20202\/revisions"}],"wp:featuredmedia":[{"embeddable":true,"href":"https:\/\/catalinx.ro\/wordpress\/index.php?rest_route=\/wp\/v2\/media\/20201"}],"wp:attachment":[{"href":"https:\/\/catalinx.ro\/wordpress\/index.php?rest_route=%2Fwp%2Fv2%2Fmedia&parent=20202"}],"wp:term":[{"taxonomy":"category","embeddable":true,"href":"https:\/\/catalinx.ro\/wordpress\/index.php?rest_route=%2Fwp%2Fv2%2Fcategories&post=20202"},{"taxonomy":"post_tag","embeddable":true,"href":"https:\/\/catalinx.ro\/wordpress\/index.php?rest_route=%2Fwp%2Fv2%2Ftags&post=20202"}],"curies":[{"name":"wp","href":"https:\/\/api.w.org\/{rel}","templated":true}]}}