

{"id":20515,"date":"2021-09-04T04:00:00","date_gmt":"2021-09-04T03:00:00","guid":{"rendered":"https:\/\/catalinx.ro\/wordpress\/?p=20515"},"modified":"2021-08-30T15:12:49","modified_gmt":"2021-08-30T14:12:49","slug":"brexit-europenii-mor-de-grija-britanicilor","status":"publish","type":"post","link":"https:\/\/catalinx.ro\/wordpress\/?p=20515","title":{"rendered":"Brexit: C\u00e2inele moare de drum lung"},"content":{"rendered":"<div id=\"fb-root\"><\/div>\n\n<p>E presa plina de stiri cum  britanicii <strong><a href=\"https:\/\/www.theguardian.com\/business\/live\/2021\/aug\/26\/uk-shortages-supply-chains-jobs-cars-ftse-100-sterling-dow-business-live\">duc lipsa<\/a><\/strong> de for\u021b\u0103 de munc\u0103<a href=\"https:\/\/www.theguardian.com\/business\/2021\/jul\/08\/uk-employers-struggle-with-worst-labour-shortage-since-1997\"> cum nu s-a mai \u00eentamplat din &#8217;97<\/a>. Ca \u0219i c\u00e2nd \u00een &#8217;97 era r\u0103u, mureau \u0103ia de foame. <\/p>\n\n\n\n<p>\u0218i fiecare european \u0219i c\u00e2inele lui mor de grija britanicilor, c\u0103 uite, n-au mai vrut imigran\u021bi \u0219i-acuma nu mai pot de dorul lor.  Prin \u201dmor de grija\u201d  vreau s\u0103 spun c\u0103 bat din palme \u0219i se gr\u0103besc s\u0103 cad\u0103 de pe scaun de r\u00e2s, cum ei n-au problema asta, \u0103ia din vest.  Pentru c\u0103-s pro\u0219ti cu m\u0103-sa. <\/p>\n\n\n\n<p>Evident, rom\u00e2nii, europeni de mici, nu fac not\u0103 separat\u0103, de\u0219i dintre to\u021bi europenii ei ar trebui s\u0103-n\u021beleag\u0103 mai tare schema asta. <\/p>\n\n\n\n<p>C\u00e2nd citi\u021bi ziarele \u0219i vede\u021bi acolo cum se v\u0103ic\u0103resc \u0103ia c\u0103 anuleaz\u0103 Cr\u0103ciunul \u0219i ce baliverne le mai trec prin cap \u0219i v\u0103 g\u00e2ndi\u021bi c\u0103 o s\u0103 g\u0103si\u021bi engleji c\u0103zu\u021bi pe strad\u0103 \u0219i ne\u0219ter\u0219i la cur c\u0103 nu mai are cine, lua\u021bi \u00een calcul c\u0103 alora le scriu ziarele tot cine le scrie \u0219i \u00een Rom\u00e2nia, \u00een principiu, ni\u0219te golani cu bani \u0219i interese potrivnice puletelui de r\u00e2nd, fie el englez, sau rom\u00e2n.<\/p>\n\n\n\n<p>Mai \u021bine\u021bi minte articolele care vorbesc de lipsa de for\u021b\u0103 de munc\u0103 \u00een construc\u021bii \u0219i \u00een horeca \u0219i cum rom\u00e2nii prefer\u0103 s\u0103 stea mai bine acas\u0103 pe ajutorul social de 2 milioane \u0219i jum\u0103tate ? Eu n-am v\u0103zut m\u0103car at\u00e2\u021bia oameni \u00een situa\u021bia aia c\u00e2te articole am citit.  C\u00e2te dintre ele au fost scrise, sau sponsorizate de acei (ne)muncitori? C\u00e2te de angajatori? Le pl\u00e2nge\u021bi de mil\u0103 angajatorilor rom\u00e2ni din horeci care aduc sri lankezi, sau a celor din construc\u021bii care aduc vietnamezi? <\/p>\n\n\n\n<p>Eu nu. Le-a\u0219 dori faliment pl\u0103cut, dar nu fac eu politica de imigra\u021bie a Rom\u00e2niei.<\/p>\n\n\n\n<p>C\u0103 articolele \u0103lea \u00eei ofer\u0103 justificare lui C\u00e2\u021bu \u0219i anterior alora de la PSD s\u0103 deschid\u0103 un pic supapa la imigr\u0103ri pentru a face un pic concuren\u021b\u0103 (neloial\u0103) pe pia\u021ba muncii din Rom\u00e2nania. Concuren\u021b\u0103 for\u021bei de munc\u0103, \u00een sensul s\u0103 concurezi cu \u0103ia la dormit \u00een barac\u0103, c\u0103cat \u00een c\u0103ldare \u0219i m\u00e2ncat noodles. <\/p>\n\n\n\n<p>C\u0103 asta era, \u00een linii mari, concuren\u021ba adus\u0103 de imigran\u021bii din UK. <\/p>\n\n\n\n<p>Ca s\u0103 fiu un pic mai clar, eu m-am a\u0219teptat la asta, \u00een 2018 c\u00e2nd am luat decizia s\u0103 m\u0103 mut par\u021bial acolo cu familia <strong> pentru dreptul de munc\u0103<\/strong>, \u00een ideea c\u0103 n-or s\u0103 mai vin\u0103 europeni, ba or s\u0103 plece, \u0219i am s\u0103-i jumol eu de ni\u0219te rate frumu\u0219ele. <\/p>\n\n\n\n<p>Ei bine, p\u00e2na acum  m-am \u00een\u0219elat. C\u0103 pe motive de covid, c\u0103 economia \u0103stora nu prea mai duduie &#8211; nu conteaz\u0103, o \u021beap\u0103 e o \u021beap\u0103, iar eu aia am \u00een m\u00e2n\u0103, n-am muncit o zi pentru vreo intreprindere din UK de c\u00e2nd m-am mutat acolo. E ok, nu e nevoie s\u0103-mi pl\u00e2nge\u021bi \u0219i mie de mil\u0103, cas\u0103 am cump\u0103rat, de renovat se renoveaz\u0103  \u00eencet-\u00eencet ( mai greu cu m\u00e2na de lucru scump\u0103  \u0219i materialele LOL ),  de-o vacan\u021b\u0103 tot mai am bani, copiii sunt bine, voi \u00eemi pute\u021bi dori r\u0103ul \u0219i m\u00e2ine, etc. <\/p>\n\n\n\n<p>P\u00e2n\u0103 acum, c\u0103 v\u0103d c\u0103 e posibil s\u0103 se schimbe. E posibil nu-nseamn\u0103 c\u0103 a\u0219a va fi, c\u0103 uite, ziarele pl\u00e2ng c\u0103 e deficit de for\u021b\u0103 de munc\u0103 \u0219i s\u0103 deschid\u0103 domne por\u021bile largi la imigran\u021bi c\u0103 nu se mai poate.  Nu se mai poate<a href=\"https:\/\/www.independent.co.uk\/news\/business\/analysis-and-features\/food-shortages-lorry-driver-supermarkets-b1908769.html\"> <strong>s\u0103 fac\u0103 \u0219oferii de camioane pula mare c\u0103 vor mai mul\u021bi bani<\/strong><\/a>. Sau al\u021bii oarecare, pai ce c\u0103cat, \u0103\u0219tia chiar credeau c\u0103 \u0219i-au luat \u021bara \u00eenapoi cu Brexitul? Las\u0103 c\u0103 facem ni\u0219te pres\u0103 negativ\u0103, n-au \u00een\u021beles cum func\u021bioneaz\u0103 capitalismul?<\/p>\n\n\n\n<p>P\u00e2n\u0103 una alta doi prieteni buni \u0219i-au dat demisia. M\u0103 rog, unul pur \u0219i simplu a plecat c\u0103 pula mea, ZHC muie \u0219i la gar\u0103. Da, din UK. Nu, nu ca s\u0103 vin\u0103 \u00eenapoi in Rom\u00e2nia, ho, nu l\u0103crima\u021bi \u00eenc\u0103.   C\u0103 l-au sunat imediat s\u0103 vin\u0103 c\u0103 pl\u0103tesc mai mult, c\u0103 e nevoie.  La cel\u0103lalt tot a\u0219a, suna telefoanele. \u0218i-o s\u0103 tot sune. <\/p>\n\n\n\n<p>\u0218i la mine \u00eencep s\u0103 sune telefoanele din UK. Momentan sunt timizi, au joburi din \u0103lea de 80k pe an  brut, cu multe taxe pe ele. Le ignor, stau pe banii europenilor. C\u00e2t oi putea, poate \u00een scurt timp nu mai sunt de ignorat. Sau poate se deschid por\u021bile imigran\u021bilor \u0219i o s\u0103 fie tot ca p\u00e2n\u0103 acum. <\/p>\n\n\n\n<p>Ce spun doar, e c\u0103 ce citi\u021bi nu e colapsul UK-ului \u00een urma Brexitului, ci o campanie de pres\u0103 al unora care vor fie colapsul profe\u021bit fie men\u021binerea unui status quo p\u0103gubos, care a condus popula\u021bia \u00een primul r\u00e2nd s\u0103 voteze Brexit. <\/p>\n\n\n\n<p>Pentru c\u0103  pe de o parte popula\u021bia avea dreptate. Chiar le luau (est) europenii joburile <strong> pe bani mai pu\u021bini. <\/strong><\/p>\n\n\n\n<p>Acum nu le mai iau \u0219i da, ei nu le fac, nu pe m\u0103run\u021bi\u0219, oricum. Iar asta doare, dar nu pe ei \u00eei doare. <\/p>\n\n\n\n<p><\/p>\n","protected":false},"excerpt":{"rendered":"<p>E presa plina de stiri cum britanicii duc lipsa de for\u021b\u0103 de munc\u0103 cum nu s-a mai \u00eentamplat din &#8217;97. Ca \u0219i c\u00e2nd \u00een &#8217;97&hellip;<\/p>\n","protected":false},"author":2,"featured_media":20531,"comment_status":"open","ping_status":"open","sticky":false,"template":"","format":"standard","meta":{"jetpack_post_was_ever_published":false,"_jetpack_newsletter_access":"","_jetpack_dont_email_post_to_subs":false,"_jetpack_newsletter_tier_id":0,"_jetpack_memberships_contains_paywalled_content":false,"_jetpack_memberships_contains_paid_content":false,"footnotes":"","jetpack_publicize_message":"","jetpack_publicize_feature_enabled":true,"jetpack_social_post_already_shared":true,"jetpack_social_options":{"image_generator_settings":{"template":"highway","default_image_id":0,"font":"","enabled":false},"version":2}},"categories":[3499,82,1594],"tags":[1220,4580,4581,4582,4583],"class_list":["post-20515","post","type-post","status-publish","format-standard","has-post-thumbnail","hentry","category-economie","category-prin-lume","category-uk","tag-brexit","tag-lipsa-de-forta-de-munca-uk","tag-mana-de-lucru-scumpa","tag-politici-de-imigratie-uk","tag-presa-aservita-companiilor"],"views":1560,"jetpack_publicize_connections":[],"jetpack_featured_media_url":"https:\/\/catalinx.ro\/wordpress\/wp-content\/uploads\/2021\/08\/modern-slavery.jpg","jetpack_sharing_enabled":true,"jetpack_shortlink":"https:\/\/wp.me\/p4Eq23-5kT","jetpack-related-posts":[],"_links":{"self":[{"href":"https:\/\/catalinx.ro\/wordpress\/index.php?rest_route=\/wp\/v2\/posts\/20515","targetHints":{"allow":["GET"]}}],"collection":[{"href":"https:\/\/catalinx.ro\/wordpress\/index.php?rest_route=\/wp\/v2\/posts"}],"about":[{"href":"https:\/\/catalinx.ro\/wordpress\/index.php?rest_route=\/wp\/v2\/types\/post"}],"author":[{"embeddable":true,"href":"https:\/\/catalinx.ro\/wordpress\/index.php?rest_route=\/wp\/v2\/users\/2"}],"replies":[{"embeddable":true,"href":"https:\/\/catalinx.ro\/wordpress\/index.php?rest_route=%2Fwp%2Fv2%2Fcomments&post=20515"}],"version-history":[{"count":14,"href":"https:\/\/catalinx.ro\/wordpress\/index.php?rest_route=\/wp\/v2\/posts\/20515\/revisions"}],"predecessor-version":[{"id":20530,"href":"https:\/\/catalinx.ro\/wordpress\/index.php?rest_route=\/wp\/v2\/posts\/20515\/revisions\/20530"}],"wp:featuredmedia":[{"embeddable":true,"href":"https:\/\/catalinx.ro\/wordpress\/index.php?rest_route=\/wp\/v2\/media\/20531"}],"wp:attachment":[{"href":"https:\/\/catalinx.ro\/wordpress\/index.php?rest_route=%2Fwp%2Fv2%2Fmedia&parent=20515"}],"wp:term":[{"taxonomy":"category","embeddable":true,"href":"https:\/\/catalinx.ro\/wordpress\/index.php?rest_route=%2Fwp%2Fv2%2Fcategories&post=20515"},{"taxonomy":"post_tag","embeddable":true,"href":"https:\/\/catalinx.ro\/wordpress\/index.php?rest_route=%2Fwp%2Fv2%2Ftags&post=20515"}],"curies":[{"name":"wp","href":"https:\/\/api.w.org\/{rel}","templated":true}]}}