

{"id":20668,"date":"2021-09-22T09:52:00","date_gmt":"2021-09-22T08:52:00","guid":{"rendered":"https:\/\/catalinx.ro\/wordpress\/?p=20668"},"modified":"2021-09-21T12:05:57","modified_gmt":"2021-09-21T11:05:57","slug":"gata-ati-ocupat-toate-locurile","status":"publish","type":"post","link":"https:\/\/catalinx.ro\/wordpress\/?p=20668","title":{"rendered":"Gata, ATI ocupat toate locurile?"},"content":{"rendered":"<div id=\"fb-root\"><\/div>\n\n<p>Ave\u021bi in feat o masc\u0103 cu motive rom\u00e2ne\u0219ti: \u201dnu vreau\u201d, \u201d\u0219tiu eu mai bine\u201d, \u201dnu fac eu ce mi se spune\u201d, \u201dliberte\u201d -eh \u0103sta e francez, dar nu conteaz\u0103.<\/p>\n\n\n\n<p>N-ajunsei bine p\u0103 UK \u0219i se \u0219i <a href=\"https:\/\/alephnews.ro\/sanatate\/nu-mai-sunt-paturi-libere-la-ati-in-bucuresti-care-e-situatia-in-tara\/\">umplur\u0103 paturile la ATI. <\/a> Viteji rom\u00e2ni, sau m\u0103car iu\u021bi la m\u00e2nie. <\/p>\n\n\n\n<p>C\u00e2nd plecai eu era petrecere, voie bun\u0103 \u0219i dezm\u0103\u021b peste tot, \u00een dou\u0103 s\u0103pt\u0103m\u00e2ni 1000 de paturi. <\/p>\n\n\n\n<p>P\u0103i nu era vorba c\u0103 ne lu\u0103m fiecare foaia de vaccin la chiuvet\u0103 \u0219i-i facem pe fraieri, c\u0103 nu are ce s\u0103 se \u00eent\u00e2mple, vaccinul nu e bun, iar covidenia e vr\u0103jeal\u0103?<\/p>\n\n\n\n<p>Ce  plm f\u0103cur\u0103\u021bi acuma? Iar scenariu ro\u0219u, iar cu restric\u021bii? Nu era vorba c\u0103 \u201dnu ne mai bag\u0103 \u0103\u0219tia \u00een cas\u0103 pe noi?\u201d At\u00e2ta s-a putut?<\/p>\n\n\n\n<p>Nu-i bai, a\u0219a e bine &#8211; s\u0103 se aleag\u0103.  Dac\u0103 mor mai mul\u021bi vaccina\u021bi, o s\u0103 le treac\u0103 figurile \u0103stea cu cipuri 5G.  Dac\u0103 mor aleatoriu, e OK, democratic se joac\u0103 \u00een continuare cu liberul arbitru al fiec\u0103ruia, c\u0103-i limpede c\u0103 vaccinul nu face diferen\u021bele cum trebuie. A\u0219tept\u0103m versiunea 2.0 \u0219i juc\u0103m repriza a 5-a pe \u0103la. <\/p>\n\n\n\n<p>Dac\u0103 mor mai mult drep\u021bii cet\u0103\u021beni ne\u00eentina\u021bi cu vaccin, ghinion, pula mea, mai dispare din opozi\u021bie, or s\u0103 c\u00e2\u0219tige meciul \u0103\u0219tia cu cipurile. CSF, NCSF. <\/p>\n\n\n\n<p>S\u0103 ne fie \u00eentr-un ceas bun, din \u0103la care arat\u0103 98%SpO2, dac\u0103 nu, din \u0103l\u0103lalt care arat\u0103 presiunea de O2 la inturbare. <\/p>\n\n\n\n<p><\/p>\n","protected":false},"excerpt":{"rendered":"<p>Ave\u021bi in feat o masc\u0103 cu motive rom\u00e2ne\u0219ti: \u201dnu vreau\u201d, \u201d\u0219tiu eu mai bine\u201d, \u201dnu fac eu ce mi se spune\u201d, \u201dliberte\u201d -eh \u0103sta e&hellip;<\/p>\n","protected":false},"author":2,"featured_media":20344,"comment_status":"open","ping_status":"open","sticky":false,"template":"","format":"standard","meta":{"jetpack_post_was_ever_published":false,"_jetpack_newsletter_access":"","_jetpack_dont_email_post_to_subs":false,"_jetpack_newsletter_tier_id":0,"_jetpack_memberships_contains_paywalled_content":false,"_jetpack_memberships_contains_paid_content":false,"footnotes":"","jetpack_publicize_message":"","jetpack_publicize_feature_enabled":true,"jetpack_social_post_already_shared":true,"jetpack_social_options":{"image_generator_settings":{"template":"highway","default_image_id":0,"font":"","enabled":false},"version":2}},"categories":[500],"tags":[3796],"class_list":["post-20668","post","type-post","status-publish","format-standard","has-post-thumbnail","hentry","category-self","tag-covid-19"],"views":1692,"jetpack_publicize_connections":[],"jetpack_featured_media_url":"https:\/\/catalinx.ro\/wordpress\/wp-content\/uploads\/2021\/08\/masca-covid-motive-romanesti7681118845591794930.jpg","jetpack_sharing_enabled":true,"jetpack_shortlink":"https:\/\/wp.me\/p4Eq23-5nm","jetpack-related-posts":[],"_links":{"self":[{"href":"https:\/\/catalinx.ro\/wordpress\/index.php?rest_route=\/wp\/v2\/posts\/20668","targetHints":{"allow":["GET"]}}],"collection":[{"href":"https:\/\/catalinx.ro\/wordpress\/index.php?rest_route=\/wp\/v2\/posts"}],"about":[{"href":"https:\/\/catalinx.ro\/wordpress\/index.php?rest_route=\/wp\/v2\/types\/post"}],"author":[{"embeddable":true,"href":"https:\/\/catalinx.ro\/wordpress\/index.php?rest_route=\/wp\/v2\/users\/2"}],"replies":[{"embeddable":true,"href":"https:\/\/catalinx.ro\/wordpress\/index.php?rest_route=%2Fwp%2Fv2%2Fcomments&post=20668"}],"version-history":[{"count":1,"href":"https:\/\/catalinx.ro\/wordpress\/index.php?rest_route=\/wp\/v2\/posts\/20668\/revisions"}],"predecessor-version":[{"id":20669,"href":"https:\/\/catalinx.ro\/wordpress\/index.php?rest_route=\/wp\/v2\/posts\/20668\/revisions\/20669"}],"wp:featuredmedia":[{"embeddable":true,"href":"https:\/\/catalinx.ro\/wordpress\/index.php?rest_route=\/wp\/v2\/media\/20344"}],"wp:attachment":[{"href":"https:\/\/catalinx.ro\/wordpress\/index.php?rest_route=%2Fwp%2Fv2%2Fmedia&parent=20668"}],"wp:term":[{"taxonomy":"category","embeddable":true,"href":"https:\/\/catalinx.ro\/wordpress\/index.php?rest_route=%2Fwp%2Fv2%2Fcategories&post=20668"},{"taxonomy":"post_tag","embeddable":true,"href":"https:\/\/catalinx.ro\/wordpress\/index.php?rest_route=%2Fwp%2Fv2%2Ftags&post=20668"}],"curies":[{"name":"wp","href":"https:\/\/api.w.org\/{rel}","templated":true}]}}