

{"id":20879,"date":"2021-10-28T02:13:00","date_gmt":"2021-10-28T01:13:00","guid":{"rendered":"https:\/\/catalinx.ro\/wordpress\/?p=20879"},"modified":"2021-10-28T11:09:22","modified_gmt":"2021-10-28T10:09:22","slug":"restrictiile-sunt-momentan-inaplicabile","status":"publish","type":"post","link":"https:\/\/catalinx.ro\/wordpress\/?p=20879","title":{"rendered":"Restric\u021biile sunt momentan inaplicabile"},"content":{"rendered":"<div id=\"fb-root\"><\/div>\n\n<p>E coad\u0103 mare la vaccinare . \u00cen Bucure\u0219ti. La \u021b\u0103r\u0103noaia e doar coad\u0103. E nevoie s\u0103 moar\u0103 oameni \u00een numere semnificative ca s\u0103 se mi\u0219ti inimile oamenilor . C\u00e2te 500 pe zi \u0219i sus\u021binut, nu un accident de c\u00e2teva 10 \u00eentr-o sear\u0103 nefericit\u0103 dintr-un an \u0219i gata toat\u0103 lumea cu Colectivu-n gur\u0103 \u0219i durerea \u00een pula ca \u0219i p\u00e2n\u0103 atunci. <\/p>\n\n\n\n<p>Medicul care mi-a vaccinat copilul spunea c\u0103 mnici m\u0103car nu s-au speriat oamenii de moarte, dar restric\u021biile&#8230;<\/p>\n\n\n\n<p>Oamenii sunt cinici. Dac\u0103 mori, poate c\u0103 ai fost bolnav, ai avut comorbidit\u0103\u021bi, erai b\u0103tr\u00e2n, erai be\u021biv, poate-\u021bi b\u0103teai muierea \u0219i te-a v\u0103zut Dumnezeu, c\u0103 e clar c\u0103 nu moare a\u0219a oricine, iar Aleator nu e un nume de sf\u00e2nt, exist\u0103 reguli clare care te definesc ca muribil, covidul e doar un agent care \u00eendepline\u0219te o sarcin\u0103 rezonabil\u0103.<\/p>\n\n\n\n<p>***<\/p>\n\n\n\n<p>Teoretic de luni  sunt restric\u021bii, mai mult pentru nevaccino\u0219i:<\/p>\n\n\n\n<blockquote class=\"wp-block-quote is-layout-flow wp-block-quote-is-layout-flow\"><p>\u00cencep\u00e2nd de luni,&nbsp;<a rel=\"noreferrer noopener\" href=\"https:\/\/www.digi24.ro\/stiri\/actualitate\/doar-vaccinatii-si-cei-trecuti-prin-boala-vor-putea-intra-in-mall-uri-de-luni-1710193\" target=\"_blank\"><strong>accesul \u00een mall-uri<\/strong><\/a>&nbsp;va fi permis&nbsp;<strong>doar persoanelor vaccinate \u0219i celor trecute prin boal\u0103<\/strong>, \u00een baza certificatului verde. \u00cen magazinele esen\u0163iale &#8211; alimentare sau farmacii &#8211; va fi permis accesul \u015fi nevaccina\u021bilor, dar doar dac\u0103 acestea se afl\u0103&nbsp;<strong>\u00een afara centrelor comerciale mari<\/strong>.<\/p><p>\u00cen&nbsp;<strong>cl\u0103dirile publice, institu\u021bii oficiale<\/strong>, este obligatorie prezentarea certificatului verde (care atest\u0103 vaccinarea, trecerea prin boal\u0103 sau testarea) pentru to\u0163i&nbsp;<em><strong>cei care NU lucreaz\u0103&nbsp;\u00een acea cl\u0103dire (\u201evizitatori\u201d).<\/strong> <\/em>M\u0103sura se aplic\u0103 \u0219i \u00een cazul&nbsp;<strong>cl\u0103dirilor private<\/strong>&nbsp;\u00een care se afl\u0103 peste 50 de persoane.<\/p><p>Masca de protec\u0163ie &#8211; purtat\u0103 astfel \u00eenc\u00e2t<strong>&nbsp;s\u0103 acopere nasul \u0219i gura<\/strong>&nbsp;&#8211;&nbsp;<a rel=\"noreferrer noopener\" href=\"https:\/\/www.digi24.ro\/stiri\/actualitate\/masca-de-protectie-redevine-obligatorie-in-toate-spatiile-inchise-sau-deschise-care-sunt-exceptiile-1710013\" target=\"_blank\">redevine obligatorie<\/a>&nbsp;peste tot \u00een \u021bar\u0103, \u00een toate spa\u0163iile publice, indiferent dac\u0103 sunt \u00eenchise sau deschise, la locul de munc\u0103 \u015fi \u00een mijloacele de transport \u00een comun.<\/p><\/blockquote>\n\n\n\n<p>Nu critic, doar constat. <\/p>\n\n\n\n<p>Masca de protec\u021bie \u00een loc deschis nu prea se poart\u0103 \u0219i n-are cine s\u0103 verifice asta. Totu\u0219i \u00een fa\u021ba institu\u021biilor, adic\u0103 unde se grupeaz\u0103 \u0219i unde pot fi v\u0103zu\u021bi \u0219i sanc\u021biona\u021bi u\u0219or, oamenii poart\u0103 m\u0103sti.<\/p>\n\n\n\n<p>Luni seara am fost \u00eentr-un mall s\u0103  cumpere so\u021bia ni\u0219te tren\u021be la copii.  Nu mi-a cerut paznicul certificat ( nici nu \u00eel aveam la mine, era la so\u021bie -da, io tot pe h\u00e2rtie ca mo\u0219ii, am zis c\u0103 n-am telefon?), \u00een schimb mi-a m\u0103surat temperatura. <\/p>\n\n\n\n<p>Ieri am fost la o institu\u021bie public\u0103, unitate de poli\u021bie,  cu ceva treab\u0103 \u0219i nici m\u0103car acolo nu mi-a fost cerut\u0103 dovada de vaccinare, doar aia eliberat\u0103 de poli\u021bie, pe care n-o aveam. <\/p>\n\n\n\n<p>Nu cred c\u0103 \u00een momentul de fa\u021b\u0103 restric\u021biile sunt aplicabile. Nu cred c\u0103 vrea s\u0103 le aplice cineva, nu cred c\u0103 \u0103ia care trebuie s\u0103 sanc\u021bioneze neaplicarea au resursele s-o fac\u0103 sau m\u0103car vor. Cred c\u0103 sunt date  din gur\u0103, probabil se aplic\u0103 \u00een Bucure\u0219ti \u0219i eventual ora\u0219ele mari cu probleme, dar ideea e s\u0103 \u0219tie omul c\u0103 exist\u0103 restric\u021bii ca s\u0103 se vaccineze. <\/p>\n\n\n\n<p>Repet, nu critic, consider c\u0103 limitarea accesului prin lege  numai pentru vaccina\u021bi e discriminatorie, dar nu mai discriminatorie dec\u00e2t faptul c\u0103 \u00een institu\u021biile publice , oficiale , se pemite accesul doar vaccina\u021bilor din public, dar ei pot merge la serviciu nevaccinati. Ba, merg pe teren nevaccinati, in inspectii. <\/p>\n\n\n\n<p>Legea e destul de obtuza \u0219i p\u0103rtinitoare din punctul asta de vedere. <\/p>\n\n\n\n<p>Observ ca la senat modificarile pe legea muncii cu privire la necesitatea vaccin\u0103rii au picat. <strong> A\u0218A CUM E \u0218I NORMAL. <\/strong><\/p>\n\n\n\n<p>C\u0103 nu e normal s\u0103 limitezi unui om dreptul la munc\u0103 c\u0103 e nevaccinat. C\u0103 \u0219tii tu c\u0103 vaccinurile sunt bune . Toate. Pentru c\u0103 sunt aprobate \u0219i dac\u0103 sunt aprobate \u00eenseamn\u0103 c\u0103 garantat totul e OK. <\/p>\n\n\n\n<p>\u00cenainte s\u0103-mi spune\u021bi antivaxxer, am trei doze de vaccin \u0219i posibil c\u0103 o s-o fac pe a 4a la \u00eenceputul lui decembrie ( pentru c\u0103 pot) \u0219i, \u00een general, dac\u0103 m\u0103 \u00eentreab\u0103 cineva sunt de p\u0103rere c\u0103 ar fi bine s\u0103 se vaccineze. <strong>Dac\u0103 vrea!<\/strong><\/p>\n\n\n\n<p>Dac\u0103 nu \u201dwe&#8217;re all in this together&#8221; \u0219i plm. <\/p>\n\n\n\n<p>Pe de alt\u0103 parte, dac\u0103  oamenii nu iau metri \u0219i nu respect\u0103  ceva distan\u021bare social\u0103 , m\u0103car ca p\u00e2n\u0103 \u00een var\u0103, valul \u0103sta o s\u0103 fie mai lung, cu tot cu progresul campaniei de vaccinare, locuri \u00een spitale tot nu-s, a\u0219a c\u0103 o s\u0103 num\u0103r\u0103m mor\u021bi cinic, ca \u0219i p\u00e2n\u0103 acum , d\u00e2nd vina pe ei. <\/p>\n\n\n\n<p><\/p>\n\n\n\n<p><\/p>\n","protected":false},"excerpt":{"rendered":"<p>E coad\u0103 mare la vaccinare . \u00cen Bucure\u0219ti. La \u021b\u0103r\u0103noaia e doar coad\u0103. E nevoie s\u0103 moar\u0103 oameni \u00een numere semnificative ca s\u0103 se mi\u0219ti&hellip;<\/p>\n","protected":false},"author":2,"featured_media":20344,"comment_status":"open","ping_status":"open","sticky":false,"template":"","format":"standard","meta":{"jetpack_post_was_ever_published":false,"_jetpack_newsletter_access":"","_jetpack_dont_email_post_to_subs":false,"_jetpack_newsletter_tier_id":0,"_jetpack_memberships_contains_paywalled_content":false,"_jetpack_memberships_contains_paid_content":false,"footnotes":"","jetpack_publicize_message":"","jetpack_publicize_feature_enabled":true,"jetpack_social_post_already_shared":true,"jetpack_social_options":{"image_generator_settings":{"template":"highway","default_image_id":0,"font":"","enabled":false},"version":2}},"categories":[25,1],"tags":[3796,4638,4637],"class_list":["post-20879","post","type-post","status-publish","format-standard","has-post-thumbnail","hentry","category-sanatate-2","category-uncategorized","tag-covid-19","tag-restrictii-nevaccinati","tag-valul-5"],"views":1874,"jetpack_publicize_connections":[],"jetpack_featured_media_url":"https:\/\/catalinx.ro\/wordpress\/wp-content\/uploads\/2021\/08\/masca-covid-motive-romanesti7681118845591794930.jpg","jetpack_sharing_enabled":true,"jetpack_shortlink":"https:\/\/wp.me\/p4Eq23-5qL","jetpack-related-posts":[],"_links":{"self":[{"href":"https:\/\/catalinx.ro\/wordpress\/index.php?rest_route=\/wp\/v2\/posts\/20879","targetHints":{"allow":["GET"]}}],"collection":[{"href":"https:\/\/catalinx.ro\/wordpress\/index.php?rest_route=\/wp\/v2\/posts"}],"about":[{"href":"https:\/\/catalinx.ro\/wordpress\/index.php?rest_route=\/wp\/v2\/types\/post"}],"author":[{"embeddable":true,"href":"https:\/\/catalinx.ro\/wordpress\/index.php?rest_route=\/wp\/v2\/users\/2"}],"replies":[{"embeddable":true,"href":"https:\/\/catalinx.ro\/wordpress\/index.php?rest_route=%2Fwp%2Fv2%2Fcomments&post=20879"}],"version-history":[{"count":4,"href":"https:\/\/catalinx.ro\/wordpress\/index.php?rest_route=\/wp\/v2\/posts\/20879\/revisions"}],"predecessor-version":[{"id":20906,"href":"https:\/\/catalinx.ro\/wordpress\/index.php?rest_route=\/wp\/v2\/posts\/20879\/revisions\/20906"}],"wp:featuredmedia":[{"embeddable":true,"href":"https:\/\/catalinx.ro\/wordpress\/index.php?rest_route=\/wp\/v2\/media\/20344"}],"wp:attachment":[{"href":"https:\/\/catalinx.ro\/wordpress\/index.php?rest_route=%2Fwp%2Fv2%2Fmedia&parent=20879"}],"wp:term":[{"taxonomy":"category","embeddable":true,"href":"https:\/\/catalinx.ro\/wordpress\/index.php?rest_route=%2Fwp%2Fv2%2Fcategories&post=20879"},{"taxonomy":"post_tag","embeddable":true,"href":"https:\/\/catalinx.ro\/wordpress\/index.php?rest_route=%2Fwp%2Fv2%2Ftags&post=20879"}],"curies":[{"name":"wp","href":"https:\/\/api.w.org\/{rel}","templated":true}]}}