

{"id":20886,"date":"2021-10-31T14:44:00","date_gmt":"2021-10-31T14:44:00","guid":{"rendered":"https:\/\/catalinx.ro\/wordpress\/?p=20886"},"modified":"2021-10-27T14:56:03","modified_gmt":"2021-10-27T13:56:03","slug":"pesta-epidemia-de-care-nu-mai-auziti-nimic","status":"publish","type":"post","link":"https:\/\/catalinx.ro\/wordpress\/?p=20886","title":{"rendered":"Pest\u0103: Epidemia de care nu mai auzi\u021bi nimic"},"content":{"rendered":"<div id=\"fb-root\"><\/div>\n\n<p>Nu-i nimic, v\u0103 mai fac eu update. <\/p>\n\n\n\n<p><br \/>Anul \u0103sta au murit o g\u0103l\u0103gie de mistre\u021bi, nu s-a spus nimic despre asta, dar pur \u0219i simplu nu a mai avut cine s\u0103 dea iama \u00een culturile de porumb. Pentru c\u0103, printre altele, pula v\u00e2n\u0103tori &#8211; v\u0103 concentra\u021bi to\u021bi pe fapul c\u0103 v\u0103 omoar\u0103 , vai, ursule\u021bii dr\u0103g\u0103la\u0219i. <\/p>\n\n\n\n<p>Dup\u0103 mistre\u021bi au \u00eenceput porcii. Din sat cred c\u0103 doar tata mai are porci \u0219i ca s\u0103 \u00eei mai aib\u0103 le face carantin\u0103 mai ceva ca la covid.  Oricine vine pe la ei nu are voie s\u0103 treac\u0103 prin zona de curte, nu c\u0103 apropiere, unde are cote\u021bele.  Curse de \u0219oareci \u0219i ce mai e. <\/p>\n\n\n\n<p><strong>\u00cen mintea mea, m\u0103 g\u00e2ndesc c\u0103 e posibil s\u0103 fie \u0219i o problem\u0103 de cur\u0103\u021benie. Dac\u0103 cure\u021bi zilnic, \u00een general e mai bine.<\/strong><\/p>\n\n\n\n<p>Da-n fine, cert e c\u0103 nu prea mai are nimeni porci \u00een sat. <\/p>\n\n\n\n<p>Unde anii trecu\u021bi erau enerva\u021bi c\u0103 vine DSP-ul \u0219i le iau porcii \u0219i f\u0103ceau orice \u0219mecherie s\u0103 nu li-i ia. ( Sacrificat \u0219i conservat la foc automat, mutat, \u0219pag\u0103 &#8211; tot ce are romulanul \u00een m\u00e2nec\u0103), anul \u0103sta au sunat ei la DSP s\u0103 vin\u0103 s\u0103-i ia c\u0103 n-au unde s\u0103 scape de ei ( plus c\u0103 voiau \u0219i banii de la DSP, lol). At\u00e2ta c\u0103 DSP-ul de anul trecut ia doar covizi, c\u0103 nu po\u021bi s\u0103 administrezi dou\u0103 pandemii \u00een acela\u0219i timp \u0219i sunt ocupa\u021bi cu asta care afecteaz\u0103 oamenii. A\u0219a c\u0103 pula. <\/p>\n\n\n\n<p>Le-au \u0219i murit, n-au luat nici bani pe ei, i-au \u0219i aruncat aiurea pe cursuri de ap\u0103 \u0219i pe v\u0103i ( ar trebui amenda\u021bi pentru asta) de a fost primarul cu o echip\u0103 s\u0103 sanitizeze pe urma lor. \u0218i tot sup\u0103ra\u021bi sunt. <\/p>\n\n\n\n<p>Drept care a\u0219tepta\u021bi-v\u0103 c\u0103 porcul va fi cam scump la vedere de Cr\u0103ciunul \u0103sta. Sper ca tata s\u0103 aib\u0103 bulan \u0219i la covid \u0219i la pest\u0103, ca s\u0103 m\u0103n\u00e2nc \u0219i eu ceva \u0219oric proasp\u0103t&#8230;<\/p>\n","protected":false},"excerpt":{"rendered":"<p>Nu-i nimic, v\u0103 mai fac eu update. Anul \u0103sta au murit o g\u0103l\u0103gie de mistre\u021bi, nu s-a spus nimic despre asta, dar pur \u0219i simplu&hellip;<\/p>\n","protected":false},"author":2,"featured_media":14695,"comment_status":"open","ping_status":"open","sticky":false,"template":"","format":"standard","meta":{"jetpack_post_was_ever_published":false,"_jetpack_newsletter_access":"","_jetpack_dont_email_post_to_subs":false,"_jetpack_newsletter_tier_id":0,"_jetpack_memberships_contains_paywalled_content":false,"_jetpack_memberships_contains_paid_content":false,"footnotes":"","jetpack_publicize_message":"","jetpack_publicize_feature_enabled":true,"jetpack_social_post_already_shared":true,"jetpack_social_options":{"image_generator_settings":{"template":"highway","default_image_id":0,"font":"","enabled":false},"version":2}},"categories":[675,614,25],"tags":[4640],"class_list":["post-20886","post","type-post","status-publish","format-standard","has-post-thumbnail","hentry","category-agro","category-bio","category-sanatate-2","tag-pesta-porcina-2021"],"views":1539,"jetpack_publicize_connections":[],"jetpack_featured_media_url":"https:\/\/catalinx.ro\/wordpress\/wp-content\/uploads\/2019\/03\/5littlepigs.jpg","jetpack_sharing_enabled":true,"jetpack_shortlink":"https:\/\/wp.me\/p4Eq23-5qS","jetpack-related-posts":[],"_links":{"self":[{"href":"https:\/\/catalinx.ro\/wordpress\/index.php?rest_route=\/wp\/v2\/posts\/20886","targetHints":{"allow":["GET"]}}],"collection":[{"href":"https:\/\/catalinx.ro\/wordpress\/index.php?rest_route=\/wp\/v2\/posts"}],"about":[{"href":"https:\/\/catalinx.ro\/wordpress\/index.php?rest_route=\/wp\/v2\/types\/post"}],"author":[{"embeddable":true,"href":"https:\/\/catalinx.ro\/wordpress\/index.php?rest_route=\/wp\/v2\/users\/2"}],"replies":[{"embeddable":true,"href":"https:\/\/catalinx.ro\/wordpress\/index.php?rest_route=%2Fwp%2Fv2%2Fcomments&post=20886"}],"version-history":[{"count":1,"href":"https:\/\/catalinx.ro\/wordpress\/index.php?rest_route=\/wp\/v2\/posts\/20886\/revisions"}],"predecessor-version":[{"id":20887,"href":"https:\/\/catalinx.ro\/wordpress\/index.php?rest_route=\/wp\/v2\/posts\/20886\/revisions\/20887"}],"wp:featuredmedia":[{"embeddable":true,"href":"https:\/\/catalinx.ro\/wordpress\/index.php?rest_route=\/wp\/v2\/media\/14695"}],"wp:attachment":[{"href":"https:\/\/catalinx.ro\/wordpress\/index.php?rest_route=%2Fwp%2Fv2%2Fmedia&parent=20886"}],"wp:term":[{"taxonomy":"category","embeddable":true,"href":"https:\/\/catalinx.ro\/wordpress\/index.php?rest_route=%2Fwp%2Fv2%2Fcategories&post=20886"},{"taxonomy":"post_tag","embeddable":true,"href":"https:\/\/catalinx.ro\/wordpress\/index.php?rest_route=%2Fwp%2Fv2%2Ftags&post=20886"}],"curies":[{"name":"wp","href":"https:\/\/api.w.org\/{rel}","templated":true}]}}