

{"id":21008,"date":"2021-11-23T06:45:08","date_gmt":"2021-11-23T06:45:08","guid":{"rendered":"https:\/\/catalinx.ro\/wordpress\/?p=21008"},"modified":"2021-11-23T07:58:36","modified_gmt":"2021-11-23T07:58:36","slug":"wokisme-limba-franceza-devine-mai-putin-sexy","status":"publish","type":"post","link":"https:\/\/catalinx.ro\/wordpress\/?p=21008","title":{"rendered":"Wokisme: Limba francez\u0103 devine mai pu\u021bin sexy"},"content":{"rendered":"<div id=\"fb-root\"><\/div>\n\n<p>A\u0219a e cu orice limb\u0103 care e bastardizat\u0103 de popula\u021bii inculte. S\u0103 ne uit\u0103m, de pild\u0103, mai jos la limba rom\u00e2n\u0103.<\/p>\n\n\n\n<p>Cunoa\u0219tem pronumele personal persoana a treia , forma popular\u0103: iel , ia ( bastardizat \u0219i &#8220;iea&#8221; pe alocuri) .  \u0218i la plural &#8220;iei&#8221;, de unde \u0219i vorba &#8220;\u00eei cau\u021bi degeaba, c\u0103 iei pula, nu sunt acolo&#8221;. <\/p>\n\n\n\n<p>Francezii, in lips\u0103 de inspira\u021bie , s-au g\u00e2ndit s\u0103 copieze limba rom\u00e2n\u0103 vulgar\u0103 \u0219i au introdus \u0219i ei direct \u00een dic\u021bionar pronumele &#8220;iel&#8221; \u0219i &#8220;iels&#8221; , tot la persoana a IIIa , singular \u0219i plural. <\/p>\n\n\n\n<p>At\u00e2ta c\u0103 \u00eenseamn\u0103 relativ  altceva. In limba rom\u00e2n\u0103 c\u00e2nd spui &#8220;iel&#8221; ar\u0103\u021bi clar c\u0103tre pul\u0103, altfel spui &#8220;ia&#8221;, unde in francez\u0103 , dimpotriv\u0103 &#8220;iel&#8221; indic\u0103 acum neutralitatea genului. <\/p>\n\n\n\n<p>B\u0103b\u0103ciunea lu&#8217; Macron, Brigitte, noteaz\u0103 bine c\u0103 imixtiunea woko-lefti\u0219tilor  stric\u0103 frumuse\u021bea limbii franceze. Ca s\u0103 fiu cinstit, arat\u0103 \u0219i se cite\u0219te ca o pul\u0103, chit c\u0103 ceea ce vrea s\u0103 fie e ignorarea oric\u0103rei tr\u0103s\u0103turi sexuale. <\/p>\n\n\n\n<p>At\u00e2ta c\u0103 limba francez\u0103 ( \u00een general limbile latine )  e profund sexist\u0103 ( \u0219i sexy). Desigur c\u0103 \u00een rom\u00e2ne\u0219te avem \u0219i gen neutru, dar dac\u0103 urm\u0103re\u0219ti cu aten\u021bie rom\u00e2nii, noi vrem s\u0103 d\u0103m gen lucrurilor , uneori  \u00eempotriva existen\u021bei unei forme  academic acceptate neutre. <\/p>\n\n\n\n<p>\u00cen Fran\u021ba academia \u0219i o parte din spectrul politic se opune. Zic eu bine. Din p\u0103cate leftarzii ( Al Colsaet Twitter ) au dreptate atunci c\u00e2nd zic c\u0103 viitorul limbii e decis de vorbitori, nu de academie. <\/p>\n\n\n\n<p>Treaba asta \u00eencepe s\u0103 \u00eemi put\u0103 din ce \u00een ce mai mult. Au desexualizat \u0103\u0219tia societatea in incercarea de a fi inclusiv, \u00eenc\u00e2t dac\u0103 ai pula sau pizd\u0103 \u0219i e\u0219ti m\u00e2ndru de asta a devenit problematic , dincolo de tabu. <\/p>\n\n\n\n<p><\/p>\n\n\n\n<p><\/p>\n","protected":false},"excerpt":{"rendered":"<p>A\u0219a e cu orice limb\u0103 care e bastardizat\u0103 de popula\u021bii inculte. S\u0103 ne uit\u0103m, de pild\u0103, mai jos la limba rom\u00e2n\u0103. Cunoa\u0219tem pronumele personal persoana&hellip;<\/p>\n","protected":false},"author":2,"featured_media":21026,"comment_status":"open","ping_status":"open","sticky":false,"template":"","format":"standard","meta":{"jetpack_post_was_ever_published":false,"_jetpack_newsletter_access":"","_jetpack_dont_email_post_to_subs":false,"_jetpack_newsletter_tier_id":0,"_jetpack_memberships_contains_paywalled_content":false,"_jetpack_memberships_contains_paid_content":false,"footnotes":"","jetpack_publicize_message":"","jetpack_publicize_feature_enabled":true,"jetpack_social_post_already_shared":true,"jetpack_social_options":{"image_generator_settings":{"template":"highway","default_image_id":0,"font":"","enabled":false},"version":2}},"categories":[136,1207],"tags":[4669,4668],"class_list":["post-21008","post","type-post","status-publish","format-standard","has-post-thumbnail","hentry","category-civilisation","category-cucultura","tag-curentul-woke-limba","tag-pronume-noi-in-limba-franceza"],"views":852,"jetpack_publicize_connections":[],"jetpack_featured_media_url":"https:\/\/catalinx.ro\/wordpress\/wp-content\/uploads\/2021\/11\/limba-bolnava.webp","jetpack_sharing_enabled":true,"jetpack_shortlink":"https:\/\/wp.me\/p4Eq23-5sQ","jetpack-related-posts":[],"_links":{"self":[{"href":"https:\/\/catalinx.ro\/wordpress\/index.php?rest_route=\/wp\/v2\/posts\/21008","targetHints":{"allow":["GET"]}}],"collection":[{"href":"https:\/\/catalinx.ro\/wordpress\/index.php?rest_route=\/wp\/v2\/posts"}],"about":[{"href":"https:\/\/catalinx.ro\/wordpress\/index.php?rest_route=\/wp\/v2\/types\/post"}],"author":[{"embeddable":true,"href":"https:\/\/catalinx.ro\/wordpress\/index.php?rest_route=\/wp\/v2\/users\/2"}],"replies":[{"embeddable":true,"href":"https:\/\/catalinx.ro\/wordpress\/index.php?rest_route=%2Fwp%2Fv2%2Fcomments&post=21008"}],"version-history":[{"count":1,"href":"https:\/\/catalinx.ro\/wordpress\/index.php?rest_route=\/wp\/v2\/posts\/21008\/revisions"}],"predecessor-version":[{"id":21014,"href":"https:\/\/catalinx.ro\/wordpress\/index.php?rest_route=\/wp\/v2\/posts\/21008\/revisions\/21014"}],"wp:featuredmedia":[{"embeddable":true,"href":"https:\/\/catalinx.ro\/wordpress\/index.php?rest_route=\/wp\/v2\/media\/21026"}],"wp:attachment":[{"href":"https:\/\/catalinx.ro\/wordpress\/index.php?rest_route=%2Fwp%2Fv2%2Fmedia&parent=21008"}],"wp:term":[{"taxonomy":"category","embeddable":true,"href":"https:\/\/catalinx.ro\/wordpress\/index.php?rest_route=%2Fwp%2Fv2%2Fcategories&post=21008"},{"taxonomy":"post_tag","embeddable":true,"href":"https:\/\/catalinx.ro\/wordpress\/index.php?rest_route=%2Fwp%2Fv2%2Ftags&post=21008"}],"curies":[{"name":"wp","href":"https:\/\/api.w.org\/{rel}","templated":true}]}}