

{"id":21324,"date":"2022-01-17T09:10:57","date_gmt":"2022-01-17T09:10:57","guid":{"rendered":"https:\/\/catalinx.ro\/wordpress\/?p=21324"},"modified":"2022-01-17T23:56:32","modified_gmt":"2022-01-17T23:56:32","slug":"destatuarea-lui-schrodinger-pedofilia-de-ieri-cu-ochelarii-de-azi","status":"publish","type":"post","link":"https:\/\/catalinx.ro\/wordpress\/?p=21324","title":{"rendered":"Destatuarea lui Schr\u00f6dinger: Pedofilia de ieri cu ochelarii de azi"},"content":{"rendered":"<div id=\"fb-root\"><\/div>\n\n<p>\u00cen decembrie anul trecut a ap\u0103rut \u00een <a href=\"https:\/\/www.irishtimes.com\/life-and-style\/people\/how-erwin-schr%C3%B6dinger-indulged-his-lolita-complex-in-ireland-1.4749204?mode=sample&amp;auth-failed=1&amp;pw-origin=https%3A%2F%2Fwww.irishtimes.com%2Flife-and-style%2Fpeople%2Fhow-erwin-schr%25C3%25B6dinger-indulged-his-lolita-complex-in-ireland-1.4749204\">Irish Times<\/a> <a href=\"https:\/\/www.irishtimes.com\/life-and-style\/people\/how-erwin-schr%C3%B6dinger-indulged-his-lolita-complex-in-ireland-1.4749204?mode=sample&amp;auth-failed=1&amp;pw-origin=https%3A%2F%2Fwww.irishtimes.com%2Flife-and-style%2Fpeople%2Fhow-erwin-schr%25C3%25B6dinger-indulged-his-lolita-complex-in-ireland-1.4749204\">un articol <\/a>wokist despre cum Schr\u00f6dinger a fost pedofil \u0219i ia s\u0103 nu mai primeasc\u0103 at\u00e2ta recunoa\u0219tere public\u0103, c\u0103 era un tic\u0103los.   De aici se dezl\u0103n\u021buie jihadul woke. Os\u0103 vede\u021bi.<\/p>\n\n\n\n<p>\u0218i era un tic\u0103los, \u00een sensul de afemeiat, egoist \u0219i cam copil\u0103ros. Dar a fost, dom&#8217;ne, un pedofil?<\/p>\n\n\n\n<p>\u0218i da \u0219i nu, la fel ca pisica. Diferen\u021ba nu \u021bine de superpozi\u021bia ac\u021biunilor lui Schr\u00f6dinger \u00een raport cu multiple realit\u0103\u021bi, ci cu schimbarea cadrului de referin\u021b\u0103  \u0219i a ochelarilor prin care privim lumea ast\u0103zi.  Chiar \u0219i \u00een lumea lui Schr\u00f6dinger era departe de un caracter perfect, dar e dificil de spus c\u0103 ar fi fost pedofil. Lumea \u00eentreag\u0103 se \u00eencerca s\u0103 fie mai pu\u021bin pedofil\u0103, s\u0103 se raporteze la noile reguli sociale, care ofereau femeilor \u0219i copiilor, \u00een general, ceva mai mult\u0103 apreciere.<\/p>\n\n\n\n<p>\u00cens\u0103 azi, articolele de ziar nu trag \u00een \u021beap\u0103 societatea civil\u0103, sau normele sociale ale acelor vremuri, ci destatueaz\u0103 oameni care erau vag acceptabili \u00een acele vremuri. Problema e c\u0103 destatuarea se produce generic. Articolul din times \u0219i \u00eenc\u0103 unul din <a href=\"https:\/\/futurism.com\/schrodinger-pedophile\">futurism<\/a>, vorbesc despre faptul c\u0103 meritele pot fi recunoscute, o dat\u0103 cu recunoa\u0219terea caracterului \u201dmizerabil\u201d ( absolute scumbag) al omului de \u0219tiin\u021b\u0103 \u0219i c\u0103 onorurile ar trebui retrase.<\/p>\n\n\n\n<p>Realitatea e c\u0103 dac\u0103 distrugi toate valorile lumii sub umbra faptului c\u0103-s vinova\u021bi de a fi tr\u0103it \u00een vremuri austere cu privire la normele de etic\u0103 \u0219i corsetul social, r\u0103m\u00e2i cu o societate cu ale c\u0103rei singure valori sunt cele legate de corectitudinea politicii \u0219i reprezentan\u021bii sunt ni\u0219te icoane ale mediocrit\u0103\u021bii cu singurele merite c\u0103 n-au f\u0103cut r\u0103u nim\u0103nui.  <\/p>\n\n\n\n<p>Un pic de context, cu privire la pedofilie. <\/p>\n\n\n\n<p>  Medical pedofilia descrie o devia\u021bie comportamental\u0103 de atrac\u021bie sexual\u0103 c\u0103tre copii, adic\u0103 pui de oameni care nu au trecut \u00eenc\u0103 prin pubertate, nu au ajuns \u00een faza \u00een care s\u0103 manifeste ei \u00eensu\u0219i  tr\u0103s\u0103turi sexuale.<\/p>\n\n\n\n<p>Legea descrie pedofilia ca fiind abuzul sau agresiunea sexual\u0103 impotriva copiilor &#8211; sub 14 ani. <\/p>\n\n\n\n<p>C\u00e2nd te legi de v\u00e2rsta calendaristic\u0103 \u0219i de lege, descrierea pedofiliei e arbitrar\u0103 pentru c\u0103  \u00een Rom\u00e2nia ( \u0219i Europa de Est) c\u0103s\u0103toriile erau acceptabile legal cu fete de v\u00e2rsta de 12 ani \u00een vremea c\u00e2nd tr\u0103ia nenea \u0103sta. Bunica mea, leat 1933 a fost c\u0103s\u0103torit\u0103 la 12 ani ( m\u0103 rog, 13 ani ne\u00eemplini\u021bi)  cu bunicul meu. La 14 ani avea primul copil.  Pentru posteritate, acest lucru A FOST un abuz, ea ne-fiind de acord cu ideea c\u0103s\u0103toriei, dar p\u0103rin\u021bii ei au decis &#8211; c\u0103 a\u0219a era atunci \u00een Rom\u00e2nia.  \u00cen Austria treaba era mai emancipat\u0103 la 1945, dar nenea s-a n\u0103scut pe la 1887 , \u00een primul r\u0103zboi mondial era deja \u00een v\u00e2n\u0103, a f\u0103cut armata \u00een 1911. La vremea aia normele sociale f\u0103ceau acceptabile rela\u021bii sexuale cu ceea ce azi numim femei\/ fete sub v\u00e2rsta legal\u0103 minim\u0103. <\/p>\n\n\n\n<p>V\u0103 supun aten\u021biei ( aiurea, pun asta strict pentru mine, cui \u00eei mai pas\u0103 azi de un fizician n\u0103scut \u00een secolul al XIX-lea)  un articol furat din <a href=\"https:\/\/timesmachine.nytimes.com\/timesmachine\/1990\/01\/07\/issue.html\">New York times<\/a> ( nu-i bai, am pl\u0103tit accesul, dar nu dreptul de redifuzare, dac\u0103 m\u0103 caut\u0103 cineva am s\u0103-l fac privat) , scris pe vremea c\u00e2nd lumea nu era at\u00e2t de sensibiloas\u0103 \u0219i degrab\u0103 d\u0103r\u00e2m\u0103toare de statui, \u00een virtutea construirii unei lumi cu o moralitate des\u0103v\u00e2r\u0219it\u0103. Pe vremea aia  era altfel. <\/p>\n\n\n\n<figure class=\"wp-block-image size-full\"><img loading=\"lazy\" decoding=\"async\" width=\"1330\" height=\"1009\" data-attachment-id=\"21327\" data-permalink=\"https:\/\/catalinx.ro\/wordpress\/?attachment_id=21327#main\" data-orig-file=\"https:\/\/catalinx.ro\/wordpress\/wp-content\/uploads\/2022\/01\/Povestea-lui-Schrodinger-New-York-Times-1990.png\" data-orig-size=\"1330,1009\" data-comments-opened=\"1\" data-image-meta=\"{&quot;aperture&quot;:&quot;0&quot;,&quot;credit&quot;:&quot;&quot;,&quot;camera&quot;:&quot;&quot;,&quot;caption&quot;:&quot;&quot;,&quot;created_timestamp&quot;:&quot;0&quot;,&quot;copyright&quot;:&quot;&quot;,&quot;focal_length&quot;:&quot;0&quot;,&quot;iso&quot;:&quot;0&quot;,&quot;shutter_speed&quot;:&quot;0&quot;,&quot;title&quot;:&quot;&quot;,&quot;orientation&quot;:&quot;0&quot;}\" data-image-title=\"Povestea-lui-Schrodinger-New-York-Times-1990\" data-image-description=\"\" data-image-caption=\"\" data-large-file=\"https:\/\/catalinx.ro\/wordpress\/wp-content\/uploads\/2022\/01\/Povestea-lui-Schrodinger-New-York-Times-1990.png\" src=\"https:\/\/catalinx.ro\/wordpress\/wp-content\/uploads\/2022\/01\/Povestea-lui-Schrodinger-New-York-Times-1990.png\" alt=\"\" class=\"wp-image-21327\" srcset=\"https:\/\/catalinx.ro\/wordpress\/wp-content\/uploads\/2022\/01\/Povestea-lui-Schrodinger-New-York-Times-1990.png 1330w, https:\/\/catalinx.ro\/wordpress\/wp-content\/uploads\/2022\/01\/Povestea-lui-Schrodinger-New-York-Times-1990-480x364.png 480w, https:\/\/catalinx.ro\/wordpress\/wp-content\/uploads\/2022\/01\/Povestea-lui-Schrodinger-New-York-Times-1990-200x152.png 200w, https:\/\/catalinx.ro\/wordpress\/wp-content\/uploads\/2022\/01\/Povestea-lui-Schrodinger-New-York-Times-1990-768x583.png 768w\" sizes=\"auto, (max-width: 1330px) 100vw, 1330px\" \/><\/figure>\n\n\n\n<figure class=\"wp-block-image size-full\"><img loading=\"lazy\" decoding=\"async\" width=\"1325\" height=\"720\" data-attachment-id=\"21328\" data-permalink=\"https:\/\/catalinx.ro\/wordpress\/?attachment_id=21328#main\" data-orig-file=\"https:\/\/catalinx.ro\/wordpress\/wp-content\/uploads\/2022\/01\/Povestea-lui-Schrodinger-New-York-Times-1990-2.png\" data-orig-size=\"1325,720\" data-comments-opened=\"1\" data-image-meta=\"{&quot;aperture&quot;:&quot;0&quot;,&quot;credit&quot;:&quot;&quot;,&quot;camera&quot;:&quot;&quot;,&quot;caption&quot;:&quot;&quot;,&quot;created_timestamp&quot;:&quot;0&quot;,&quot;copyright&quot;:&quot;&quot;,&quot;focal_length&quot;:&quot;0&quot;,&quot;iso&quot;:&quot;0&quot;,&quot;shutter_speed&quot;:&quot;0&quot;,&quot;title&quot;:&quot;&quot;,&quot;orientation&quot;:&quot;0&quot;}\" data-image-title=\"Povestea-lui-Schrodinger-New-York-Times-1990-2\" data-image-description=\"\" data-image-caption=\"\" data-large-file=\"https:\/\/catalinx.ro\/wordpress\/wp-content\/uploads\/2022\/01\/Povestea-lui-Schrodinger-New-York-Times-1990-2.png\" src=\"https:\/\/catalinx.ro\/wordpress\/wp-content\/uploads\/2022\/01\/Povestea-lui-Schrodinger-New-York-Times-1990-2.png\" alt=\"\" class=\"wp-image-21328\" srcset=\"https:\/\/catalinx.ro\/wordpress\/wp-content\/uploads\/2022\/01\/Povestea-lui-Schrodinger-New-York-Times-1990-2.png 1325w, https:\/\/catalinx.ro\/wordpress\/wp-content\/uploads\/2022\/01\/Povestea-lui-Schrodinger-New-York-Times-1990-2-480x261.png 480w, https:\/\/catalinx.ro\/wordpress\/wp-content\/uploads\/2022\/01\/Povestea-lui-Schrodinger-New-York-Times-1990-2-200x109.png 200w, https:\/\/catalinx.ro\/wordpress\/wp-content\/uploads\/2022\/01\/Povestea-lui-Schrodinger-New-York-Times-1990-2-768x417.png 768w\" sizes=\"auto, (max-width: 1325px) 100vw, 1325px\" \/><\/figure>\n\n\n\n<figure class=\"wp-block-image size-full\"><img loading=\"lazy\" decoding=\"async\" width=\"1325\" height=\"466\" data-attachment-id=\"21329\" data-permalink=\"https:\/\/catalinx.ro\/wordpress\/?attachment_id=21329#main\" data-orig-file=\"https:\/\/catalinx.ro\/wordpress\/wp-content\/uploads\/2022\/01\/Povestea-lui-Schrodinger-New-York-Times-1990-3.png\" data-orig-size=\"1325,466\" data-comments-opened=\"1\" data-image-meta=\"{&quot;aperture&quot;:&quot;0&quot;,&quot;credit&quot;:&quot;&quot;,&quot;camera&quot;:&quot;&quot;,&quot;caption&quot;:&quot;&quot;,&quot;created_timestamp&quot;:&quot;0&quot;,&quot;copyright&quot;:&quot;&quot;,&quot;focal_length&quot;:&quot;0&quot;,&quot;iso&quot;:&quot;0&quot;,&quot;shutter_speed&quot;:&quot;0&quot;,&quot;title&quot;:&quot;&quot;,&quot;orientation&quot;:&quot;0&quot;}\" data-image-title=\"Povestea-lui-Schrodinger-New-York-Times-1990-3\" data-image-description=\"\" data-image-caption=\"\" data-large-file=\"https:\/\/catalinx.ro\/wordpress\/wp-content\/uploads\/2022\/01\/Povestea-lui-Schrodinger-New-York-Times-1990-3.png\" src=\"https:\/\/catalinx.ro\/wordpress\/wp-content\/uploads\/2022\/01\/Povestea-lui-Schrodinger-New-York-Times-1990-3.png\" alt=\"\" class=\"wp-image-21329\" srcset=\"https:\/\/catalinx.ro\/wordpress\/wp-content\/uploads\/2022\/01\/Povestea-lui-Schrodinger-New-York-Times-1990-3.png 1325w, https:\/\/catalinx.ro\/wordpress\/wp-content\/uploads\/2022\/01\/Povestea-lui-Schrodinger-New-York-Times-1990-3-480x169.png 480w, https:\/\/catalinx.ro\/wordpress\/wp-content\/uploads\/2022\/01\/Povestea-lui-Schrodinger-New-York-Times-1990-3-200x70.png 200w, https:\/\/catalinx.ro\/wordpress\/wp-content\/uploads\/2022\/01\/Povestea-lui-Schrodinger-New-York-Times-1990-3-768x270.png 768w\" sizes=\"auto, (max-width: 1325px) 100vw, 1325px\" \/><\/figure>\n\n\n\n<p>Lumea de acum 100 de ani nu ne place, dar lumea de azi a fost construit\u0103 de oamenii \u0103ia, pe care acum  nu-i mai vrem.  Problema nu e de facto ca se scot ni\u0219te oameni din istorie, ci cum vedem valorile societ\u0103\u021bii \u0219i pe cine vrem \u00een istorie, anume oameni ca  Schr\u00f6dinger, sau Einstein ( care avea deasemenea un caracter cam mizerabil, ca om) sau ni\u0219te fiin\u021be normate social. <\/p>\n\n\n\n<p>\u0218ti\u021bi, pe Turing l-au scos la lumina acum o vreme, c\u00e2nd a devenit la mod\u0103 s\u0103 fi gay. <\/p>\n\n\n\n<p><\/p>\n\n\n\n<p><\/p>\n\n\n\n<p><\/p>\n\n\n\n<p><\/p>\n\n\n\n<p><\/p>\n","protected":false},"excerpt":{"rendered":"<p>\u00cen decembrie anul trecut a ap\u0103rut \u00een Irish Times un articol wokist despre cum Schr\u00f6dinger a fost pedofil \u0219i ia s\u0103 nu mai primeasc\u0103 at\u00e2ta&hellip;<\/p>\n","protected":false},"author":2,"featured_media":19438,"comment_status":"open","ping_status":"open","sticky":false,"template":"","format":"standard","meta":{"jetpack_post_was_ever_published":false,"_jetpack_newsletter_access":"","_jetpack_dont_email_post_to_subs":false,"_jetpack_newsletter_tier_id":0,"_jetpack_memberships_contains_paywalled_content":false,"_jetpack_memberships_contains_paid_content":false,"footnotes":"","jetpack_publicize_message":"","jetpack_publicize_feature_enabled":true,"jetpack_social_post_already_shared":true,"jetpack_social_options":{"image_generator_settings":{"template":"highway","default_image_id":0,"font":"","enabled":false},"version":2}},"categories":[1207,170],"tags":[4722],"class_list":["post-21324","post","type-post","status-publish","format-standard","has-post-thumbnail","hentry","category-cucultura","category-politice","tag-era-schrodinger-pedofil"],"views":1498,"jetpack_publicize_connections":[],"jetpack_featured_media_url":"https:\/\/catalinx.ro\/wordpress\/wp-content\/uploads\/2021\/03\/imaginary-world.jpg","jetpack_sharing_enabled":true,"jetpack_shortlink":"https:\/\/wp.me\/p4Eq23-5xW","jetpack-related-posts":[],"_links":{"self":[{"href":"https:\/\/catalinx.ro\/wordpress\/index.php?rest_route=\/wp\/v2\/posts\/21324","targetHints":{"allow":["GET"]}}],"collection":[{"href":"https:\/\/catalinx.ro\/wordpress\/index.php?rest_route=\/wp\/v2\/posts"}],"about":[{"href":"https:\/\/catalinx.ro\/wordpress\/index.php?rest_route=\/wp\/v2\/types\/post"}],"author":[{"embeddable":true,"href":"https:\/\/catalinx.ro\/wordpress\/index.php?rest_route=\/wp\/v2\/users\/2"}],"replies":[{"embeddable":true,"href":"https:\/\/catalinx.ro\/wordpress\/index.php?rest_route=%2Fwp%2Fv2%2Fcomments&post=21324"}],"version-history":[{"count":5,"href":"https:\/\/catalinx.ro\/wordpress\/index.php?rest_route=\/wp\/v2\/posts\/21324\/revisions"}],"predecessor-version":[{"id":21333,"href":"https:\/\/catalinx.ro\/wordpress\/index.php?rest_route=\/wp\/v2\/posts\/21324\/revisions\/21333"}],"wp:featuredmedia":[{"embeddable":true,"href":"https:\/\/catalinx.ro\/wordpress\/index.php?rest_route=\/wp\/v2\/media\/19438"}],"wp:attachment":[{"href":"https:\/\/catalinx.ro\/wordpress\/index.php?rest_route=%2Fwp%2Fv2%2Fmedia&parent=21324"}],"wp:term":[{"taxonomy":"category","embeddable":true,"href":"https:\/\/catalinx.ro\/wordpress\/index.php?rest_route=%2Fwp%2Fv2%2Fcategories&post=21324"},{"taxonomy":"post_tag","embeddable":true,"href":"https:\/\/catalinx.ro\/wordpress\/index.php?rest_route=%2Fwp%2Fv2%2Ftags&post=21324"}],"curies":[{"name":"wp","href":"https:\/\/api.w.org\/{rel}","templated":true}]}}