

{"id":2200,"date":"2015-05-24T20:32:23","date_gmt":"2015-05-24T18:32:23","guid":{"rendered":"http:\/\/catalinx.ro\/wordpress\/?p=2200"},"modified":"2017-05-22T20:06:26","modified_gmt":"2017-05-22T18:06:26","slug":"rent-a-car-in-romania-rentexpress-analiza-eficientei-de-transport","status":"publish","type":"post","link":"https:\/\/catalinx.ro\/wordpress\/?p=2200","title":{"rendered":"Rent a car in Romania. Rentexpress. Analiza eficientei de transport"},"content":{"rendered":"<div id=\"fb-root\"><\/div>\n<p>Da, deci dup\u0103 cum spuneam: Tre&#8217; s\u0103 \u00eemi iau ma\u0219in\u0103.<\/p>\n<p>Va da\u021bi seama de aici c\u0103 zic &#8220;de bine&#8221;.<br \/>\nMmm, e problematic \u00een Rom\u00e2nia s\u0103 \u00eencerci s\u0103 nu ai ma\u0219in\u0103,\u00a0 chiar dac\u0103 stai mai mult de jum\u0103tate din timp \u00een Bucure\u0219ti. De fapt, po\u021bi f\u0103r\u0103\u00a0\u0219i e chiar distractiv , dar numai dac\u0103 e\u0219ti f\u0103r\u0103 obliga\u021bii , f\u0103r\u0103 copii , \u00een principiu singur, \u0219i i\u021bi \u00a0place stilul de via\u021b\u0103 mai &#8220;backpacker&#8221; a\u0219a \u0219i mai &#8220;travelling light&#8221;. Sau dac\u0103 ai treab\u0103 mai-mereu \u00eentr-un singur ora\u0219. Pentru c\u0103 , aia e , dac\u0103 stai doar in Bucure\u0219ti \u0219i n-ai altre gre\u021buri , s\u0103 zicem , te cam descurci f\u0103r\u0103 ma\u0219in\u0103.<\/p>\n<p><!--more--><\/p>\n<p>Eu nu m\u0103 \u00eencadrez \u00een tipar. Via\u021ba mea e dezordonat\u0103 \u0219i \u00eentins\u0103 \u00een mai multe spa\u021bii . \u0218i pentru c\u0103 m\u0103 plictisesc intr-un loc . Mai ales dac\u0103 locul \u0103la e un apartament \u00eentr-un bloc. Bleah.<\/p>\n<p>Am visat idealist c\u0103 aici, ca \u0219i prin alte par\u021bi, se poate cu transport in comun\u0103 , cu taxi , cu uber , cu ma\u0219in\u0103 inchiriat\u0103 &#8230;<\/p>\n<p>In Bucure\u0219ti RATB, Metrou, taxi , s\u0103 zicem ca i\u021bi faci treaba cu ele. Ai ie\u0219it din Bucuresti, \u00a0ai de ales \u00eentre <a href=\"http:\/\/catalinx.ro\/wordpress\/?p=2126\">tren<\/a>\u00a0, autocar , rent a car , ocazie ( yeah right , f\u0103 asta cu familie\/copii) .<\/p>\n<p>Despre tren am spus , mi s-a p\u0103rut c\u0103 e ok , dar nu prea. Gen , \u00een mare , un drum da, unu&#8217; ba. \u00a0Pe l\u00e2ng\u0103 c\u0103 unde am treab\u0103 nu am neaparat sta\u021bie de tren \u0219i mai am nevoie de un segment de transport.<\/p>\n<p>Autocar &#8211; e, \u00een general, mai na\u0219pa dec\u00e2t trenul , s\u0103 zicem c\u0103 pentru unele destina\u021bii m\u0103 las\u0103 mai departe dec\u00e2t trenul \u0219i am nevoie s\u0103 merg cu &#8220;rata&#8221; de-acolo, mai nesigur , mai&#8230;mai ieftin \u00a0dec\u00e2t trenul, da.<\/p>\n<p><strong>Ma\u0219in\u0103 inchiriat\u0103<\/strong> . Ca masina ta, doar c\u0103 n-ai grija \u00eentre\u021binerii , \u00a0ai, \u00een schimb, grija rezerv\u0103rii din timp \u0219i mergi, \u00een principiu ,cu ce apuci.<\/p>\n<p>Hai s\u0103 vorbim pu\u021bin de bani . Trenul \u00a0e \u00a0mai scump dec\u00e2t o ma\u0219in\u0103, normal. 1 copil \u0219i un adult la clasa 1 = 180 lei \/ 230 km. Cu ma\u0219ina fac 200 km p\u00e2n\u0103 la aceea\u0219i destina\u021bie \u00a0\u0219i ma costa 100 &#8211; 130 lei \u00a0( consum \u00eentre 8.5 &#8211; 11 % ) \u00a0Sigur c\u0103, \u00a0plm, exist\u0103 ma\u0219ini care consum\u0103 \u0219i mai pu\u021bin. Cum am mai zis, cu Logan GPL pot ie\u0219i undeva sub 50 de \u00a0lei, bine, cu \u0103sta bat autocarul. Dar s\u0103 fim rezonabili.<\/p>\n<p>Ma\u0219ina nu \u00eenseamna numai benzin\u0103 . \u00a0Pentru mine a \u00eensemnat \u0219i 4100 EUR\/ 4 ani \u00a0&#8211; pre\u021b, \u00a0+ 2350 EUR \u00a0intre\u021binere + benzina de care am scris mai sus . \u00a0Uite ici. \u00a0Incluse \u0219i repara\u021bii de tinichigerie , gen pe unde am mai dat cu ea.<\/p>\n<p><a href=\"http:\/\/catalinx.ro\/wordpress\/wp-content\/uploads\/2015\/05\/cheltuieli.jpg\"><img loading=\"lazy\" decoding=\"async\" data-attachment-id=\"2202\" data-permalink=\"https:\/\/catalinx.ro\/wordpress\/?attachment_id=2202#main\" data-orig-file=\"https:\/\/catalinx.ro\/wordpress\/wp-content\/uploads\/2015\/05\/cheltuieli.jpg\" data-orig-size=\"980,803\" data-comments-opened=\"1\" data-image-meta=\"{&quot;aperture&quot;:&quot;0&quot;,&quot;credit&quot;:&quot;&quot;,&quot;camera&quot;:&quot;&quot;,&quot;caption&quot;:&quot;&quot;,&quot;created_timestamp&quot;:&quot;0&quot;,&quot;copyright&quot;:&quot;&quot;,&quot;focal_length&quot;:&quot;0&quot;,&quot;iso&quot;:&quot;0&quot;,&quot;shutter_speed&quot;:&quot;0&quot;,&quot;title&quot;:&quot;&quot;,&quot;orientation&quot;:&quot;0&quot;}\" data-image-title=\"cheltuieli\" data-image-description=\"\" data-image-caption=\"\" data-large-file=\"https:\/\/catalinx.ro\/wordpress\/wp-content\/uploads\/2015\/05\/cheltuieli.jpg\" class=\"alignleft wp-image-2202 size-full\" src=\"http:\/\/catalinx.ro\/wordpress\/wp-content\/uploads\/2015\/05\/cheltuieli.jpg\" alt=\"cheltuieli\" width=\"980\" height=\"803\" srcset=\"https:\/\/catalinx.ro\/wordpress\/wp-content\/uploads\/2015\/05\/cheltuieli.jpg 980w, https:\/\/catalinx.ro\/wordpress\/wp-content\/uploads\/2015\/05\/cheltuieli-300x246.jpg 300w\" sizes=\"auto, (max-width: 980px) 100vw, 980px\" \/><\/a><\/p>\n<p>&nbsp;<\/p>\n<p>&nbsp;<\/p>\n<p>&nbsp;<\/p>\n<p>&nbsp;<\/p>\n<p>&nbsp;<\/p>\n<p>Am f\u0103cut 54 000 km \u00een patru ani . Rareori am mers singur . \u00a0 Mai mult de 50% din timp \u00a0&#8211; 3 persoane. \u00a0Da, c\u00e2nd am mers cu trenul, am luat bilet cu loc \u0219i pentru copil. Cu trenul m-ar fi costat circa 63391 lei . Ma uit si zic: \u00a0WTF? \u00a0Asta \u00eenseamna 14 k euro. \u00a0Nu, nu am b\u0103gat benzin\u0103 de 10 000 de EUR. Cam de \u00a06000.<\/p>\n<p>Daca ma gandesc mai bine nu as fi pl\u0103tit at\u00e2t , c\u0103 nu a\u0219 fi mers at\u00e2t , \u0219i probabil c\u0103 a\u0219 fi mers \u0219i la clasa a doua, c\u0103 nu mu\u0219c\u0103 . \u0218tii cum e, te inve\u021bi \u0219i cu mizeria \u0219i gunoaiele . Sau mai bine \u00eemi bag \u00a0pula , zic.<\/p>\n<p>Cu masina inchiriat\u0103 e mai complex de calculat c\u0103 se m\u0103soar\u0103 in timp utilizat. \u00a0Altfel spus , c\u00e2t timp puteam sa \u00e2nchiriez ma\u0219ina \u00een 4 ani de 6450 EUR?<\/p>\n<p>La <a href=\"http:\/\/www.rentexpres.ro\/en\/\">RentExpress<\/a> am pl\u0103tit \u00a022E\/zi \u00a0pentru 4 zile legate . Pentru un Logan , cu care nu prea a\u0219 mai merge . \u00cen general, am nevoie de \u00a03 zile legate , gen 24 EUR\/ zi Logan . De banii de mai sus inseamn\u0103 circa 268 de zile de utilizare . LOGAN. \u00a0Sau 157 de zile de Octavia , ce a\u0219 cauta eu, probabil. Ca spa\u021biu \u0219i clas\u0103 de calitate , nu neap\u0103rat brand. Nu e r\u0103u. 4 ani au \u00a01460 de zile . E corect ca pentru pre\u021bul unei ma\u0219ini, vechi de 10 ani , \u00a0 + \u00eentre\u021binere sa primesc posibilitatea de a \u00eenchiria un Logan \u00a0,relativ nou, 18% din timp. Probabil c\u0103 intervalul meu de utilizare a fost de 30-35% din timp , sau mai pu\u021bin. \u00a0Asta incluz\u00e2nd faptul c\u0103 merg la supermarket, sau diminea\u021ba sa o duc pe fie-mea la \u0219coal\u0103. \u00cen ambele locuri pot merge pe jos.<\/p>\n<p>Hai \u00a0s\u0103 fiu cinstit \u0219i s\u0103 spun ca am apreciat faptul \u0103a oamenii livreaza ma\u0219ina la adresa la care te afli tu , \u00een Bucure\u0219ti , c\u0103 vin cu POS-ul mobil dup\u0103 ei \u0219i po\u021bi pl\u0103ti cu cardul. E un pic cam mi\u0219to, trebuie s\u0103 recunosc.<\/p>\n<p>Problema nu e asta . Problema e \u00a0c\u0103 doar din Bucure\u0219ti po\u021bi s\u0103 inchiriezi ma\u0219in\u0103 .<\/p>\n<p>\u0218i c\u0103 la Europcar , pe care-i stiu mai de oameni serio\u0219i ( din Germania ) e mai scump.<\/p>\n<p>\u0218i c\u0103 nu po\u021bi lua ma\u0219ina din Bucure\u0219ti \u0219i s\u0103 o la\u0219i prin \u00a0Ia\u0219i, s\u0103 zicem , sau cine \u0219tie c\u00e2t cost\u0103.<\/p>\n<p>\u0218i c\u0103 atunci c\u00e2nd vorbe\u0219ti cu omul s\u0103 vin\u0103 s\u0103 i\u021bi aduc\u0103 \/ ia ma\u0219ina \/de acas\u0103 ( pl\u0103tit 15 EUR pentru fiecare opera\u021biune) , ei mai \u00eent\u00e2rzie un 45 de minute la adus \u0219i o or\u0103 \u0219i jum\u0103tate la ridicat . Ce dac\u0103 ai treab\u0103 \u0219i dac\u0103 ai pl\u0103tit comision. Pula mea, ei cic\u0103 &#8221; n-au avut cu ce veni &#8220;, \u00een Bucure\u0219ti ,unde ai taxi \u0219i transport \u00een comun, iar ei sunt firma de \u00eenchirieri auto. \u00a0P\u0103i, muie!<\/p>\n<p>Iar c\u00e2nd \u00a0vin, \u00eemi zic , \u00eentr-un fel de la obraz, c\u0103 &#8221; n-a\u021bi avut timp s\u0103 duce\u021bi ma\u0219ina la sp\u0103l\u0103torie &#8221; ? Gen, s\u0103-mi sugi pula! Parc\u0103 a\u0219 fi \u00eemprumutat ma\u0219ina unui prieten \u0219i e de bun sim\u021b s\u0103 i-o fac \u00eenapoi curat\u0103 c\u0103 , pula mea , a fost un favor.<\/p>\n<p>Coaie, e\u0219ti prost? Dac\u0103 am timp \u0219i pofta s\u0103 merg pe la spalatorii, \u00eemi iau, \u00een pula mea, ma\u0219ina mea. M\u0103 a\u0219tept s\u0103 te descurci \u0219i faci tu asta , doar nu o s\u0103 ai \u00eencredere c\u0103 spal eu ma\u0219ina \u00eenainte de a o da urmatorului client.<\/p>\n<p>Gen, WOW!<\/p>\n<p>Altfel , cum spuneam , \u00eemi caut ma\u0219ina , c\u0103 la noi nu se poate . Si nu , nici cu Europcar nu se poate , nu pentru ca sunt mai scumpi, c\u0103 au aceleasi preturi ca in Germania , dar c\u0103 au program de gravide , nu livreaz\u0103 dec\u00e2t in doua loca\u021bii din Bucure\u0219ti \u00a0si plm.<\/p>\n<p>Or mai fi \u0219i al\u021bii , nu ii \u0219tiu eu pe to\u021bi , poate al\u021bii sunt mai okish , dar nu \u00eemi las\u0103 sentimentul c\u0103 pot tr\u0103i cu ma\u0219in\u0103 \u00eenchiriat\u0103.<\/p>\n<p>&nbsp;<\/p>\n","protected":false},"excerpt":{"rendered":"<p>Da, deci dup\u0103 cum spuneam: Tre&#8217; s\u0103 \u00eemi iau ma\u0219in\u0103. Va da\u021bi seama de aici c\u0103 zic &#8220;de bine&#8221;. Mmm, e problematic \u00een Rom\u00e2nia s\u0103&hellip;<\/p>\n","protected":false},"author":2,"featured_media":0,"comment_status":"open","ping_status":"open","sticky":false,"template":"","format":"standard","meta":{"jetpack_post_was_ever_published":false,"_jetpack_newsletter_access":"","_jetpack_dont_email_post_to_subs":false,"_jetpack_newsletter_tier_id":0,"_jetpack_memberships_contains_paywalled_content":false,"_jetpack_memberships_contains_paid_content":false,"footnotes":"","jetpack_publicize_message":"","jetpack_publicize_feature_enabled":true,"jetpack_social_post_already_shared":true,"jetpack_social_options":{"image_generator_settings":{"template":"highway","default_image_id":0,"font":"","enabled":false},"version":2}},"categories":[136,104,1],"tags":[],"class_list":["post-2200","post","type-post","status-publish","format-standard","hentry","category-civilisation","category-rabla","category-uncategorized"],"views":3517,"jetpack_publicize_connections":[],"jetpack_featured_media_url":"","jetpack_sharing_enabled":true,"jetpack_shortlink":"https:\/\/wp.me\/p4Eq23-zu","jetpack-related-posts":[],"_links":{"self":[{"href":"https:\/\/catalinx.ro\/wordpress\/index.php?rest_route=\/wp\/v2\/posts\/2200","targetHints":{"allow":["GET"]}}],"collection":[{"href":"https:\/\/catalinx.ro\/wordpress\/index.php?rest_route=\/wp\/v2\/posts"}],"about":[{"href":"https:\/\/catalinx.ro\/wordpress\/index.php?rest_route=\/wp\/v2\/types\/post"}],"author":[{"embeddable":true,"href":"https:\/\/catalinx.ro\/wordpress\/index.php?rest_route=\/wp\/v2\/users\/2"}],"replies":[{"embeddable":true,"href":"https:\/\/catalinx.ro\/wordpress\/index.php?rest_route=%2Fwp%2Fv2%2Fcomments&post=2200"}],"version-history":[{"count":7,"href":"https:\/\/catalinx.ro\/wordpress\/index.php?rest_route=\/wp\/v2\/posts\/2200\/revisions"}],"predecessor-version":[{"id":8695,"href":"https:\/\/catalinx.ro\/wordpress\/index.php?rest_route=\/wp\/v2\/posts\/2200\/revisions\/8695"}],"wp:attachment":[{"href":"https:\/\/catalinx.ro\/wordpress\/index.php?rest_route=%2Fwp%2Fv2%2Fmedia&parent=2200"}],"wp:term":[{"taxonomy":"category","embeddable":true,"href":"https:\/\/catalinx.ro\/wordpress\/index.php?rest_route=%2Fwp%2Fv2%2Fcategories&post=2200"},{"taxonomy":"post_tag","embeddable":true,"href":"https:\/\/catalinx.ro\/wordpress\/index.php?rest_route=%2Fwp%2Fv2%2Ftags&post=2200"}],"curies":[{"name":"wp","href":"https:\/\/api.w.org\/{rel}","templated":true}]}}