

{"id":22067,"date":"2022-06-25T20:38:28","date_gmt":"2022-06-25T19:38:28","guid":{"rendered":"https:\/\/catalinx.ro\/wordpress\/?p=22067"},"modified":"2022-06-27T08:18:58","modified_gmt":"2022-06-27T07:18:58","slug":"echilibru-bipolar-american","status":"publish","type":"post","link":"https:\/\/catalinx.ro\/wordpress\/?p=22067","title":{"rendered":"Echilibru bipolar american"},"content":{"rendered":"<div id=\"fb-root\"><\/div>\n\n<p>In urm\u0103 cu pu\u021bin timp, adic\u0103 alaltaieri, curtea suprem\u0103 din Statele Unite a  <a rel=\"noreferrer noopener\" href=\"https:\/\/apnews.com\/article\/supreme-court-guns-decision-58d01ef8bd48e816d5f8761ffa84e3e8\" target=\"_blank\">decis<\/a> c\u0103 restric\u021biile pe care statul New York ( dar afecteaz\u0103 \u0219i alte restric\u021bii) dore\u0219te a le impune cu privire la portul armelor de foc la liber in public sunt neconstitu\u021bionale, c\u0103 sfin\u021bii p\u0103rin\u021bi, \u0103sta , p\u0103rin\u021bii fondatori au vrut altfel, un fel de Wild Wild West. <\/p>\n\n\n\n<p>Decizia \u00eenseamn\u0103 un pas \u00eenapoi \u0219i un viraj \u00een direc\u021bia ailalt\u0103 fix c\u00e2nd visau unii c\u0103 gata, se civilizeaz\u0103 \u0219i \u0103\u0219tia au dispare libertatea \u0219i.<\/p>\n\n\n\n<p>Curios, desigur, venind dup\u0103 m\u0103celurile din \u0219coli de lunile trecute , dup\u0103 discursul politic al lui  Bideu \u0219i Olaba , care au reiterat c\u0103 trebuie s\u0103 fac\u0103 ceva, c\u0103 nu se mai poate. Au f\u0103cut! <\/p>\n\n\n\n<p>E de alt\u0103 parte, \u0219i mai recent, adic\u0103 ieri, curtea constitu\u021bional\u0103 a \u0103stora <a rel=\"noreferrer noopener\" href=\"https:\/\/www.politico.com\/amp\/news\/2022\/05\/02\/supreme-court-abortion-draft-opinion-00029473\" target=\"_blank\">a decis s\u0103 anuleze<\/a> un drept asimilat constitu\u021biei , cu privire la avort. O spun a\u0219a c\u0103 peste tot prin pres\u0103 o s\u0103 g\u0103si\u021bi c\u0103 decizia este s\u0103 le ia dreptul de avort femeilor. Nu e a\u0219a , decizia e s\u0103 lase arbitrajul acestei proceduri \u00een m\u00e2inile auoritatilo politice locale , adic\u0103 descentralizarea deciziei. Desigur c\u0103 efectul indirect este c\u0103 ni\u0219te state  de abia a\u0219teapt\u0103 s\u0103 le trag\u0103 pre\u0219ul. \u0218i, b\u0103, mi se pare normal. Pe de o parte mor copii impusca\u021bi in scoli, pe de alta trebuie s\u0103 faci al\u021bii s\u0103 \u00eei \u00eenlocuie\u0219ti. Nu ? <\/p>\n\n\n\n<p>Am o singur\u0103 nedumerire. De ce \u00eentre  membrii completului de judec\u0103tori la treaba cu avortul erau b\u0103rba\u021bi. Asta nu o \u00een\u021beleg. <\/p>\n","protected":false},"excerpt":{"rendered":"<p>In urm\u0103 cu pu\u021bin timp, adic\u0103 alaltaieri, curtea suprem\u0103 din Statele Unite a decis c\u0103 restric\u021biile pe care statul New York ( dar afecteaz\u0103 \u0219i&hellip;<\/p>\n","protected":false},"author":2,"featured_media":21637,"comment_status":"open","ping_status":"open","sticky":false,"template":"","format":"standard","meta":{"jetpack_post_was_ever_published":false,"_jetpack_newsletter_access":"","_jetpack_dont_email_post_to_subs":false,"_jetpack_newsletter_tier_id":0,"_jetpack_memberships_contains_paywalled_content":false,"_jetpack_memberships_contains_paid_content":false,"footnotes":"","jetpack_publicize_message":"","jetpack_publicize_feature_enabled":true,"jetpack_social_post_already_shared":true,"jetpack_social_options":{"image_generator_settings":{"template":"highway","default_image_id":0,"font":"","enabled":false},"version":2}},"categories":[3],"tags":[],"class_list":["post-22067","post","type-post","status-publish","format-standard","has-post-thumbnail","hentry","category-general-trash"],"views":1300,"jetpack_publicize_connections":[],"jetpack_featured_media_url":"https:\/\/catalinx.ro\/wordpress\/wp-content\/uploads\/2022\/03\/Justitia-sketch.jpg","jetpack_sharing_enabled":true,"jetpack_shortlink":"https:\/\/wp.me\/p4Eq23-5JV","jetpack-related-posts":[],"_links":{"self":[{"href":"https:\/\/catalinx.ro\/wordpress\/index.php?rest_route=\/wp\/v2\/posts\/22067","targetHints":{"allow":["GET"]}}],"collection":[{"href":"https:\/\/catalinx.ro\/wordpress\/index.php?rest_route=\/wp\/v2\/posts"}],"about":[{"href":"https:\/\/catalinx.ro\/wordpress\/index.php?rest_route=\/wp\/v2\/types\/post"}],"author":[{"embeddable":true,"href":"https:\/\/catalinx.ro\/wordpress\/index.php?rest_route=\/wp\/v2\/users\/2"}],"replies":[{"embeddable":true,"href":"https:\/\/catalinx.ro\/wordpress\/index.php?rest_route=%2Fwp%2Fv2%2Fcomments&post=22067"}],"version-history":[{"count":1,"href":"https:\/\/catalinx.ro\/wordpress\/index.php?rest_route=\/wp\/v2\/posts\/22067\/revisions"}],"predecessor-version":[{"id":22068,"href":"https:\/\/catalinx.ro\/wordpress\/index.php?rest_route=\/wp\/v2\/posts\/22067\/revisions\/22068"}],"wp:featuredmedia":[{"embeddable":true,"href":"https:\/\/catalinx.ro\/wordpress\/index.php?rest_route=\/wp\/v2\/media\/21637"}],"wp:attachment":[{"href":"https:\/\/catalinx.ro\/wordpress\/index.php?rest_route=%2Fwp%2Fv2%2Fmedia&parent=22067"}],"wp:term":[{"taxonomy":"category","embeddable":true,"href":"https:\/\/catalinx.ro\/wordpress\/index.php?rest_route=%2Fwp%2Fv2%2Fcategories&post=22067"},{"taxonomy":"post_tag","embeddable":true,"href":"https:\/\/catalinx.ro\/wordpress\/index.php?rest_route=%2Fwp%2Fv2%2Ftags&post=22067"}],"curies":[{"name":"wp","href":"https:\/\/api.w.org\/{rel}","templated":true}]}}