

{"id":22679,"date":"2022-08-19T23:19:56","date_gmt":"2022-08-19T22:19:56","guid":{"rendered":"https:\/\/catalinx.ro\/wordpress\/?p=22679"},"modified":"2022-08-20T04:36:54","modified_gmt":"2022-08-20T03:36:54","slug":"vize-pentru-rusi","status":"publish","type":"post","link":"https:\/\/catalinx.ro\/wordpress\/?p=22679","title":{"rendered":"Vize pentru ru\u0219i"},"content":{"rendered":"<div id=\"fb-root\"><\/div>\n\n<p>Se discut\u0103, ca de obicei, foarte t\u00e2rziu despre oprirea acord\u0103rii de vize de turism \u00een <a rel=\"noreferrer noopener\" href=\"https:\/\/www.dw.com\/en\/could-russian-nationals-be-shut-out-of-eu-and-schengen\/a-62794918\" target=\"_blank\">spa\u021biul Schengen<\/a> pentru ru\u0219i.  Tr\u0103d\u0103torul de serviciu este, desigur, Germania &#8211; muie la toat\u0103 familia lor. <\/p>\n\n\n\n<p>Se bate apa \u00een piu\u0103 pe aspectele legate de nepedepsirea cet\u0103\u021benilor pentru nelegiuirile guvernan\u021bilor, c\u0103 e dictatur\u0103, c\u0103 nu au nicio vin\u0103. <\/p>\n\n\n\n<p>Da. \u00cemi aduc aminte c\u00e2nd pe vremea lui Ceau\u0219escu m\u0103 ducea tata la mare \u00een <a rel=\"noreferrer noopener\" href=\"https:\/\/catalinx.ro\/wordpress\/?p=2808\" target=\"_blank\">St Peter Ording<\/a> \u0219i nu \u00eemi pl\u0103cea c\u0103 era departe \u0219i era apa rece, nu ca la Olt \u0219i \u00een general nici nu vorbeam german\u0103. \u0218i de\u0219i dac\u0103 \u00eel \u00eentrebi pe tata, tr\u0103ia bine \u0219i avea bani, dac\u0103 s-ar fi pus \u00een mod real problema unei excursii \u00een vestul Europei ar fi constatat rapid c\u0103 e s\u0103rac rupt \u00een cur \u0219i am fi v\u0103zut restaurante \u0219i hoteluri mai mult pe dinafar\u0103.   Dar s\u0103 nu iau totul personal, c\u0103 erau unii care aveau bani serio\u0219i, chit c\u0103 eram to\u021bi egali \u0219i, uite, nu a fost OK c\u0103 aia nu prea puteau merge in excursii prin Europa cealalt\u0103, dec\u00e2t cu aprobare din\u0103untru. <\/p>\n\n\n\n<p>Cine erau \u0103ia \u0219i cum \u00ee\u0219i permiteau ei nu mai conteaz\u0103, zic s\u0103 ne g\u00e2ndim la chintesen\u021ba suferin\u021bei omului de r\u00e2nd dintr-o \u021bar\u0103 s\u0103r\u0103cit\u0103, care are totu\u0219i bani s\u0103 concureze cu turistul din vest, nu? <\/p>\n\n\n\n<p>C\u0103 aia e. S\u0103racii turi\u0219ti ru\u0219i! <\/p>\n\n\n\n<p>Cumva, \u00eentr-o logic\u0103 contorsionat\u0103 (c\u0103  dac\u0103 zic convolut\u0103 parca \u0219i aud degete linse \u0219i foind prin dic\u021bionar) unii <strong>agen\u021bi<\/strong> de pres\u0103 g\u0103sesc c\u0103 ru\u0219ii au nevoie de vize de turism &#8220;s\u0103 scape&#8221; de regimul lor, confund\u0103 cumva turi\u0219tii, \u0103ia care vin s\u0103 r\u00e2d\u0103 de pro\u0219tii care le pl\u0103tesc vacan\u021ba pl\u0103tind \u0219paga la gaz, cu refugia\u021bii.  E ok, pot \u00een\u021belege de ce, c\u0103 rusa \u0219i ucraineana sun\u0103 apropiat. <\/p>\n\n\n\n<p>Bulgaria nu a dat anul \u0103sta vize turistice pentru ru\u0219i. Consecin\u021ba direct\u0103 a lovit \u00een serviciile rom\u00e2ne\u0219ti de turism. <\/p>\n\n\n\n<p>Cum? <\/p>\n\n\n\n<p>Trebuie c\u0103 v-a\u021bi \u00eentrebat a\u0219a \u00een mintea voastr\u0103, b\u0103, totu\u0219i oare de ce e gol anul \u0103sta la mare in Romania, de ce au r\u0103mas hotelierii \u0219i parcagiii \u0219i \u0219ezlongarii cu buzele vinete de umflate \u0219i le-au r\u00e2s romulanii in nas, str\u00e2mbandu-se c\u0103 &#8220;e scump, b\u0103i, la ce servicii oferi\u021bi!&#8221;?<\/p>\n\n\n\n<p>C\u0103 scump era \u0219i anii trecu\u021bi, \u0219i mai scump, parol, c\u0103 am verificat eu, rom\u00e2nii tot se v\u0103itau, dar cam pl\u0103teau. <\/p>\n\n\n\n<p>\u0218i atunci era &#8220;mai ieftin&#8221; la bulgari, greci \u0219i turci, dar cu ni\u0219te stelu\u021be \u0219i nu a\u0219a facil,iar c\u00e2nd te duceai la mai ieftin ie\u0219eai <a rel=\"noreferrer noopener\" href=\"https:\/\/catalinx.ro\/wordpress\/?p=5952\" target=\"_blank\">cumva pe plus<\/a>, dar nu foarte plus. <\/p>\n\n\n\n<p>Pentru un plus m\u0103surabil mai u\u0219or trebuia mai bagi plus \u0219i \u00een buget \u0219i <a rel=\"noreferrer noopener\" href=\"https:\/\/catalinx.ro\/wordpress\/?p=12646\" target=\"_blank\">undeva aproape de nivelul de pre\u021b superior<\/a>  al hotelurilor din Rom\u00e2nia g\u0103seai \/ g\u0103se\u0219ti (?) locan\u021be chiar de apreciat \u0219i \u00een Bulgaria. Nimic exotic, dar unde s\u0103 \u00ee\u021bi po\u021bi petrece vacan\u021ba \u00een tihn\u0103. Oarecum . <\/p>\n\n\n\n<p>Am notat c\u0103 pre\u021burile au tot crescut, p\u00e2n\u0103 la pandemie, atunci s-a rupt ceva, la \u0103ia c\u0103 rom\u00e2nii tot pe jaf.  Dar mereu am observat \u00een Bulgaria ( \u0219i Grecia \u00eentr-o oarecare m\u0103sur\u0103), \u0219i \u00een Turcia , singura dat\u0103 c\u00e2nd am fost la mare la \u0103ia, mul\u021bi turi\u0219ti ru\u0219i. <\/p>\n\n\n\n<p>In Bulgaria foarte multi \u0219i e de \u00een\u021beles de ce, limb\u0103 apropiat\u0103, obiceiuri oarecum similare, presupun c\u0103 se simt in zona de confort \u00een Bulgaria. Eu m-am tras \u00een ni\u0219te locuri unde \u0219i ru\u0219ii care veneau erau totu\u0219i la alt nivel , nu \u0103la din filmele amuzante sau cringe de pe YouTube. <\/p>\n\n\n\n<p>Dar constatarea principal\u0103 e c\u0103 erau, fie c\u0103 va plac sau nu aglomer\u0103rile de turi\u0219ti ru\u0219i. <\/p>\n\n\n\n<p>Parte din articolele despre litoralul rom\u00e2nesc scump ( care apropo, a ajustat un pic preturile repejor, c\u0103 s-au prins c\u0103 le fug clien\u021bii) au fost pl\u0103tite de agen\u021bii care trimiteau marf\u0103 la resorturile bulg\u0103re\u0219ti, unde se \u00eent\u00e2lnesc rom\u00e2nii care stau la r\u00e2nd s\u0103 fie <a rel=\"noreferrer noopener\" href=\"https:\/\/amfostacolo.ro\/hotel9.php?d=paradise-blue-hotel--albena&amp;id=21338\" target=\"_blank\">dezam\u0103gi\u021bi \u0219i \u00een Bulgaria<\/a>, dar m\u0103car la preturi mai mici .<\/p>\n\n\n\n<p>Anul \u0103sta nu au mai fost , datorit\u0103 deciziei bulgarilor de a nu mai acord\u0103 vize de turi\u0219ti pentru ru\u0219i. \u0218i, eu a\u0219 pune o \u00eentrebare simpl\u0103 a\u0219a: <\/p>\n\n\n\n<p>Vrei s\u0103 pl\u0103te\u0219ti mai mult \u0218I pe vacan\u021b\u0103, nu numai la gaz ? <\/p>\n\n\n\n<p>La gaz \u00een\u021beleg c\u0103 e o dependen\u021b\u0103 de ru\u0219i, dar la turism? Sunt chiar at\u00e2t de indispensabili, nu putem tr\u0103i f\u0103r\u0103 ei? C\u0103 eu am un pic alt\u0103 p\u0103rere. L\u0103sa\u021bi f\u0103r\u0103 turi\u0219ti ru\u0219i, bulgarii vor trebui s\u0103 ajusteze un pic \u00een sus calitatea serviciilor . S\u0103 re-ajusteze. L\u0103sa\u021bi f\u0103r\u0103 turi\u0219tii rom\u00e2ni care nu apreciaz\u0103 b\u0103taie de joc la preturi de lux, pot accepta b\u0103taie de joc, dar doar  la preturi mici, hotelierii rom\u00e2ni vor trebui s\u0103 ajusteze fie pre\u021burile fie calitatea. <\/p>\n\n\n\n<p>Ru\u0219ilor care atac\u0103 &#8220;valorile europene&#8221; invad\u00e2nd Ucraina li se spune orci. Dar aia care atac\u0103 valorile europene din turism li se spune refugia\u021bi. Greu de procesat treaba asta. <\/p>\n\n\n\n<p><\/p>\n\n\n\n<p><\/p>\n\n\n\n<p><\/p>\n\n\n\n<p><\/p>\n","protected":false},"excerpt":{"rendered":"<p>Se discut\u0103, ca de obicei, foarte t\u00e2rziu despre oprirea acord\u0103rii de vize de turism \u00een spa\u021biul Schengen pentru ru\u0219i. Tr\u0103d\u0103torul de serviciu este, desigur, Germania&hellip;<\/p>\n","protected":false},"author":2,"featured_media":22685,"comment_status":"open","ping_status":"open","sticky":false,"template":"","format":"standard","meta":{"jetpack_post_was_ever_published":false,"_jetpack_newsletter_access":"","_jetpack_dont_email_post_to_subs":false,"_jetpack_newsletter_tier_id":0,"_jetpack_memberships_contains_paywalled_content":false,"_jetpack_memberships_contains_paid_content":false,"footnotes":"","jetpack_publicize_message":"","jetpack_publicize_feature_enabled":true,"jetpack_social_post_already_shared":true,"jetpack_social_options":{"image_generator_settings":{"template":"highway","default_image_id":0,"font":"","enabled":false},"version":2}},"categories":[136,1207,6,170,4766,1],"tags":[5010,5008,5009],"class_list":["post-22679","post","type-post","status-publish","format-standard","has-post-thumbnail","hentry","category-civilisation","category-cucultura","category-de-criza","category-politice","category-razboi","category-uncategorized","tag-cum-se-vad-rusii-2022","tag-turism-2022","tag-vize-rusi-2022"],"views":889,"jetpack_publicize_connections":[],"jetpack_featured_media_url":"https:\/\/catalinx.ro\/wordpress\/wp-content\/uploads\/2022\/08\/P_20220809_161305-scaled.jpg","jetpack_sharing_enabled":true,"jetpack_shortlink":"https:\/\/wp.me\/p4Eq23-5TN","jetpack-related-posts":[],"_links":{"self":[{"href":"https:\/\/catalinx.ro\/wordpress\/index.php?rest_route=\/wp\/v2\/posts\/22679","targetHints":{"allow":["GET"]}}],"collection":[{"href":"https:\/\/catalinx.ro\/wordpress\/index.php?rest_route=\/wp\/v2\/posts"}],"about":[{"href":"https:\/\/catalinx.ro\/wordpress\/index.php?rest_route=\/wp\/v2\/types\/post"}],"author":[{"embeddable":true,"href":"https:\/\/catalinx.ro\/wordpress\/index.php?rest_route=\/wp\/v2\/users\/2"}],"replies":[{"embeddable":true,"href":"https:\/\/catalinx.ro\/wordpress\/index.php?rest_route=%2Fwp%2Fv2%2Fcomments&post=22679"}],"version-history":[{"count":3,"href":"https:\/\/catalinx.ro\/wordpress\/index.php?rest_route=\/wp\/v2\/posts\/22679\/revisions"}],"predecessor-version":[{"id":22732,"href":"https:\/\/catalinx.ro\/wordpress\/index.php?rest_route=\/wp\/v2\/posts\/22679\/revisions\/22732"}],"wp:featuredmedia":[{"embeddable":true,"href":"https:\/\/catalinx.ro\/wordpress\/index.php?rest_route=\/wp\/v2\/media\/22685"}],"wp:attachment":[{"href":"https:\/\/catalinx.ro\/wordpress\/index.php?rest_route=%2Fwp%2Fv2%2Fmedia&parent=22679"}],"wp:term":[{"taxonomy":"category","embeddable":true,"href":"https:\/\/catalinx.ro\/wordpress\/index.php?rest_route=%2Fwp%2Fv2%2Fcategories&post=22679"},{"taxonomy":"post_tag","embeddable":true,"href":"https:\/\/catalinx.ro\/wordpress\/index.php?rest_route=%2Fwp%2Fv2%2Ftags&post=22679"}],"curies":[{"name":"wp","href":"https:\/\/api.w.org\/{rel}","templated":true}]}}