

{"id":22965,"date":"2022-09-18T04:10:58","date_gmt":"2022-09-18T03:10:58","guid":{"rendered":"https:\/\/catalinx.ro\/wordpress\/?p=22965"},"modified":"2022-09-17T08:59:35","modified_gmt":"2022-09-17T07:59:35","slug":"prima-problema-de-design-la-lenovo-p14s-gen1","status":"publish","type":"post","link":"https:\/\/catalinx.ro\/wordpress\/?p=22965","title":{"rendered":"Prima problem\u0103 de design la Lenovo P14s Gen1"},"content":{"rendered":"<div id=\"fb-root\"><\/div>\n\n<p>A trecut mai bine de un an de c\u00e2nd \u00eel am \u0219i nu am observat asta deci b\u0103nuiesc c\u0103 nu e foarte important dar m-a deranjat destul c\u00e2t s\u0103 o men\u021bionez. <\/p>\n\n\n\n<p>\u0218i eu interesant, c\u0103 nu mai am nimic de raportat negativ. <\/p>\n\n\n\n<p>La subiect, pe partea st\u00e2ng\u0103 sunt un port HDMI \u0219i un port USB A unul l\u00e2ng\u0103 altul. Distan\u021ba dintre ele mi s-a p\u0103rut&nbsp; p\u00e2n\u0103 acum OK. <\/p>\n\n\n\n<figure class=\"wp-block-image size-large\"><img loading=\"lazy\" decoding=\"async\" width=\"800\" height=\"600\" data-attachment-id=\"22963\" data-permalink=\"https:\/\/catalinx.ro\/wordpress\/?attachment_id=22963#main\" data-orig-file=\"https:\/\/catalinx.ro\/wordpress\/wp-content\/uploads\/2022\/08\/prima-buba-lenovo-thinkpas-p14s4918320709381264825.jpg\" data-orig-size=\"800,600\" data-comments-opened=\"1\" data-image-meta=\"{&quot;aperture&quot;:&quot;0&quot;,&quot;credit&quot;:&quot;&quot;,&quot;camera&quot;:&quot;&quot;,&quot;caption&quot;:&quot;&quot;,&quot;created_timestamp&quot;:&quot;0&quot;,&quot;copyright&quot;:&quot;&quot;,&quot;focal_length&quot;:&quot;0&quot;,&quot;iso&quot;:&quot;0&quot;,&quot;shutter_speed&quot;:&quot;0&quot;,&quot;title&quot;:&quot;&quot;,&quot;orientation&quot;:&quot;0&quot;}\" data-image-title=\"prima-buba-lenovo-thinkpas-p14s4918320709381264825\" data-image-description=\"\" data-image-caption=\"\" data-medium-file=\"https:\/\/catalinx.ro\/wordpress\/wp-content\/uploads\/2022\/08\/prima-buba-lenovo-thinkpas-p14s4918320709381264825-480x360.jpg\" data-large-file=\"https:\/\/catalinx.ro\/wordpress\/wp-content\/uploads\/2022\/08\/prima-buba-lenovo-thinkpas-p14s4918320709381264825.jpg\" src=\"https:\/\/catalinx.ro\/wordpress\/wp-content\/uploads\/2022\/08\/prima-buba-lenovo-thinkpas-p14s4918320709381264825.jpg\" alt=\"\" class=\"wp-image-22963\" srcset=\"https:\/\/catalinx.ro\/wordpress\/wp-content\/uploads\/2022\/08\/prima-buba-lenovo-thinkpas-p14s4918320709381264825.jpg 800w, https:\/\/catalinx.ro\/wordpress\/wp-content\/uploads\/2022\/08\/prima-buba-lenovo-thinkpas-p14s4918320709381264825-480x360.jpg 480w, https:\/\/catalinx.ro\/wordpress\/wp-content\/uploads\/2022\/08\/prima-buba-lenovo-thinkpas-p14s4918320709381264825-200x150.jpg 200w, https:\/\/catalinx.ro\/wordpress\/wp-content\/uploads\/2022\/08\/prima-buba-lenovo-thinkpas-p14s4918320709381264825-768x576.jpg 768w\" sizes=\"auto, (max-width: 800px) 100vw, 800px\" \/><\/figure>\n\n\n\n<p>Pentru c\u0103 nu am mai \u00eencercat, cred , s\u0103 inserez un stick USB \u00een acela\u0219i timp in care se afla cablul HDMI conectat. <\/p>\n\n\n\n<p>Acum am observat c\u0103 nu intr\u0103.&nbsp; <\/p>\n\n\n\n<p>Da, \u0219tiu c\u0103 exist\u0103 stick-uri USB care \u00eencap, cine m\u0103 pune s\u0103 \u00eemi cump\u0103r din astea butuc\u0103noase. In principiu nimeni, dar nu mereu \u00ee\u021bi alegi tu sticul, in sensul c\u0103 nu mereu e al t\u0103u. <\/p>\n\n\n\n<p>Exista un port USB \u0219i pe partea cealalt\u0103, acela e ocupat cu dongle-ul de mouse \u0219i nu pot s\u0103 \u00eel trec pe partea din st\u00e2nga c\u0103 interfereaz\u0103 , din moment ce \u021bin mouse-ul pe m\u00e2na dreapt\u0103.&nbsp; <\/p>\n\n\n\n<p>Desigur, nu mor daca scot un minut HDMI-ul sau mouse-ul. Problema e alta, c\u0103 ( cred eu) puteau fi dispuse un pic mai generos. Dar nu au fost. Nu am mai \u00eent\u00e2lnit problema asta la laptopurile mai vechi, dar v\u0103d acum c\u0103 un ThinkPad T490 are aceea\u0219i distan\u021b\u0103 \u0219i dispunere de porturi, la T460 sunt a\u0219ezate altfel. <\/p>\n\n\n\n<p>Pe de alt\u0103 parte, de-abia a trecut un an \u0219i v\u0103d prima problem\u0103  tehnic\u0103 pentru care <strong>ar trebui <\/strong> s\u0103-l trimit la garan\u021bie, FMM. S\u0103-l trimit, c\u0103 \u0103\u0219tia nu mai ofer\u0103 default serviciu de gara\u021bie on-site la laptop, iar eu n-am pl\u0103tit<strong>, <\/strong> \u00eenc\u0103 300 de lire pentru premier onsite support, pentru c\u0103, \u00een principiu, nu merit\u0103, dar trebuia, numai de-al dracului. <\/p>\n\n\n\n<figure class=\"wp-block-image size-full\"><img loading=\"lazy\" decoding=\"async\" width=\"809\" height=\"869\" data-attachment-id=\"23092\" data-permalink=\"https:\/\/catalinx.ro\/wordpress\/?attachment_id=23092#main\" data-orig-file=\"https:\/\/catalinx.ro\/wordpress\/wp-content\/uploads\/2022\/09\/image-14.png\" data-orig-size=\"809,869\" data-comments-opened=\"1\" data-image-meta=\"{&quot;aperture&quot;:&quot;0&quot;,&quot;credit&quot;:&quot;&quot;,&quot;camera&quot;:&quot;&quot;,&quot;caption&quot;:&quot;&quot;,&quot;created_timestamp&quot;:&quot;0&quot;,&quot;copyright&quot;:&quot;&quot;,&quot;focal_length&quot;:&quot;0&quot;,&quot;iso&quot;:&quot;0&quot;,&quot;shutter_speed&quot;:&quot;0&quot;,&quot;title&quot;:&quot;&quot;,&quot;orientation&quot;:&quot;0&quot;}\" data-image-title=\"image-14\" data-image-description=\"\" data-image-caption=\"\" data-medium-file=\"https:\/\/catalinx.ro\/wordpress\/wp-content\/uploads\/2022\/09\/image-14-447x480.png\" data-large-file=\"https:\/\/catalinx.ro\/wordpress\/wp-content\/uploads\/2022\/09\/image-14.png\" src=\"https:\/\/catalinx.ro\/wordpress\/wp-content\/uploads\/2022\/09\/image-14.png\" alt=\"\" class=\"wp-image-23092\" srcset=\"https:\/\/catalinx.ro\/wordpress\/wp-content\/uploads\/2022\/09\/image-14.png 809w, https:\/\/catalinx.ro\/wordpress\/wp-content\/uploads\/2022\/09\/image-14-447x480.png 447w, https:\/\/catalinx.ro\/wordpress\/wp-content\/uploads\/2022\/09\/image-14-186x200.png 186w, https:\/\/catalinx.ro\/wordpress\/wp-content\/uploads\/2022\/09\/image-14-768x825.png 768w\" sizes=\"auto, (max-width: 809px) 100vw, 809px\" \/><\/figure>\n\n\n\n<p>Se \u00eent\u00e2mpl\u0103 c\u0103 la pornire, sau c\u00e2nd \u00eel pun \u00een sarcin\u0103 mai zdrav\u0103n un pic, aproape zilnic \u00een perioada asta, \u00eencepe s\u0103 se aud\u0103 ventilatorul.  U\u0219urel a\u0219a, de var\u0103, dar \u0219tiu <a href=\"https:\/\/catalinx.ro\/wordpress\/?p=18021\">\u00eencotro duce treaba asta<\/a> \u0219i B\u0102, E CAM DEVREME?!!<\/p>\n\n\n\n<p>Dar ce s\u0103 faci, n-ai ce s\u0103 faci, au mai ap\u0103rut ni\u0219te genera\u021bii de laptopuri, \u0103\u0219tia vor s\u0103 v\u00e2nd la fiecare 2 ani, FMM&#8230;.<\/p>\n","protected":false},"excerpt":{"rendered":"<p>A trecut mai bine de un an de c\u00e2nd \u00eel am \u0219i nu am observat asta deci b\u0103nuiesc c\u0103 nu e foarte important dar m-a&hellip;<\/p>\n","protected":false},"author":2,"featured_media":22964,"comment_status":"open","ping_status":"open","sticky":false,"template":"","format":"standard","meta":{"jetpack_post_was_ever_published":false,"_jetpack_newsletter_access":"","_jetpack_dont_email_post_to_subs":false,"_jetpack_newsletter_tier_id":0,"_jetpack_memberships_contains_paywalled_content":false,"_jetpack_memberships_contains_paid_content":false,"footnotes":"","jetpack_publicize_message":"","jetpack_publicize_feature_enabled":true,"jetpack_social_post_already_shared":true,"jetpack_social_options":{"image_generator_settings":{"template":"highway","default_image_id":0,"font":"","enabled":false},"version":2}},"categories":[229],"tags":[5043,5044],"class_list":["post-22965","post","type-post","status-publish","format-standard","has-post-thumbnail","hentry","category-tech","tag-lenovo-p14s-gen1","tag-probleme-dispunere-porturi-laptop"],"views":889,"jetpack_publicize_connections":[],"jetpack_featured_media_url":"https:\/\/catalinx.ro\/wordpress\/wp-content\/uploads\/2022\/08\/prima-buba-lenovo-thinkpas-P14s.jpg","jetpack_sharing_enabled":true,"jetpack_shortlink":"https:\/\/wp.me\/p4Eq23-5Yp","jetpack-related-posts":[],"_links":{"self":[{"href":"https:\/\/catalinx.ro\/wordpress\/index.php?rest_route=\/wp\/v2\/posts\/22965","targetHints":{"allow":["GET"]}}],"collection":[{"href":"https:\/\/catalinx.ro\/wordpress\/index.php?rest_route=\/wp\/v2\/posts"}],"about":[{"href":"https:\/\/catalinx.ro\/wordpress\/index.php?rest_route=\/wp\/v2\/types\/post"}],"author":[{"embeddable":true,"href":"https:\/\/catalinx.ro\/wordpress\/index.php?rest_route=\/wp\/v2\/users\/2"}],"replies":[{"embeddable":true,"href":"https:\/\/catalinx.ro\/wordpress\/index.php?rest_route=%2Fwp%2Fv2%2Fcomments&post=22965"}],"version-history":[{"count":3,"href":"https:\/\/catalinx.ro\/wordpress\/index.php?rest_route=\/wp\/v2\/posts\/22965\/revisions"}],"predecessor-version":[{"id":23093,"href":"https:\/\/catalinx.ro\/wordpress\/index.php?rest_route=\/wp\/v2\/posts\/22965\/revisions\/23093"}],"wp:featuredmedia":[{"embeddable":true,"href":"https:\/\/catalinx.ro\/wordpress\/index.php?rest_route=\/wp\/v2\/media\/22964"}],"wp:attachment":[{"href":"https:\/\/catalinx.ro\/wordpress\/index.php?rest_route=%2Fwp%2Fv2%2Fmedia&parent=22965"}],"wp:term":[{"taxonomy":"category","embeddable":true,"href":"https:\/\/catalinx.ro\/wordpress\/index.php?rest_route=%2Fwp%2Fv2%2Fcategories&post=22965"},{"taxonomy":"post_tag","embeddable":true,"href":"https:\/\/catalinx.ro\/wordpress\/index.php?rest_route=%2Fwp%2Fv2%2Ftags&post=22965"}],"curies":[{"name":"wp","href":"https:\/\/api.w.org\/{rel}","templated":true}]}}