

{"id":22990,"date":"2022-09-06T03:38:00","date_gmt":"2022-09-06T02:38:00","guid":{"rendered":"https:\/\/catalinx.ro\/wordpress\/?p=22990"},"modified":"2022-09-05T16:24:43","modified_gmt":"2022-09-05T15:24:43","slug":"incep-sa-urasc-inceputul-scolii-mai-ceva-decat-copiii","status":"publish","type":"post","link":"https:\/\/catalinx.ro\/wordpress\/?p=22990","title":{"rendered":"\u00cencep s\u0103 ur\u0103sc \u00eenceputul \u0219colii mai ceva dec\u00e2t copiii"},"content":{"rendered":"<div id=\"fb-root\"><\/div>\n\n<p><\/p>\n\n\n\n<p>Era duminic\u0103 \u0219i aveam to\u021bi ni\u0219te fe\u021be lungi, dar dac\u0103 le adunam pe-ale lor, nu f\u0103ceau jumatate c\u00e2t a mea. Care mai de care mai \u201dtrebuie s\u0103 plec\u0103m ast\u0103zi?\u201d. Da, plm , trebuie . Nici nu plecasem \u0219i  zburau \u00eentreb\u0103rile \u201dc\u00e2nd ne  \u00eentoarcem ?\u201d, so\u021bia deja \u0219tia, c\u0103 ea vine \u00eenapoi \u00een 2 s\u0103pt\u0103m\u00e2ni. Auzi!  Nici nu se r\u0103ce\u0219te bine motorul avionului. <\/p>\n\n\n\n<p>Pe mine nu m-a \u00eentrebat nimeni, a\u0219a-mi trebuie, c\u0103 pe mine m-a m\u00e2ncat \u00een cur s\u0103 \u201dAnglea, Anglea\u201d. <\/p>\n\n\n\n<p>Mutti inchidea u\u0219ile \u0219i poarta pe dinafar\u0103, stric\u00e2nd cuibul nepoatelor care se uitau am\u0103r\u00e2te, care din ma\u0219in\u0103 care din dosul celeilalte por\u021bi. <\/p>\n\n\n\n<p><\/p>\n\n\n\n<p>\u00centrebasem deun\u0103zi  copilul cel mic dac\u0103 a citit ceva \u00een vacan\u021b\u0103. Nimic.  <\/p>\n\n\n\n<p>Am \u00eentrebat-o  c\u0103 atunci c\u00e2nd: \u201d\u00een ultima zi, normal\u201d.   N-am mai verificat c\u0103 \u0219tiam sigur c\u0103 tot nimic \u0219i nu voiam s\u0103-i \u00eencruntez \u0219i mai r\u0103u expresia fe\u021bei, c\u0103 e p\u0103cat s\u0103 faci riduri din copil\u0103rie, pe m\u0103sur\u0103 ce ne t\u00e2ram cururile din taxi la miezul nop\u021bii, \u00een casa <s>primi<\/s> &#8230;  am avut pe un me\u0219ter, care a f\u0103cut  \u0219i biroul, s\u0103 v\u0103ruiasc\u0103 \u0219i s-a lungit c\u0103 trebuie  gletuit, c\u0103 draci b\u0103l\u021ba\u021bi. S-a lungit c\u0103 a \u00eenceput t\u00e2rziu, aia. <\/p>\n\n\n\n<p>I-am zis s\u0103  schimbe \u0219i dou\u0103 calorifere, i-am pl\u0103tit cu ochii \u00eenchi\u0219i, a f\u0103cut pe pizda m\u0103-sii, mai mult r\u0103u dec\u00e2t bine, a\u0219a cum se poart\u0103. A adus, cred ni\u0219te handicapa\u021bi s\u0103 fac\u0103 alea iar  c\u00e2nd am ajuns, casa era un exemplu de jeg pentru \u00eenceperea \u0219colii: \u201dUita\u021bi copii, a\u0219a locuie\u0219te o familie de englezi; iar ace\u0219ti rom\u00e2ni s-au integrat repede. Ar trebui s\u0103 le d\u0103m cet\u0103\u021benia aia mai repede, ce pula mea. \u201d.<\/p>\n\n\n\n<p>So\u021bia aspira la miezul nop\u021bii, c\u0103 ce s\u0103 faci mai bun. Aspira la o casa mi\u0219o,  mai curat\u0103, eu aspiram la meseria\u0219i care s\u0103 fac\u0103&#8230; ne-a luat somnul p\u00e2n\u0103 la urm\u0103 aspir\u00e2nd \u0219i a\u0219a  am scos dou\u0103 c\u0103r\u0103mizi din nas diminea\u021ba, nostalgic. Parc\u0103-parc\u0103 mi-am adus aminte de via\u021ba din Bucure\u0219ti care m-a f\u0103cut s\u0103 vreau s\u0103 plec de acolo. Unde atunci problemele erau cauzate de via\u021ba la bloc, ora\u0219 aglomerat \u0219i mereu \u00een construc\u021bie &#8230; acuma casa mea e a\u0219a. Aproape c\u0103-mi vine s\u0103 r\u00e2d. <\/p>\n\n\n\n<p>C\u00e2nd s-a cr\u0103c\u0103nat de ziua \u0219i am luat-o la pas prin curte \u0219i prin gr\u0103din\u0103, am b\u0103legat de seam\u0103 c\u0103 cineva \u0219i-a f\u0103cut mil\u0103 \u0219i mi-a \u00eenchis robinetul de la iriga\u021bia automat\u0103 . O fi fost me\u0219terul, o s\u0103 m\u0103 l\u0103muresc m\u00e2ine, dac\u0103 nu poate vecinul, dar s-a \u00eent\u00e2mplat oricum recent c\u0103 erau ro\u0219iile verzi mari, unele coapte, \u0219i au crescut ca dracu&#8217; c\u0103 nu le-a copilit nimeni c\u00e2t am fost pleca\u021bi, normal. E OK. <\/p>\n\n\n\n<p>Ce nu e OK c\u0103 s-au uscat 2 tui. Nu e c\u0103 am dat vreo 100 de lire pe ele \u0219i le-am irigat, e c\u0103 trebuie s\u0103 cump\u0103r unele \u0219i mai \u00eenalte.  Ce e OK e c\u0103 vi\u021ba a mers \u0219i a f\u0103cut un strugure aproape copt. <\/p>\n\n\n\n<p><\/p>\n\n\n\n<p>Ce nu e OK e c\u0103 am g\u0103sit numai plicuri de dat bani. C\u0103 am ratat s\u0103 pl\u0103tesc ni\u0219te taxe din \u201dself assesment &#8211; o pul\u0103, eu nu am f\u0103cut niciun assessment\u201d. C\u0103. Muie, m\u0103. N-auzi\u021bi c\u0103 au intrat la ap\u0103 banii anul \u0103sta? <\/p>\n\n\n\n<p>Obi\u0219nuia s\u0103-mi plac\u0103 septembrie \u00een perioada de dup\u0103 ce am terminat liceul \u0219i p\u00e2n\u0103 acum vreo 2-3 ani&#8230;<\/p>\n\n\n\n<p>Nu c\u0103 depresie, dar or mai fi deschise ber\u0103riile \u0103lea prin ora\u0219, c\u0103 vreau s\u0103 intru tare \u00een toamn\u0103. <\/p>\n\n\n\n<p><em>&#8211; Cri-cri-cri,<br \/>Toamn\u0103 gri,<br \/>Nu credeam c-o s\u0103 mai vii<br \/>\u00cenainte de Cr\u0103ciun,<\/em><\/p>\n","protected":false},"excerpt":{"rendered":"<p>Era duminic\u0103 \u0219i aveam to\u021bi ni\u0219te fe\u021be lungi, dar dac\u0103 le adunam pe-ale lor, nu f\u0103ceau jumatate c\u00e2t a mea. Care mai de care mai&hellip;<\/p>\n","protected":false},"author":2,"featured_media":22991,"comment_status":"open","ping_status":"open","sticky":false,"template":"","format":"standard","meta":{"jetpack_post_was_ever_published":false,"_jetpack_newsletter_access":"","_jetpack_dont_email_post_to_subs":false,"_jetpack_newsletter_tier_id":0,"_jetpack_memberships_contains_paywalled_content":false,"_jetpack_memberships_contains_paid_content":false,"footnotes":"","jetpack_publicize_message":"","jetpack_publicize_feature_enabled":true,"jetpack_social_post_already_shared":true,"jetpack_social_options":{"image_generator_settings":{"template":"highway","default_image_id":0,"font":"","enabled":false},"version":2}},"categories":[571,262,500],"tags":[],"class_list":["post-22990","post","type-post","status-publish","format-standard","has-post-thumbnail","hentry","category-life-log","category-lifestyle","category-self"],"views":1219,"jetpack_publicize_connections":[],"jetpack_featured_media_url":"https:\/\/catalinx.ro\/wordpress\/wp-content\/uploads\/2022\/09\/toamna-ma-culc.png","jetpack_sharing_enabled":true,"jetpack_shortlink":"https:\/\/wp.me\/p4Eq23-5YO","jetpack-related-posts":[],"_links":{"self":[{"href":"https:\/\/catalinx.ro\/wordpress\/index.php?rest_route=\/wp\/v2\/posts\/22990","targetHints":{"allow":["GET"]}}],"collection":[{"href":"https:\/\/catalinx.ro\/wordpress\/index.php?rest_route=\/wp\/v2\/posts"}],"about":[{"href":"https:\/\/catalinx.ro\/wordpress\/index.php?rest_route=\/wp\/v2\/types\/post"}],"author":[{"embeddable":true,"href":"https:\/\/catalinx.ro\/wordpress\/index.php?rest_route=\/wp\/v2\/users\/2"}],"replies":[{"embeddable":true,"href":"https:\/\/catalinx.ro\/wordpress\/index.php?rest_route=%2Fwp%2Fv2%2Fcomments&post=22990"}],"version-history":[{"count":1,"href":"https:\/\/catalinx.ro\/wordpress\/index.php?rest_route=\/wp\/v2\/posts\/22990\/revisions"}],"predecessor-version":[{"id":22992,"href":"https:\/\/catalinx.ro\/wordpress\/index.php?rest_route=\/wp\/v2\/posts\/22990\/revisions\/22992"}],"wp:featuredmedia":[{"embeddable":true,"href":"https:\/\/catalinx.ro\/wordpress\/index.php?rest_route=\/wp\/v2\/media\/22991"}],"wp:attachment":[{"href":"https:\/\/catalinx.ro\/wordpress\/index.php?rest_route=%2Fwp%2Fv2%2Fmedia&parent=22990"}],"wp:term":[{"taxonomy":"category","embeddable":true,"href":"https:\/\/catalinx.ro\/wordpress\/index.php?rest_route=%2Fwp%2Fv2%2Fcategories&post=22990"},{"taxonomy":"post_tag","embeddable":true,"href":"https:\/\/catalinx.ro\/wordpress\/index.php?rest_route=%2Fwp%2Fv2%2Ftags&post=22990"}],"curies":[{"name":"wp","href":"https:\/\/api.w.org\/{rel}","templated":true}]}}