

{"id":23702,"date":"2022-12-20T05:05:10","date_gmt":"2022-12-20T05:05:10","guid":{"rendered":"https:\/\/catalinx.ro\/wordpress\/?p=23702"},"modified":"2022-12-28T07:28:57","modified_gmt":"2022-12-28T07:28:57","slug":"la-temelie","status":"publish","type":"post","link":"https:\/\/catalinx.ro\/wordpress\/?p=23702","title":{"rendered":"La temelie"},"content":{"rendered":"<div id=\"fb-root\"><\/div>\n\n<p>Am plecat mai devreme la turul t\u00e2rgurilor de Cr\u0103ciun , ca s\u0103 fac eu clasamentul \u0103la adev\u0103ratul, s\u0103 nu mai pune\u021bi botul la topurile pl\u0103tite. <\/p>\n\n\n\n<p>Am avut o mic\u0103 eroare la senzorul de temperatur\u0103 de la ma\u0219in\u0103 c\u00e2nd am plecat, c\u0103 nu era chiar a\u0219a frig la Folkstone. <\/p>\n\n\n\n<figure class=\"wp-block-image size-large\"><img loading=\"lazy\" decoding=\"async\" width=\"1440\" height=\"1920\" data-attachment-id=\"23699\" data-permalink=\"https:\/\/catalinx.ro\/wordpress\/?attachment_id=23699#main\" data-orig-file=\"https:\/\/catalinx.ro\/wordpress\/wp-content\/uploads\/2022\/12\/p_20221217_09350052326256425763209.jpg\" data-orig-size=\"1716,2288\" data-comments-opened=\"1\" data-image-meta=\"{&quot;aperture&quot;:&quot;0&quot;,&quot;credit&quot;:&quot;&quot;,&quot;camera&quot;:&quot;&quot;,&quot;caption&quot;:&quot;&quot;,&quot;created_timestamp&quot;:&quot;0&quot;,&quot;copyright&quot;:&quot;&quot;,&quot;focal_length&quot;:&quot;0&quot;,&quot;iso&quot;:&quot;0&quot;,&quot;shutter_speed&quot;:&quot;0&quot;,&quot;title&quot;:&quot;&quot;,&quot;orientation&quot;:&quot;0&quot;}\" data-image-title=\"p_20221217_09350052326256425763209\" data-image-description=\"\" data-image-caption=\"\" data-medium-file=\"https:\/\/catalinx.ro\/wordpress\/wp-content\/uploads\/2022\/12\/p_20221217_09350052326256425763209-360x480.jpg\" data-large-file=\"https:\/\/catalinx.ro\/wordpress\/wp-content\/uploads\/2022\/12\/p_20221217_09350052326256425763209-1440x1920.jpg\" src=\"https:\/\/catalinx.ro\/wordpress\/wp-content\/uploads\/2022\/12\/p_20221217_09350052326256425763209-1440x1920.jpg\" alt=\"\" class=\"wp-image-23699\" srcset=\"https:\/\/catalinx.ro\/wordpress\/wp-content\/uploads\/2022\/12\/p_20221217_09350052326256425763209-1440x1920.jpg 1440w, https:\/\/catalinx.ro\/wordpress\/wp-content\/uploads\/2022\/12\/p_20221217_09350052326256425763209-360x480.jpg 360w, https:\/\/catalinx.ro\/wordpress\/wp-content\/uploads\/2022\/12\/p_20221217_09350052326256425763209-150x200.jpg 150w, https:\/\/catalinx.ro\/wordpress\/wp-content\/uploads\/2022\/12\/p_20221217_09350052326256425763209-768x1024.jpg 768w, https:\/\/catalinx.ro\/wordpress\/wp-content\/uploads\/2022\/12\/p_20221217_09350052326256425763209-1152x1536.jpg 1152w, https:\/\/catalinx.ro\/wordpress\/wp-content\/uploads\/2022\/12\/p_20221217_09350052326256425763209-1536x2048.jpg 1536w, https:\/\/catalinx.ro\/wordpress\/wp-content\/uploads\/2022\/12\/p_20221217_09350052326256425763209.jpg 1716w\" sizes=\"auto, (max-width: 1440px) 100vw, 1440px\" \/><figcaption class=\"wp-element-caption\">Erau minus 1-2 grade<\/figcaption><\/figure>\n\n\n\n<p>Dup\u0103 ce am trecut prin tren cu eurotunelul, sau invers, la Calais era bini\u0219or, dar senzorul vie\u021bii tot ar\u0103ta -12, -10. Zic &#8221; e \u00eenc\u0103 stricat&#8221;. Ne-am dat jos din ma\u0219in\u0103 \u00een parcarea subteran\u0103 din centrul buricului Metzului \u0219i am mers afar\u0103 vreo 2 minute, asta c\u0103 nu am nimerit drumul direct din parcare in hotel. <\/p>\n\n\n\n<p>In \u0103lea dou\u0103 minute ne-am curentat . <\/p>\n\n\n\n<figure class=\"wp-block-image size-large\"><img loading=\"lazy\" decoding=\"async\" width=\"864\" height=\"1920\" data-attachment-id=\"23700\" data-permalink=\"https:\/\/catalinx.ro\/wordpress\/?attachment_id=23700#main\" data-orig-file=\"https:\/\/catalinx.ro\/wordpress\/wp-content\/uploads\/2022\/12\/vremea-in-metz9088389367751791471.jpg\" data-orig-size=\"864,1920\" data-comments-opened=\"1\" data-image-meta=\"{&quot;aperture&quot;:&quot;0&quot;,&quot;credit&quot;:&quot;&quot;,&quot;camera&quot;:&quot;&quot;,&quot;caption&quot;:&quot;&quot;,&quot;created_timestamp&quot;:&quot;0&quot;,&quot;copyright&quot;:&quot;&quot;,&quot;focal_length&quot;:&quot;0&quot;,&quot;iso&quot;:&quot;0&quot;,&quot;shutter_speed&quot;:&quot;0&quot;,&quot;title&quot;:&quot;&quot;,&quot;orientation&quot;:&quot;0&quot;}\" data-image-title=\"vremea-in-metz9088389367751791471\" data-image-description=\"\" data-image-caption=\"\" data-medium-file=\"https:\/\/catalinx.ro\/wordpress\/wp-content\/uploads\/2022\/12\/vremea-in-metz9088389367751791471-216x480.jpg\" data-large-file=\"https:\/\/catalinx.ro\/wordpress\/wp-content\/uploads\/2022\/12\/vremea-in-metz9088389367751791471.jpg\" src=\"https:\/\/catalinx.ro\/wordpress\/wp-content\/uploads\/2022\/12\/vremea-in-metz9088389367751791471.jpg\" alt=\"\" class=\"wp-image-23700\" srcset=\"https:\/\/catalinx.ro\/wordpress\/wp-content\/uploads\/2022\/12\/vremea-in-metz9088389367751791471.jpg 864w, https:\/\/catalinx.ro\/wordpress\/wp-content\/uploads\/2022\/12\/vremea-in-metz9088389367751791471-216x480.jpg 216w, https:\/\/catalinx.ro\/wordpress\/wp-content\/uploads\/2022\/12\/vremea-in-metz9088389367751791471-90x200.jpg 90w, https:\/\/catalinx.ro\/wordpress\/wp-content\/uploads\/2022\/12\/vremea-in-metz9088389367751791471-768x1707.jpg 768w, https:\/\/catalinx.ro\/wordpress\/wp-content\/uploads\/2022\/12\/vremea-in-metz9088389367751791471-691x1536.jpg 691w\" sizes=\"auto, (max-width: 864px) 100vw, 864px\" \/><\/figure>\n\n\n\n<p>Eu plecasem din UK , \u00eembr\u0103cat de iarn\u0103 ca o pi\u021bipoanc\u0103 la Bra\u0219ov pe p\u00e2rtie, doar tocuri nu aveam . <\/p>\n\n\n\n<p>Jachet\u0103 de toamn\u0103 aveam ( o parka de te face orice v\u00e2nticel c\u0103cat in ea), pantaloni degeaba , de tip blugi, aveam, bocanci din \u0103ia de imagine, din piele , dar ne\u00eembl\u0103ni\u021bi , numai buni s\u0103 degeri in ei, aveam, pe sub geac\u0103 un hanorac de bumbac gros, dar cam l\u0103l\u00e2i absolut degeaba.  F\u0103r\u0103 m\u0103nu\u0219i, cu basc\u0103 fancy \u0219i \u0219osete ok la structur\u0103 \u0219i grosime , dar p\u00e2n\u0103 la gleznu\u021be a\u0219a. <\/p>\n\n\n\n<p>Copilul cel mic era \u00eenfofolit cu de toate \u0219i \u00eenc\u0103l\u021bat in goretex, ca mama ei, copilul cel mare m\u0103 urmeaz\u0103 pe mine, fancy a ceea ce avem nevoie \u0219i tremur\u0103m c\u0103 fanioanele. <\/p>\n\n\n\n<p>O or\u0103 am stat \u0219i eram lemn. B\u0103 , lemn. F\u0103ceam planuri pentru Strasbourg, dar Strasbourgul ne a\u0219tepta cu -5 grade. Detalii mai incolo\u0219a. <\/p>\n","protected":false},"excerpt":{"rendered":"<p>Am plecat mai devreme la turul t\u00e2rgurilor de Cr\u0103ciun , ca s\u0103 fac eu clasamentul \u0103la adev\u0103ratul, s\u0103 nu mai pune\u021bi botul la topurile pl\u0103tite.&hellip;<\/p>\n","protected":false},"author":2,"featured_media":23701,"comment_status":"open","ping_status":"open","sticky":false,"template":"","format":"standard","meta":{"jetpack_post_was_ever_published":false,"_jetpack_newsletter_access":"","_jetpack_dont_email_post_to_subs":false,"_jetpack_newsletter_tier_id":0,"_jetpack_memberships_contains_paywalled_content":false,"_jetpack_memberships_contains_paid_content":false,"footnotes":"","jetpack_publicize_message":"","jetpack_publicize_feature_enabled":true,"jetpack_social_post_already_shared":true,"jetpack_social_options":{"image_generator_settings":{"template":"highway","default_image_id":0,"font":"","enabled":false},"version":2}},"categories":[571,2379,82,1973],"tags":[962,5190],"class_list":["post-23702","post","type-post","status-publish","format-standard","has-post-thumbnail","hentry","category-life-log","category-meteo","category-prin-lume","category-road-trip","tag-frig","tag-iarna-2022"],"views":1074,"jetpack_publicize_connections":[],"jetpack_featured_media_url":"https:\/\/catalinx.ro\/wordpress\/wp-content\/uploads\/2022\/12\/P_20221217_191716-scaled.jpg","jetpack_sharing_enabled":true,"jetpack_shortlink":"https:\/\/wp.me\/p4Eq23-6ai","jetpack-related-posts":[],"_links":{"self":[{"href":"https:\/\/catalinx.ro\/wordpress\/index.php?rest_route=\/wp\/v2\/posts\/23702","targetHints":{"allow":["GET"]}}],"collection":[{"href":"https:\/\/catalinx.ro\/wordpress\/index.php?rest_route=\/wp\/v2\/posts"}],"about":[{"href":"https:\/\/catalinx.ro\/wordpress\/index.php?rest_route=\/wp\/v2\/types\/post"}],"author":[{"embeddable":true,"href":"https:\/\/catalinx.ro\/wordpress\/index.php?rest_route=\/wp\/v2\/users\/2"}],"replies":[{"embeddable":true,"href":"https:\/\/catalinx.ro\/wordpress\/index.php?rest_route=%2Fwp%2Fv2%2Fcomments&post=23702"}],"version-history":[{"count":1,"href":"https:\/\/catalinx.ro\/wordpress\/index.php?rest_route=\/wp\/v2\/posts\/23702\/revisions"}],"predecessor-version":[{"id":23738,"href":"https:\/\/catalinx.ro\/wordpress\/index.php?rest_route=\/wp\/v2\/posts\/23702\/revisions\/23738"}],"wp:featuredmedia":[{"embeddable":true,"href":"https:\/\/catalinx.ro\/wordpress\/index.php?rest_route=\/wp\/v2\/media\/23701"}],"wp:attachment":[{"href":"https:\/\/catalinx.ro\/wordpress\/index.php?rest_route=%2Fwp%2Fv2%2Fmedia&parent=23702"}],"wp:term":[{"taxonomy":"category","embeddable":true,"href":"https:\/\/catalinx.ro\/wordpress\/index.php?rest_route=%2Fwp%2Fv2%2Fcategories&post=23702"},{"taxonomy":"post_tag","embeddable":true,"href":"https:\/\/catalinx.ro\/wordpress\/index.php?rest_route=%2Fwp%2Fv2%2Ftags&post=23702"}],"curies":[{"name":"wp","href":"https:\/\/api.w.org\/{rel}","templated":true}]}}