

{"id":23875,"date":"2023-01-14T11:00:32","date_gmt":"2023-01-14T11:00:32","guid":{"rendered":"https:\/\/catalinx.ro\/wordpress\/?p=23875"},"modified":"2023-01-14T11:00:32","modified_gmt":"2023-01-14T11:00:32","slug":"ultrascurt-acest-ianuarie","status":"publish","type":"post","link":"https:\/\/catalinx.ro\/wordpress\/?p=23875","title":{"rendered":"Ultrascurt: Acest Ianuarie"},"content":{"rendered":"<div id=\"fb-root\"><\/div>\n\n<p>Prin ferestrele lor oamenii v\u0103d o iarn\u0103 de co\u0219mar, inunda\u021bii\u00a0 sau furtuni aspre de z\u0103pad\u0103, al\u021bii dimpotriv\u0103, v\u0103d \u00eenc\u0103lzire global\u0103, prea cald, prea c\u0103 la \u021bar\u0103. <\/p>\n\n\n\n<p>V\u0103d oameni r\u0103i , care omoar\u0103 al\u021bi oameni r\u0103i, v\u0103d r\u0103zboi \u0219i distrugere, v\u0103d copii care \u00ee\u0219i\u00a0 \u00eempu\u0219c\u0103 educatorii la v\u00e2rsta la care ar trebui s\u0103 \u00ee\u0219i descopere pu\u021ba in nisip. <\/p>\n\n\n\n<p>V\u0103d crize, \u0219omaj \u0219i colapsul economiei, v\u0103d sf\u00e2r\u0219itul. <\/p>\n\n\n\n<p>Eu vad flori \u0219i verdea\u021b\u0103. Tot ceea ce m\u0103 preocup\u0103 e ca in fa\u021ba ferestrei mele s\u0103 v\u0103d flori, iar dac\u0103 nu sunt, s\u0103 am grij\u0103 s\u0103 fie. <\/p>\n\n\n\n<figure class=\"wp-block-image size-large\"><img loading=\"lazy\" decoding=\"async\" width=\"1440\" height=\"1920\" data-attachment-id=\"23873\" data-permalink=\"https:\/\/catalinx.ro\/wordpress\/?attachment_id=23873#main\" data-orig-file=\"https:\/\/catalinx.ro\/wordpress\/wp-content\/uploads\/2023\/01\/flori-in-ianuarie-20233835028390671813291.jpg\" data-orig-size=\"1500,2000\" data-comments-opened=\"1\" data-image-meta=\"{&quot;aperture&quot;:&quot;0&quot;,&quot;credit&quot;:&quot;&quot;,&quot;camera&quot;:&quot;&quot;,&quot;caption&quot;:&quot;&quot;,&quot;created_timestamp&quot;:&quot;0&quot;,&quot;copyright&quot;:&quot;&quot;,&quot;focal_length&quot;:&quot;0&quot;,&quot;iso&quot;:&quot;0&quot;,&quot;shutter_speed&quot;:&quot;0&quot;,&quot;title&quot;:&quot;&quot;,&quot;orientation&quot;:&quot;0&quot;}\" data-image-title=\"flori-in-ianuarie-20233835028390671813291\" data-image-description=\"\" data-image-caption=\"\" data-large-file=\"https:\/\/catalinx.ro\/wordpress\/wp-content\/uploads\/2023\/01\/flori-in-ianuarie-20233835028390671813291-1440x1920.jpg\" src=\"https:\/\/catalinx.ro\/wordpress\/wp-content\/uploads\/2023\/01\/flori-in-ianuarie-20233835028390671813291-1440x1920.jpg\" alt=\"\" class=\"wp-image-23873\" srcset=\"https:\/\/catalinx.ro\/wordpress\/wp-content\/uploads\/2023\/01\/flori-in-ianuarie-20233835028390671813291-1440x1920.jpg 1440w, https:\/\/catalinx.ro\/wordpress\/wp-content\/uploads\/2023\/01\/flori-in-ianuarie-20233835028390671813291-360x480.jpg 360w, https:\/\/catalinx.ro\/wordpress\/wp-content\/uploads\/2023\/01\/flori-in-ianuarie-20233835028390671813291-150x200.jpg 150w, https:\/\/catalinx.ro\/wordpress\/wp-content\/uploads\/2023\/01\/flori-in-ianuarie-20233835028390671813291-768x1024.jpg 768w, https:\/\/catalinx.ro\/wordpress\/wp-content\/uploads\/2023\/01\/flori-in-ianuarie-20233835028390671813291-1152x1536.jpg 1152w, https:\/\/catalinx.ro\/wordpress\/wp-content\/uploads\/2023\/01\/flori-in-ianuarie-20233835028390671813291.jpg 1500w\" sizes=\"auto, (max-width: 1440px) 100vw, 1440px\" \/><\/figure>\n\n\n\n<p>La sute de metri ,kilometri \u0219i mii de kilometri de fereastra mea sunt ferestrele altora, iar ei vor ce vor ei s\u0103 vad\u0103 \u0219i se preocup\u0103 de asta \u0219i fie c\u0103 m\u0103 prive\u0219te sau nu, m\u0103 pot\u00a0 preocupa \u0219i are rost s\u0103 m\u0103 \u00eengrijorez ,\u00a0 doar de ce creste in fa\u021ba ferestrei mele. <\/p>\n","protected":false},"excerpt":{"rendered":"<p>Prin ferestrele lor oamenii v\u0103d o iarn\u0103 de co\u0219mar, inunda\u021bii\u00a0 sau furtuni aspre de z\u0103pad\u0103, al\u021bii dimpotriv\u0103, v\u0103d \u00eenc\u0103lzire global\u0103, prea cald, prea c\u0103 la&hellip;<\/p>\n","protected":false},"author":2,"featured_media":23874,"comment_status":"open","ping_status":"open","sticky":false,"template":"","format":"standard","meta":{"jetpack_post_was_ever_published":false,"_jetpack_newsletter_access":"","_jetpack_dont_email_post_to_subs":false,"_jetpack_newsletter_tier_id":0,"_jetpack_memberships_contains_paywalled_content":false,"_jetpack_memberships_contains_paid_content":false,"footnotes":"","jetpack_publicize_message":"","jetpack_publicize_feature_enabled":true,"jetpack_social_post_already_shared":true,"jetpack_social_options":{"image_generator_settings":{"template":"highway","default_image_id":0,"font":"","enabled":false},"version":2}},"categories":[614,2379],"tags":[5214],"class_list":["post-23875","post","type-post","status-publish","format-standard","has-post-thumbnail","hentry","category-bio","category-meteo","tag-ianuarie-2023"],"views":837,"jetpack_publicize_connections":[],"jetpack_featured_media_url":"https:\/\/catalinx.ro\/wordpress\/wp-content\/uploads\/2023\/01\/flori-in-ianuarie-2023.jpg","jetpack_sharing_enabled":true,"jetpack_shortlink":"https:\/\/wp.me\/p4Eq23-6d5","jetpack-related-posts":[],"_links":{"self":[{"href":"https:\/\/catalinx.ro\/wordpress\/index.php?rest_route=\/wp\/v2\/posts\/23875","targetHints":{"allow":["GET"]}}],"collection":[{"href":"https:\/\/catalinx.ro\/wordpress\/index.php?rest_route=\/wp\/v2\/posts"}],"about":[{"href":"https:\/\/catalinx.ro\/wordpress\/index.php?rest_route=\/wp\/v2\/types\/post"}],"author":[{"embeddable":true,"href":"https:\/\/catalinx.ro\/wordpress\/index.php?rest_route=\/wp\/v2\/users\/2"}],"replies":[{"embeddable":true,"href":"https:\/\/catalinx.ro\/wordpress\/index.php?rest_route=%2Fwp%2Fv2%2Fcomments&post=23875"}],"version-history":[{"count":0,"href":"https:\/\/catalinx.ro\/wordpress\/index.php?rest_route=\/wp\/v2\/posts\/23875\/revisions"}],"wp:featuredmedia":[{"embeddable":true,"href":"https:\/\/catalinx.ro\/wordpress\/index.php?rest_route=\/wp\/v2\/media\/23874"}],"wp:attachment":[{"href":"https:\/\/catalinx.ro\/wordpress\/index.php?rest_route=%2Fwp%2Fv2%2Fmedia&parent=23875"}],"wp:term":[{"taxonomy":"category","embeddable":true,"href":"https:\/\/catalinx.ro\/wordpress\/index.php?rest_route=%2Fwp%2Fv2%2Fcategories&post=23875"},{"taxonomy":"post_tag","embeddable":true,"href":"https:\/\/catalinx.ro\/wordpress\/index.php?rest_route=%2Fwp%2Fv2%2Ftags&post=23875"}],"curies":[{"name":"wp","href":"https:\/\/api.w.org\/{rel}","templated":true}]}}