

{"id":25294,"date":"2023-08-01T14:39:30","date_gmt":"2023-08-01T13:39:30","guid":{"rendered":"https:\/\/catalinx.ro\/wordpress\/?p=25294"},"modified":"2023-08-01T14:39:32","modified_gmt":"2023-08-01T13:39:32","slug":"ce-parere-aveti-despre-taxe-2023","status":"publish","type":"post","link":"https:\/\/catalinx.ro\/wordpress\/?p=25294","title":{"rendered":"Ce p\u0103rere ave\u021bi despre taxe #2023"},"content":{"rendered":"<div id=\"fb-root\"><\/div>\n\n<p>Nu \u0219tiu \u00een ce cheie s\u0103 scriu asta, c\u0103 nu sunt sigur cum vede lumea treaba asta cu taxele \u0219i propunerea de cre\u0219tere, <a href=\"https:\/\/media.hotnews.ro\/media_server1\/document-2023-07-31-26433940-0-draft-proiect-oug-masuri-fiscale-cresteri-taxe.pdf\">\u00eempins\u0103<\/a> \u00een fa\u021b\u0103 de PSD, dar c\u0103reia nu i se opune PNL, ei doar au rostogolit-o c\u00e2t s-a putut, pe jum\u0103tatea lor de mandat. A\u0219 aduce aminte c\u0103 au f\u0103cut \u0219i ei modific\u0103ri anul trecut.  <\/p>\n\n\n\n<p>Pe de o parte sunt \u201dmai afectat dec\u00e2t al\u021bii\u201d &#8211; de cre\u0219terile propuse, nu de altceva, deci nu pot fi obiectiv. <\/p>\n\n\n\n<p>Eu am zis \u0219i am tot zis c\u0103 cea mai mare problem\u0103 nu e cre\u0219terea taxelor la micro\u00eentreprinderi, liber profesioni\u0219ti, chit c\u0103 m\u0103 afecteaz\u0103 \u0219i chit c\u0103 o s\u0103 o tratez, Bulgaria  are taxe 10% pe profit + 5% pe dividende \u0219i dureaz\u0103 mai pu\u021bin de o lun\u0103 s\u0103 \u00eemi mut reziden\u021ba fiscal\u0103 ( \u0219i buletin \u0219i tot)  acolo &#8211; adic\u0103, aici c\u0103 sunt deja \u00een Bulgaria &#8211; mai \u0219ti\u021bi c\u00e2nd vorbeam de cump\u0103rat apartament?<\/p>\n\n\n\n<p>Plm , \u00een compara\u021bie cu<a href=\"https:\/\/economie.hotnews.ro\/stiri-finante-26433781-exclusiv-masuri-fiscale-pregatit-colitia-taxe-cresc-document.htm\"> 16% impozit corporate+10% pe dividende +CASS\/ CAS  pe dividende<\/a>  sun\u0103 mai bine. Mult mai. <\/p>\n\n\n\n<figure class=\"wp-block-image size-full\"><img loading=\"lazy\" decoding=\"async\" width=\"928\" height=\"687\" data-attachment-id=\"25296\" data-permalink=\"https:\/\/catalinx.ro\/wordpress\/?attachment_id=25296#main\" data-orig-file=\"https:\/\/catalinx.ro\/wordpress\/wp-content\/uploads\/2023\/08\/image.png\" data-orig-size=\"928,687\" data-comments-opened=\"1\" data-image-meta=\"{&quot;aperture&quot;:&quot;0&quot;,&quot;credit&quot;:&quot;&quot;,&quot;camera&quot;:&quot;&quot;,&quot;caption&quot;:&quot;&quot;,&quot;created_timestamp&quot;:&quot;0&quot;,&quot;copyright&quot;:&quot;&quot;,&quot;focal_length&quot;:&quot;0&quot;,&quot;iso&quot;:&quot;0&quot;,&quot;shutter_speed&quot;:&quot;0&quot;,&quot;title&quot;:&quot;&quot;,&quot;orientation&quot;:&quot;0&quot;}\" data-image-title=\"image\" data-image-description=\"\" data-image-caption=\"\" data-large-file=\"https:\/\/catalinx.ro\/wordpress\/wp-content\/uploads\/2023\/08\/image.png\" src=\"https:\/\/catalinx.ro\/wordpress\/wp-content\/uploads\/2023\/08\/image.png\" alt=\"\" class=\"wp-image-25296\" srcset=\"https:\/\/catalinx.ro\/wordpress\/wp-content\/uploads\/2023\/08\/image.png 928w, https:\/\/catalinx.ro\/wordpress\/wp-content\/uploads\/2023\/08\/image-480x355.png 480w, https:\/\/catalinx.ro\/wordpress\/wp-content\/uploads\/2023\/08\/image-200x148.png 200w, https:\/\/catalinx.ro\/wordpress\/wp-content\/uploads\/2023\/08\/image-768x569.png 768w\" sizes=\"auto, (max-width: 928px) 100vw, 928px\" \/><\/figure>\n\n\n\n<p>Dar, a\u0219a cum spuneam mai sus nu asta mi se pare cea mai mare problem\u0103, asta e doar problema mea.  Problema cea mai mare e c\u0103, celorlal\u021bi care pl\u0103tesc deja taxe mari, prea mari, dup\u0103 parerea mea, nu li se reduc taxele. Li se  propune scoaterea excep\u021biilor celorlal\u021bi. <\/p>\n\n\n\n<p>Eu cred c\u0103 e gre\u0219it, c\u0103 nu cred c\u0103 taxele pe care le pl\u0103team eu sunt mici, ci cele pe care le pl\u0103tesc ceilal\u021bi sunt mari \u0219i nu am \u00een\u021beles de ce nu fac ceva pe tem\u0103. <\/p>\n\n\n\n<p>\u00centrebarea la \u00eendem\u00e2n\u0103 e c\u0103 \u201dce s\u0103 faci\u201d, c\u0103 nu toat\u0103 lumea  poate s\u0103 se mute \u00een diferite locuri unde-s taxele mai mici, s\u0103-\u0219i reruteze afacerile, s\u0103. <\/p>\n\n\n\n<p>\u0218i nici nu cred c\u0103 ar trebui. <\/p>\n\n\n\n<p>\u0218i m\u0103 tot fute o idee de vreun an s\u0103 fac o platform\u0103 politic\u0103, ceva de genul  \u201dAlian\u021ba pentru Fiscalizare Responsabil\u0103 si Guvernare Participativ\u0103\u201d &#8211; sau un alt nume mai nimerit,  dar \u00een ideea de a pune \u00eentr-o optic\u0103 diferit\u0103 decizia principiilor \u0219i a nivelurilor de taxare \u0219i a modului de bugetare a cheltuielilor, care s\u0103 pun\u0103 \u00een centru contribuabilul &#8211; \u00eemi ceri bani? Pentru ce?<\/p>\n\n\n\n<p>\u0218tiu cum func\u021bioneaz\u0103 ma\u0219in\u0103riile politice \u0219i presiunile din cercurile de putere existente \u0219i nu m\u0103 intereseaz\u0103 c\u00e2tu\u0219i de pu\u021bin s\u0103 conduc eu, s\u0103 ocup orice func\u021bie public\u0103, nu \u00een sensul \u0103sta o spun, ci \u00een sensul facilit\u0103rii unui spa\u021biu \/ forum \u0219i deseignului \u0219i implement\u0103rii modelului  de management \u0219i func\u021bionare ale unei structuri poltice. <\/p>\n\n\n\n<p>\u0218tiu c\u0103 asta \u00eenseamn\u0103 ni\u0219te tinichele \u0219i nu-s prea motivat, dar devin pe zi ce trece. <\/p>\n\n\n\n<p>\u00cens\u0103 ceea ce nu \u0219tiu, sincer, este percep\u021bia general\u0103 asupra nivelului de taxare, pentru orice pozi\u021bie din care pl\u0103te\u0219te un cet\u0103\u021bean taxe \u0219i dac\u0103 poate, percep\u021bia e c\u0103 nivelul taxelor curente e justificat, sau e acceptabil &#8211; habar n-am. <\/p>\n\n\n\n<p>Ce \u0219tiu e c\u0103 eu nu voi vota \u00een 2024 o organiza\u021bie politic\u0103 care a m\u0103rit taxele &#8211; c\u0103-i vorba de PSD sau PNL, sau orice alta care nu vorbe\u0219te de mic\u0219orat \u0219i probabil, c\u0103 \u00een contextul curent, \u00een care partidele \u00een afar\u0103 de \u0103stea dou\u0103, viseaz\u0103 care na\u021bionalisme, care alte socialisme m\u0103 voi afla \u00een situa\u021bia de a decide c\u0103 nu-s op\u021biuni. <\/p>\n\n\n\n<p>OK, dar dac\u0103 am crea op\u021biuni?<\/p>\n\n\n\n<p>P\u00e2n\u0103 una alta, sunt curios dac\u0103 eu tr\u0103iesc \u00eentr-o lume paralel\u0103  \u0219i am f\u0103cut sondajul <strong><a href=\"https:\/\/forms.gle\/sW5JbhA5DKESyuKd6\">\u0103sta<\/a><\/strong>: <br \/><\/p>\n\n\n\n<p><\/p>\n","protected":false},"excerpt":{"rendered":"<p>Nu \u0219tiu \u00een ce cheie s\u0103 scriu asta, c\u0103 nu sunt sigur cum vede lumea treaba asta cu taxele \u0219i propunerea de cre\u0219tere, \u00eempins\u0103 \u00een&hellip;<\/p>\n","protected":false},"author":2,"featured_media":22343,"comment_status":"open","ping_status":"open","sticky":false,"template":"","format":"standard","meta":{"jetpack_post_was_ever_published":false,"_jetpack_newsletter_access":"","_jetpack_dont_email_post_to_subs":false,"_jetpack_newsletter_tier_id":0,"_jetpack_memberships_contains_paywalled_content":false,"_jetpack_memberships_contains_paid_content":false,"footnotes":"","jetpack_publicize_message":"","jetpack_publicize_feature_enabled":true,"jetpack_social_post_already_shared":true,"jetpack_social_options":{"image_generator_settings":{"template":"highway","default_image_id":0,"font":"","enabled":false},"version":2}},"categories":[3499,170,2639,1],"tags":[5478,5480,5479,5481],"class_list":["post-25294","post","type-post","status-publish","format-standard","has-post-thumbnail","hentry","category-economie","category-politice","category-taxe","category-uncategorized","tag-2023-psd-mareste-taxe","tag-impozit-microintreprinderi-2023","tag-platforma-politica-taxe-mici","tag-sontaj-cu-privire-la-cresterea-taxelor"],"views":903,"jetpack_publicize_connections":[],"jetpack_featured_media_url":"https:\/\/catalinx.ro\/wordpress\/wp-content\/uploads\/2022\/07\/bidicktax.png","jetpack_sharing_enabled":true,"jetpack_shortlink":"https:\/\/wp.me\/p4Eq23-6zY","jetpack-related-posts":[],"_links":{"self":[{"href":"https:\/\/catalinx.ro\/wordpress\/index.php?rest_route=\/wp\/v2\/posts\/25294","targetHints":{"allow":["GET"]}}],"collection":[{"href":"https:\/\/catalinx.ro\/wordpress\/index.php?rest_route=\/wp\/v2\/posts"}],"about":[{"href":"https:\/\/catalinx.ro\/wordpress\/index.php?rest_route=\/wp\/v2\/types\/post"}],"author":[{"embeddable":true,"href":"https:\/\/catalinx.ro\/wordpress\/index.php?rest_route=\/wp\/v2\/users\/2"}],"replies":[{"embeddable":true,"href":"https:\/\/catalinx.ro\/wordpress\/index.php?rest_route=%2Fwp%2Fv2%2Fcomments&post=25294"}],"version-history":[{"count":3,"href":"https:\/\/catalinx.ro\/wordpress\/index.php?rest_route=\/wp\/v2\/posts\/25294\/revisions"}],"predecessor-version":[{"id":25298,"href":"https:\/\/catalinx.ro\/wordpress\/index.php?rest_route=\/wp\/v2\/posts\/25294\/revisions\/25298"}],"wp:featuredmedia":[{"embeddable":true,"href":"https:\/\/catalinx.ro\/wordpress\/index.php?rest_route=\/wp\/v2\/media\/22343"}],"wp:attachment":[{"href":"https:\/\/catalinx.ro\/wordpress\/index.php?rest_route=%2Fwp%2Fv2%2Fmedia&parent=25294"}],"wp:term":[{"taxonomy":"category","embeddable":true,"href":"https:\/\/catalinx.ro\/wordpress\/index.php?rest_route=%2Fwp%2Fv2%2Fcategories&post=25294"},{"taxonomy":"post_tag","embeddable":true,"href":"https:\/\/catalinx.ro\/wordpress\/index.php?rest_route=%2Fwp%2Fv2%2Ftags&post=25294"}],"curies":[{"name":"wp","href":"https:\/\/api.w.org\/{rel}","templated":true}]}}