

{"id":25609,"date":"2023-09-19T08:24:58","date_gmt":"2023-09-19T07:24:58","guid":{"rendered":"https:\/\/catalinx.ro\/wordpress\/?p=25609"},"modified":"2023-09-18T23:08:36","modified_gmt":"2023-09-18T22:08:36","slug":"au-venit-austriecii-pentru-spaga-de-schengen-si-au-luat-pula","status":"publish","type":"post","link":"https:\/\/catalinx.ro\/wordpress\/?p=25609","title":{"rendered":"Au venit austriecii pentru \u0219paga de Schengen \u0219i au luat pula"},"content":{"rendered":"<div id=\"fb-root\"><\/div>\n\n<p>Am zis mai devreme c\u0103 &#8220;muie PSD&#8221; ( mai e voie ? ) \u0219i tot ce trebuie, \u0219i c\u0103 nu \u00eel apreciez neap\u0103rat pe Ciolacu&#8217; \u0219i r\u0103m\u00e2ne cum am zis, dar la faza asta a dat-o pe placul meu \u0219i a\u0219a pe fa\u021b\u0103. <\/p>\n\n\n\n<p>Au venit austriecii  (<em>milogii<\/em> ) de la OMV c\u0103 ei vor s\u0103 renegocieze condi\u021biile pentru exploatarea off shore de gaze, c\u0103 ei vor mai mult \u0219i . C\u0103. <\/p>\n\n\n\n<p>\u0218tii tu, fix acuma c\u00e2nd Rom\u00e2nia, la schimb se miloge\u0219te de ei s\u0103 aprobe intrarea \u00een Schengen. C\u0103 nu bate la ochi, nu. <\/p>\n\n\n\n<figure class=\"wp-block-image size-large\"><img loading=\"lazy\" decoding=\"async\" width=\"480\" height=\"240\" data-attachment-id=\"25792\" data-permalink=\"https:\/\/catalinx.ro\/wordpress\/?attachment_id=25792#main\" data-orig-file=\"https:\/\/catalinx.ro\/wordpress\/wp-content\/uploads\/2023\/09\/blackeye.jpg\" data-orig-size=\"830,415\" data-comments-opened=\"1\" data-image-meta=\"{&quot;aperture&quot;:&quot;0&quot;,&quot;credit&quot;:&quot;&quot;,&quot;camera&quot;:&quot;&quot;,&quot;caption&quot;:&quot;&quot;,&quot;created_timestamp&quot;:&quot;0&quot;,&quot;copyright&quot;:&quot;&quot;,&quot;focal_length&quot;:&quot;0&quot;,&quot;iso&quot;:&quot;0&quot;,&quot;shutter_speed&quot;:&quot;0&quot;,&quot;title&quot;:&quot;&quot;,&quot;orientation&quot;:&quot;0&quot;}\" data-image-title=\"blackeye.jpg\" data-image-description=\"\" data-image-caption=\"\" data-large-file=\"https:\/\/catalinx.ro\/wordpress\/wp-content\/uploads\/2023\/09\/blackeye.jpg\" src=\"https:\/\/catalinx.ro\/wordpress\/wp-content\/uploads\/2023\/09\/blackeye-480x240.jpg\" alt=\"\" class=\"wp-image-25792\" srcset=\"https:\/\/catalinx.ro\/wordpress\/wp-content\/uploads\/2023\/09\/blackeye-480x240.jpg 480w, https:\/\/catalinx.ro\/wordpress\/wp-content\/uploads\/2023\/09\/blackeye-200x100.jpg 200w, https:\/\/catalinx.ro\/wordpress\/wp-content\/uploads\/2023\/09\/blackeye-768x384.jpg 768w, https:\/\/catalinx.ro\/wordpress\/wp-content\/uploads\/2023\/09\/blackeye.jpg 830w\" sizes=\"auto, (max-width: 480px) 100vw, 480px\" \/><\/figure>\n\n\n\n<p>\u0218i le-a dat omul <a href=\"https:\/\/www.hotnews.ro\/\" target=\"_blank\" rel=\"noreferrer noopener\">la muie \u0219i s\u0103 fac\u0103 cale \u00eentoars\u0103<\/a>, le-a r\u0103sturnat masa, cum se face frumos \u0219i jet de aici cu vr\u0103jeala. <\/p>\n\n\n\n<p>Nu \u0219tiu dac\u0103 e \u00een asentimentul \u00eentregii popula\u021bii, poate unii sunt fani Austria, poate unii \u00ee\u0219i doresc mai mult Schengen dec\u00e2t le pas\u0103 de gazul off-shore, nu e ca \u0219i cum li-l rezerv\u0103 Ciolacu lor, dar, cum suntem , rom\u00e2ni , cred c\u0103 mul\u021bi ne bucur\u0103m \u021b\u0103r\u0103ne\u0219te sa le ar\u0103t\u0103m pula prin \u0219li\u021b unor jigodii, care sunt ei . <\/p>\n\n\n\n<figure class=\"wp-block-image size-large\"><img loading=\"lazy\" decoding=\"async\" width=\"301\" height=\"480\" data-attachment-id=\"25793\" data-permalink=\"https:\/\/catalinx.ro\/wordpress\/?attachment_id=25793#main\" data-orig-file=\"https:\/\/catalinx.ro\/wordpress\/wp-content\/uploads\/2023\/09\/Screenshot_20230918-122218886-1.jpg\" data-orig-size=\"1079,1720\" data-comments-opened=\"1\" data-image-meta=\"{&quot;aperture&quot;:&quot;0&quot;,&quot;credit&quot;:&quot;&quot;,&quot;camera&quot;:&quot;&quot;,&quot;caption&quot;:&quot;&quot;,&quot;created_timestamp&quot;:&quot;0&quot;,&quot;copyright&quot;:&quot;&quot;,&quot;focal_length&quot;:&quot;0&quot;,&quot;iso&quot;:&quot;0&quot;,&quot;shutter_speed&quot;:&quot;0&quot;,&quot;title&quot;:&quot;&quot;,&quot;orientation&quot;:&quot;0&quot;}\" data-image-title=\"Screenshot_20230918-122218886-1.jpg\" data-image-description=\"\" data-image-caption=\"\" data-large-file=\"https:\/\/catalinx.ro\/wordpress\/wp-content\/uploads\/2023\/09\/Screenshot_20230918-122218886-1.jpg\" src=\"https:\/\/catalinx.ro\/wordpress\/wp-content\/uploads\/2023\/09\/Screenshot_20230918-122218886-1-301x480.jpg\" alt=\"\" class=\"wp-image-25793\" srcset=\"https:\/\/catalinx.ro\/wordpress\/wp-content\/uploads\/2023\/09\/Screenshot_20230918-122218886-1-301x480.jpg 301w, https:\/\/catalinx.ro\/wordpress\/wp-content\/uploads\/2023\/09\/Screenshot_20230918-122218886-1-125x200.jpg 125w, https:\/\/catalinx.ro\/wordpress\/wp-content\/uploads\/2023\/09\/Screenshot_20230918-122218886-1-768x1224.jpg 768w, https:\/\/catalinx.ro\/wordpress\/wp-content\/uploads\/2023\/09\/Screenshot_20230918-122218886-1-964x1536.jpg 964w, https:\/\/catalinx.ro\/wordpress\/wp-content\/uploads\/2023\/09\/Screenshot_20230918-122218886-1.jpg 1079w\" sizes=\"auto, (max-width: 301px) 100vw, 301px\" \/><\/figure>\n\n\n\n<p>Personal, \u00eemi e clar c\u0103 nici anul \u0103sta nu merg la Viena. <\/p>\n\n\n\n<p>Se pare c\u0103 austriecii &#8220;didn&#8217;t read the room&#8221; c\u00e2nd i-au trimis pe OMV s\u0103 negocieze. Dac\u0103 fac \u0103\u0219tia ceva \u0219i cu \u0103ia cu lemnele deja e peste a\u0219tept\u0103ri. <\/p>\n","protected":false},"excerpt":{"rendered":"<p>Am zis mai devreme c\u0103 &#8220;muie PSD&#8221; ( mai e voie ? ) \u0219i tot ce trebuie, \u0219i c\u0103 nu \u00eel apreciez neap\u0103rat pe Ciolacu&#8217;&hellip;<\/p>\n","protected":false},"author":2,"featured_media":25794,"comment_status":"open","ping_status":"open","sticky":false,"template":"","format":"standard","meta":{"jetpack_post_was_ever_published":false,"_jetpack_newsletter_access":"","_jetpack_dont_email_post_to_subs":false,"_jetpack_newsletter_tier_id":0,"_jetpack_memberships_contains_paywalled_content":false,"_jetpack_memberships_contains_paid_content":false,"footnotes":"","jetpack_publicize_message":"","jetpack_publicize_feature_enabled":true,"jetpack_social_post_already_shared":true,"jetpack_social_options":{"image_generator_settings":{"template":"highway","default_image_id":0,"font":"","enabled":false},"version":2}},"categories":[170,1],"tags":[5596,5595,5597],"class_list":["post-25609","post","type-post","status-publish","format-standard","has-post-thumbnail","hentry","category-politice","category-uncategorized","tag-austria","tag-schengen","tag-spaga-la-omv"],"views":714,"jetpack_publicize_connections":[],"jetpack_featured_media_url":"https:\/\/catalinx.ro\/wordpress\/wp-content\/uploads\/2023\/09\/Screenshot_20230918-122218886-1-1.jpg","jetpack_sharing_enabled":true,"jetpack_shortlink":"https:\/\/wp.me\/p4Eq23-6F3","jetpack-related-posts":[],"_links":{"self":[{"href":"https:\/\/catalinx.ro\/wordpress\/index.php?rest_route=\/wp\/v2\/posts\/25609","targetHints":{"allow":["GET"]}}],"collection":[{"href":"https:\/\/catalinx.ro\/wordpress\/index.php?rest_route=\/wp\/v2\/posts"}],"about":[{"href":"https:\/\/catalinx.ro\/wordpress\/index.php?rest_route=\/wp\/v2\/types\/post"}],"author":[{"embeddable":true,"href":"https:\/\/catalinx.ro\/wordpress\/index.php?rest_route=\/wp\/v2\/users\/2"}],"replies":[{"embeddable":true,"href":"https:\/\/catalinx.ro\/wordpress\/index.php?rest_route=%2Fwp%2Fv2%2Fcomments&post=25609"}],"version-history":[{"count":3,"href":"https:\/\/catalinx.ro\/wordpress\/index.php?rest_route=\/wp\/v2\/posts\/25609\/revisions"}],"predecessor-version":[{"id":25796,"href":"https:\/\/catalinx.ro\/wordpress\/index.php?rest_route=\/wp\/v2\/posts\/25609\/revisions\/25796"}],"wp:featuredmedia":[{"embeddable":true,"href":"https:\/\/catalinx.ro\/wordpress\/index.php?rest_route=\/wp\/v2\/media\/25794"}],"wp:attachment":[{"href":"https:\/\/catalinx.ro\/wordpress\/index.php?rest_route=%2Fwp%2Fv2%2Fmedia&parent=25609"}],"wp:term":[{"taxonomy":"category","embeddable":true,"href":"https:\/\/catalinx.ro\/wordpress\/index.php?rest_route=%2Fwp%2Fv2%2Fcategories&post=25609"},{"taxonomy":"post_tag","embeddable":true,"href":"https:\/\/catalinx.ro\/wordpress\/index.php?rest_route=%2Fwp%2Fv2%2Ftags&post=25609"}],"curies":[{"name":"wp","href":"https:\/\/api.w.org\/{rel}","templated":true}]}}