

{"id":26544,"date":"2023-11-30T05:09:00","date_gmt":"2023-11-30T05:09:00","guid":{"rendered":"https:\/\/catalinx.ro\/wordpress\/?p=26544"},"modified":"2023-11-28T13:38:20","modified_gmt":"2023-11-28T13:38:20","slug":"filme-napoleon","status":"publish","type":"post","link":"https:\/\/catalinx.ro\/wordpress\/?p=26544","title":{"rendered":"Filme: Napoleon"},"content":{"rendered":"<div id=\"fb-root\"><\/div>\n\n<p><span style=\"text-decoration: underline;\">Dac\u0103 \u00eel vezi<\/span>, merit\u0103 un pic s\u0103-l vezi la cinema cu sonorizare bun\u0103.  Nu \u0219tiu dac\u0103 merit\u0103 s\u0103 \u00eel vezi&#8230; <\/p>\n\n\n\n<p>Sunt c\u00e2teva efecte de luminozitate \u0219i contract redus care nu se vor vedea bine acas\u0103  dec\u00e2t dac\u0103 o s\u0103-\u021bi pui ceva TV cu OLED QLED, ceva de genul, mare \u0219i sistem de sunet care s\u0103 dea \u00een tine  din toate p\u0103r\u021bile, surround , Dolby, din \u0103stea, cum s-ar zice la ora\u0219. <\/p>\n\n\n\n<p>Cred c\u0103 \u021bi se va p\u0103rea mai \u0219ters pe ecran mic, cu sunet modest.<\/p>\n\n\n\n<p>So\u021bia a plecat de acolo spun\u00e2ndu-mi c\u0103 i-a pl\u0103cut.  Pentru mine, n-a fost r\u0103u, artistic vorbind, dar nici n-am plecat exaltat. <\/p>\n\n\n\n<p>Ridley Scott face o treab\u0103 bun\u0103 eviden\u021biind <strong>o parte<\/strong> din personalitatea lui Napoleon, <strong>o parte<\/strong> din realiz\u0103rile lui \u0219i <strong>o parte<\/strong> din via\u021ba lui \u0219i contextul istorico-politic al vremii. Poate c\u0103 at\u00e2ta poate \u00eenc\u0103pea \u00een 2 ore \u0219i 40 minute, poate c\u0103 a\u0219a a vrut el. <\/p>\n\n\n\n<p>Cert este c\u0103 dac\u0103 cuno\u0219ti ceva mai mult dec\u00e2t foarte vag istoria  o s\u0103 observi indubitabil c\u0103 lipsesc at\u00e2t buc\u0103\u021bi din personalitatea lui, c\u00e2t \u0219i c\u00e2teva cheie din  momentele istorice, c\u00e2t \u0219i minimizate ni\u0219te realiz\u0103ri politice \u0219i administrative  majore pe care le-a ini\u021biat. <\/p>\n\n\n\n<p>Accentul se pune pe faptul c\u0103 avea frustr\u0103ri, suferea de mommy issues , c\u0103  avea o rela\u021bie tumultoas\u0103 cu prima lui so\u021bie, c\u0103 se purta cam  ca un autist ( e la mod\u0103 treaba asta acuma \u0219i prinde la public, \u0219tiu ) \u0219i c\u0103 era lipsit de manierism \u0219i \u00eencerca s\u0103  manevreze toat\u0103 Europa pe deget, dar ceilal\u021bi nu-l b\u0103gau \u00een zeam\u0103. <\/p>\n\n\n\n<p>\u0218i se prezint\u0103 posibil inexact \u0219i prea succint rela\u021bia cu  \u021barul Alexandru . <\/p>\n\n\n\n<p>Nu se prezint\u0103 nimic din reformele ini\u021biate \u00een Fran\u021ba.  Codul Napoleonic a ini\u021biat tranzi\u021bia \u00een mai toat\u0103 Europa de la feudalism la modernism \u00een administra\u021bie \u0219i legisla\u021bie <\/p>\n\n\n\n<p>De asemenea despre  exilul consensual pe insula Elba pe care a condus-o c\u00e2t a fost acolo nu se prezint\u0103 mare lucru,  de\u0219i pentru insula aia cele 300 de zile petrecute de el au reprezentat schimb\u0103ri masive echivalente unei revolu\u021bii &#8211; le-a f\u0103cut \u0103lora armat, drumuri, le-a dezvoltat minele de fier, le-a reformat sistemul de \u00eenv\u0103\u021b\u0103m\u00e2nt . Nu pare mult, un fel de primar, pe o insul\u0103 de 12,000 de oameni, dar a f\u0103cut toate \u0103stea \u00een 300 de zile, \u0103ia \u00eel s\u0103rb\u0103toresc \u0219i azi. <\/p>\n\n\n\n<p>Acuma, ce face foarte bine filmul \u0103sta sunt c\u00e2teva lucruri, \u00een afar\u0103 de sunet \u0219i nota general\u0103 pentru imagine, men\u021bionate mai sus. <\/p>\n\n\n\n<p>B\u0103t\u0103lia de la Austerlitz e foarte bine regizat\u0103 \u0219i r\u0103m\u00e2i, a\u0219a cum m\u0103 g\u00e2ndesc c\u0103 e \u0219i inten\u021bia, din tot filmul, cu impresia c\u0103 asta e b\u0103t\u0103lia cea mai important\u0103, nu aia de la Waterloo, care \u0219i aia e regizat\u0103 interesant, cam plictisitor, dar foarte bun sentimentul l\u0103sat \u00een urm\u0103 de lupt\u0103 de orgoliu , dus\u0103 \u00een condi\u021bii imposibile, pierdut\u0103 de dinainte s\u0103 \u00eenceap\u0103. <\/p>\n\n\n\n<p>Mar\u0219ul prin Rusia este de asemenea bine regizat \u0219i, cred eu, bine g\u00e2ndit. <\/p>\n\n\n\n<p>Problema e c\u0103-s fragmente \u0219i schi\u021be , puse cap la cap \u0219i o s\u0103-\u021bi displac\u0103, sau o s\u0103 resim\u021bi lipsuri cam pe c\u00e2t de mult \u0219tiai dinainte de film despre Napoleon, func\u021bie \u0219i de ce a\u0219tept\u0103ri aveai de la film. Dac\u0103 erai un american care nu \u0219tia nimic &#8211; presupun c\u0103-i OK. <\/p>\n\n\n\n<p>Joaquin Phoenix \u00ee\u0219i face treaba cinstit \u0219i muncit  de\u0219i presupun c\u0103 vede toat\u0103 lumea c\u0103 joac\u0103 un nene b\u0103tr\u00e2n personajul de la 20 de ani p\u00e2n\u0103 la moarte. Poate c\u0103 e ceva simbolic, poate vrea s\u0103 redea maturitatea precoce, poate n-am \u00een\u021beles ce vrea s\u0103 spun\u0103 autorul. Dar se vede \u0219i nu pot s\u0103-n\u021beleg ideea. <br \/>Iar Vanessa Kirby e a\u0219a \u0219i a\u0219a &#8211; gen se vede c\u0103 joac\u0103 un rol mai mic \u0219i nu cred c\u0103 o s\u0103 ia Oscarul cu \u0103sta, m\u0103car arat\u0103 potrivit pentru rol \u0219i cam asta e. <\/p>\n\n\n\n<p>Mi-a\u0219 fi dorit s\u0103-l v\u0103d jucat \u00een francez\u0103, dar n-are cine &#8211; adic\u0103 ar fi treaba francezilor s-o fac\u0103, iar ei sunt preocupa\u021bi momentan cu <a href=\"https:\/\/www.imdb.com\/title\/tt12672536\/\">D&#8217;Artagnan \u0219i muschetarii <\/a>  ( destul de mi\u0219to \u0103sta).<\/p>\n","protected":false},"excerpt":{"rendered":"<p>Dac\u0103 \u00eel vezi, merit\u0103 un pic s\u0103-l vezi la cinema cu sonorizare bun\u0103. Nu \u0219tiu dac\u0103 merit\u0103 s\u0103 \u00eel vezi&#8230; Sunt c\u00e2teva efecte de luminozitate&hellip;<\/p>\n","protected":false},"author":2,"featured_media":8728,"comment_status":"open","ping_status":"open","sticky":false,"template":"","format":"standard","meta":{"jetpack_post_was_ever_published":false,"_jetpack_newsletter_access":"","_jetpack_dont_email_post_to_subs":false,"_jetpack_newsletter_tier_id":0,"_jetpack_memberships_contains_paywalled_content":false,"_jetpack_memberships_contains_paid_content":false,"footnotes":"","jetpack_publicize_message":"","jetpack_publicize_feature_enabled":true,"jetpack_social_post_already_shared":true,"jetpack_social_options":{"image_generator_settings":{"template":"highway","default_image_id":0,"font":"","enabled":false},"version":2}},"categories":[49],"tags":[],"class_list":["post-26544","post","type-post","status-publish","format-standard","has-post-thumbnail","hentry","category-filme"],"views":689,"jetpack_publicize_connections":[],"jetpack_featured_media_url":"https:\/\/catalinx.ro\/wordpress\/wp-content\/uploads\/2017\/05\/Film_Reel_Large.png","jetpack_sharing_enabled":true,"jetpack_shortlink":"https:\/\/wp.me\/p4Eq23-6U8","jetpack-related-posts":[],"_links":{"self":[{"href":"https:\/\/catalinx.ro\/wordpress\/index.php?rest_route=\/wp\/v2\/posts\/26544","targetHints":{"allow":["GET"]}}],"collection":[{"href":"https:\/\/catalinx.ro\/wordpress\/index.php?rest_route=\/wp\/v2\/posts"}],"about":[{"href":"https:\/\/catalinx.ro\/wordpress\/index.php?rest_route=\/wp\/v2\/types\/post"}],"author":[{"embeddable":true,"href":"https:\/\/catalinx.ro\/wordpress\/index.php?rest_route=\/wp\/v2\/users\/2"}],"replies":[{"embeddable":true,"href":"https:\/\/catalinx.ro\/wordpress\/index.php?rest_route=%2Fwp%2Fv2%2Fcomments&post=26544"}],"version-history":[{"count":8,"href":"https:\/\/catalinx.ro\/wordpress\/index.php?rest_route=\/wp\/v2\/posts\/26544\/revisions"}],"predecessor-version":[{"id":26565,"href":"https:\/\/catalinx.ro\/wordpress\/index.php?rest_route=\/wp\/v2\/posts\/26544\/revisions\/26565"}],"wp:featuredmedia":[{"embeddable":true,"href":"https:\/\/catalinx.ro\/wordpress\/index.php?rest_route=\/wp\/v2\/media\/8728"}],"wp:attachment":[{"href":"https:\/\/catalinx.ro\/wordpress\/index.php?rest_route=%2Fwp%2Fv2%2Fmedia&parent=26544"}],"wp:term":[{"taxonomy":"category","embeddable":true,"href":"https:\/\/catalinx.ro\/wordpress\/index.php?rest_route=%2Fwp%2Fv2%2Fcategories&post=26544"},{"taxonomy":"post_tag","embeddable":true,"href":"https:\/\/catalinx.ro\/wordpress\/index.php?rest_route=%2Fwp%2Fv2%2Ftags&post=26544"}],"curies":[{"name":"wp","href":"https:\/\/api.w.org\/{rel}","templated":true}]}}