

{"id":26740,"date":"2023-12-17T03:51:00","date_gmt":"2023-12-17T03:51:00","guid":{"rendered":"https:\/\/catalinx.ro\/wordpress\/?p=26740"},"modified":"2023-12-11T10:22:47","modified_gmt":"2023-12-11T10:22:47","slug":"scoal-ca-baga-paine-la-rodica-editia-de-bucuresti","status":"publish","type":"post","link":"https:\/\/catalinx.ro\/wordpress\/?p=26740","title":{"rendered":"Scoal&#8217;,  c\u0103 bag\u0103 p\u00e2ine la Rodica &#8211; edi\u021bia de Bucure\u0219ti"},"content":{"rendered":"<div id=\"fb-root\"><\/div>\n\n<p>\u00cen liceu locuiam la m\u0103tu\u0219\u0103-mea  pe perioada \u0219colii , la etajul 1 al unui bloc, iar la parter era un magazin alimentar condus de o doamn\u0103 pe nume Rodica. O \u0219tiam dup\u0103 voce c\u0103 vorbea tare \u0219i se auzea \u00een cas\u0103, altfel mi-o amintesc foarte-foarte vag. <\/p>\n\n\n\n<p>Dar nu asta vreau s\u0103 spun, ci c\u0103 avea v\u0103ru-meu ni\u0219te glume de \u0219antier \u0219i c\u00e2nd venea de pe unde venea noaptea t\u00e2rziu, sau diminea\u021ba, m\u0103 trezea cu replica din titlu. <\/p>\n\n\n\n<p>P\u00e2inea venea la Rodica foarte de diminea\u021b\u0103 \u00een anii \u0103ia ( \u00een jur de 2000) , undeva pe la 5:30  \u0219i uneori prin somn auzeam camionul de p\u00e2ine cum venea, desc\u0103rca, cum vorbea nenea \u0103la cu Rodica, dac\u0103 era var\u0103 \u0219i era fereastra deschis\u0103 sim\u021beam \u0219i miros de p\u00e2ine proasp\u0103t\u0103. <\/p>\n\n\n\n<p>P\u00e2inea venea la ora aia c\u0103 mult\u0103 lume din blocul acela de proletari lucra pe Platforma Govora, la <a href=\"https:\/\/www.oltchim.ro\/\">Oltchim<\/a>, <a href=\"https:\/\/uzinamecanicavl.ro\/\">UZUC<\/a>, la \u201dsod\u0103\u201d ( <a href=\"https:\/\/ciechgroup.com\/ro\/grupul-ciech\/societatile-grupului-ciech\/ciech-soda-romania\/\">Uzinele Sodice Govora<\/a> ) &#8211; toate astea sunt ni\u0219te relicve de bo\u0219orogi acum , nu mai exist\u0103 sub aceea\u0219i form\u0103 dec\u00e2t CET Govora acum; la toate se lucra \u00een schimburi prin rota\u021bie, iar cei care erau schimbul 1 plecau \u00een jur de 6:15 c\u0103tre Govora cu microbuze, autobuze. \u0218i destul de des \u00ee\u0219i cump\u0103rau p\u00e2ine proasp\u0103t\u0103, unii \u0219i altceva de m\u00e2ncare , dac\u0103 nu g\u0103tiser\u0103 de acas\u0103, ca s\u0103 aib\u0103 \u201dde pachet\u201d.  <\/p>\n\n\n\n<p>Asta era scena m\u00e2nc\u0103rii din  filmul vie\u021bii de navetist proletar de pe vremea aia &#8211; anume vremea \u00een care cantinele unit\u0103\u021bilor de produc\u021bie ( \u00een comunism lumea lua pr\u00e2nzul la cantina unit\u0103\u021bii ) disp\u0103ruser\u0103 \u0219i fiecare se gospod\u0103reau.  Via\u021ba \u00een bloc \u00eencepea de vreme \u0219i dac\u0103 nu dormeai chiaun te cam lua pe sus.<\/p>\n\n\n\n<p>De ce zic eu asta cu leg\u0103tur\u0103 la Bucure\u0219ti? C\u0103 \u00een Bucure\u0219ti se g\u00e2ndesc ( v\u0103 g\u00e2ndi\u021bi, \u0103ia care locui\u021bi acolo\u0219a), <a href=\"https:\/\/www.profit.ro\/povesti-cu-profit\/retail\/document-miscare-de-impact-pregatita-in-bucuresti-aprovizionarea-magazinelor-doar-noaptea-cine-va-scapa-de-interdictie-promisiune-decizia-finala-va-fi-luata-impreuna-cu-antreprenorii-21412871\">c\u0103 ar fi bine ca aprovizionarea s\u0103 se fac\u0103 noaptea<\/a>, ca s\u0103 nu mai fie traficul mare ziua prin ora\u0219.<\/p>\n\n\n\n<p>Unii crede\u021bi c\u0103 e bine s\u0103 circule dubele noaptea, al\u021bii crede\u021bi c\u0103-i r\u0103u. <\/p>\n\n\n\n<p>\u00cen Bucure\u0219ti e trafic mai tot timpul \u00een timpul zilei, dar cel mai r\u0103u este diminea\u021ba \u0219i seara c\u00e2nd lumea pleac\u0103 la munc\u0103, la \u0219coal\u0103 , la ce treab\u0103 au ei. <\/p>\n\n\n\n<p>Lumea vede din trafic doar aglomera\u021bia \u0219i eventual poluarea. <\/p>\n\n\n\n<p>Ar mai fi \u0219i componenta de zgomot. <\/p>\n\n\n\n<p>Ultima perioad\u0103 de vreo 7 ani p\u00e2n\u0103 \u00een 2019 am locuit-o \u00een Bucure\u0219ti la un bulevard cu 3 benzi pe sens \u0219i linie de tramvai pe mijloc.  A fost cu bun\u0103 \u0219tiin\u021b\u0103 ( \u0103\u0219tia erau banii ) \u0219i a venit \u0219i cu avantaje \u0219i cu dezavantaje.  Apusuri frumoase, trezirea devreme. <\/p>\n\n\n\n<p>A fost blocul izolat, eu mi-am montan \u00een 2012 cele mai bune termopane pe care mi le permiteam atunci , dublu termopan \u0219i la balcon \u0219i la zidul de dup\u0103 el, dar dou\u0103 dormitoare nu aveau balcon , iar pe cel care avea \u00eel foloseam ca birou, nu mai \u0219tiu de ce, cred c\u0103 era mai mic, sau poate de pro\u0219ti, a\u0219a am decis atunci. <\/p>\n\n\n\n<p>Cert e c\u0103 undeva \u00een jurul orei 5 diminea\u021ba trecea primul tramvai pe care \u00eel auzeam  pe \u0219ine prin termopane \u0219i peretele gros al blocului, dar \u00eel \u0219i sim\u021beam, nu era ca \u0219i c\u00e2nd dormeam pe \u0219ine, dar ori\u0219ic\u00e2t, vibra\u021biile se transmiteau p\u00e2n\u0103 \u00een structura blocului de beton.  Dup\u0103 care \u00eencepeau autobuze, dar \u0103lea erau amortizate, iar de la 7:00 era trafic c\u0103c\u0103l\u0103u &#8211; \u0219i unii a\u021bi putea \u00eentreba \u201ddar tu <strong><em>C\u00c2T PULA MEA VREI, M\u0102, S\u0102 DORMI, LEPRO?<\/em><\/strong>\u201d . C\u00e2t mai t\u00e2rziu, c\u0103 destul de mult nu mergeam la birou, avea cine duce copiii la \u0219coal\u0103, \u0103stea. <\/p>\n\n\n\n<p>Eh, aprovizionarea noaptea o s\u0103 se fac\u0103 , dup\u0103 p\u0103rerea mea un pic altfel dec\u00e2t \u00ee\u0219i imagineaz\u0103 lumea. Este improbabil ca s\u0103 se fac\u0103 aprovizionari cu aceea\u0219i frecven\u021b\u0103 pe tot parcursul nop\u021bii c\u0103 nu st\u0103 nimeni degeaba p\u00e2n\u0103 \u00een creierii nop\u021bii s\u0103 a\u0219tepte marfa.<\/p>\n\n\n\n<p>Dac\u0103 aprovizionarea se poate face doar \u00eentre 22:00 \u0219i 6:00 lucrurile vor fi calculate ca la ora 22:00 fix \u0103 \u00eenceap\u0103 prima desc\u0103rcare \u0219i la 6:00 fix s\u0103 se termine ultima  &#8211; evident c\u0103 nu se va \u00eent\u00e2mpla chiar a\u0219a , dar \u00een teorie. <\/p>\n\n\n\n<p>Iar aprovizion\u0103rile se vor grupa \u00een vecin\u0103tatea orelor 22:00 \u0219i 6:00. La ora 6:00 s\u0103 zicem c\u0103 va pleca duba, sau camionul de la ultimul magazin, \u00eenapoi c\u0103tre centrul logistic, sau unde se duc dubele c\u00e2nd dorm. <\/p>\n\n\n\n<p>Asta \u00eenseamn\u0103 c\u0103 orele de v\u00e2rf de diminea\u021b\u0103 vor \u00eencepe cam de la 5:00 AM , p\u00e2n\u0103 la 10:30, cum e acum. Iar dac\u0103 va fi mai mult loc de ma\u0219ini vor ap\u0103rea \u0219i ma\u0219inile \u00een trafic, n-ave\u021bi griji. <\/p>\n\n\n\n<p>Iar seara va fi un alt rush hour undeva \u00een jurul orelor 23:00.  <\/p>\n\n\n\n<p>Cum era aia , Bucure\u0219ti ora\u0219ul care nu doarme niciodat\u0103, m\u0103 rog, \u00eentre orele 1:00 \u0219i 4:30 probabil c\u0103 o s\u0103 doarm\u0103. <\/p>\n\n\n\n<p>Eu , \u00een mintea mea, m\u0103 g\u00e2ndeam  p\u00e2n\u0103 s\u0103 plec din Bucure\u0219ti, c\u0103 urm\u0103torul pas normal ar fi s\u0103 cump\u0103r\u0103m un apartament sau cas\u0103 mai v\u00e2r\u00e2te pe vreo str\u0103du\u021b\u0103 , poate ca s\u0103 nu mai aud tramvaiul la 5:00 diminea\u021ba \u0219i s\u0103 pot deschide \u0219i eu fereastra s\u0103 aerisesc, sau poate s\u0103 dorm cu ea deschis\u0103? <\/p>\n\n\n\n<p>Evident c\u0103 Bucure\u0219tenii au un plan mai bun. Dec\u00e2t s\u0103 fac\u0103 oarece continen\u021b\u0103 la trafi \u0219i poluare de toate felurile, mai bine le extind pe o perioad\u0103 mai mare de timp, ca s\u0103 scad\u0103 maximele. Este \u0219i asta o abordare. <\/p>\n\n\n\n<p><\/p>\n","protected":false},"excerpt":{"rendered":"<p>\u00cen liceu locuiam la m\u0103tu\u0219\u0103-mea pe perioada \u0219colii , la etajul 1 al unui bloc, iar la parter era un magazin alimentar condus de o&hellip;<\/p>\n","protected":false},"author":2,"featured_media":20265,"comment_status":"open","ping_status":"open","sticky":false,"template":"","format":"standard","meta":{"jetpack_post_was_ever_published":false,"_jetpack_newsletter_access":"","_jetpack_dont_email_post_to_subs":false,"_jetpack_newsletter_tier_id":0,"_jetpack_memberships_contains_paywalled_content":false,"_jetpack_memberships_contains_paid_content":false,"footnotes":"","jetpack_publicize_message":"","jetpack_publicize_feature_enabled":true,"jetpack_social_post_already_shared":true,"jetpack_social_options":{"image_generator_settings":{"template":"highway","default_image_id":0,"font":"","enabled":false},"version":2}},"categories":[1244,136],"tags":[],"class_list":["post-26740","post","type-post","status-publish","format-standard","has-post-thumbnail","hentry","category-bucuresti","category-civilisation"],"views":637,"jetpack_publicize_connections":[],"jetpack_featured_media_url":"https:\/\/catalinx.ro\/wordpress\/wp-content\/uploads\/2021\/08\/racorica-metrou-bucuresti-pantelimon-cca20211371623712664249038.jpg","jetpack_sharing_enabled":true,"jetpack_shortlink":"https:\/\/wp.me\/p4Eq23-6Xi","jetpack-related-posts":[],"_links":{"self":[{"href":"https:\/\/catalinx.ro\/wordpress\/index.php?rest_route=\/wp\/v2\/posts\/26740","targetHints":{"allow":["GET"]}}],"collection":[{"href":"https:\/\/catalinx.ro\/wordpress\/index.php?rest_route=\/wp\/v2\/posts"}],"about":[{"href":"https:\/\/catalinx.ro\/wordpress\/index.php?rest_route=\/wp\/v2\/types\/post"}],"author":[{"embeddable":true,"href":"https:\/\/catalinx.ro\/wordpress\/index.php?rest_route=\/wp\/v2\/users\/2"}],"replies":[{"embeddable":true,"href":"https:\/\/catalinx.ro\/wordpress\/index.php?rest_route=%2Fwp%2Fv2%2Fcomments&post=26740"}],"version-history":[{"count":1,"href":"https:\/\/catalinx.ro\/wordpress\/index.php?rest_route=\/wp\/v2\/posts\/26740\/revisions"}],"predecessor-version":[{"id":26741,"href":"https:\/\/catalinx.ro\/wordpress\/index.php?rest_route=\/wp\/v2\/posts\/26740\/revisions\/26741"}],"wp:featuredmedia":[{"embeddable":true,"href":"https:\/\/catalinx.ro\/wordpress\/index.php?rest_route=\/wp\/v2\/media\/20265"}],"wp:attachment":[{"href":"https:\/\/catalinx.ro\/wordpress\/index.php?rest_route=%2Fwp%2Fv2%2Fmedia&parent=26740"}],"wp:term":[{"taxonomy":"category","embeddable":true,"href":"https:\/\/catalinx.ro\/wordpress\/index.php?rest_route=%2Fwp%2Fv2%2Fcategories&post=26740"},{"taxonomy":"post_tag","embeddable":true,"href":"https:\/\/catalinx.ro\/wordpress\/index.php?rest_route=%2Fwp%2Fv2%2Ftags&post=26740"}],"curies":[{"name":"wp","href":"https:\/\/api.w.org\/{rel}","templated":true}]}}