

{"id":26743,"date":"2023-12-18T00:56:00","date_gmt":"2023-12-18T00:56:00","guid":{"rendered":"https:\/\/catalinx.ro\/wordpress\/?p=26743"},"modified":"2023-12-12T13:26:15","modified_gmt":"2023-12-12T13:26:15","slug":"o-franta-mai-radicala","status":"publish","type":"post","link":"https:\/\/catalinx.ro\/wordpress\/?p=26743","title":{"rendered":"O Fran\u021b\u0103 mai radical\u0103"},"content":{"rendered":"<div id=\"fb-root\"><\/div>\n\n<p>Citeam articolul <a href=\"https:\/\/www.politico.eu\/article\/france-interior-minister-gerard-darmanin-suffers-crushing-defeat-immigration-bill-national-assembly\/\">\u0103sta <\/a>\u0219i am sur\u00e2s pu\u021bin.  Ministrul de interne, G\u00e9rald Darmanin\u00a0, a demisionat c\u0103 propunerea lui de lege a imigra\u021biei ( oarecum \u00eempotriva imigra\u021biei ) a e\u0219uat \u00een parlament, zic ei lamentabil cu 270 de voturi \u00eempotriva a 265. <\/p>\n\n\n\n<p><a href=\"https:\/\/www.vie-publique.fr\/loi\/287993-projet-de-loi-immigration-integration-asile-2023\">Proiectul \u0103lora <\/a> avea ni\u0219te lucruri care trebuia s\u0103 ajute. <\/p>\n\n\n\n<ul class=\"wp-block-list\">\n<li>Prevedeau crearea unor spa\u021bii pentru azilan\u021bi \u00een subordinea prefecturilor , spre deosebire de ghi\u0219eul unic curent precum \u0219i simplificarea unor proceduri de aplicare. Adic\u0103 un pic de descentralizare ( nu e v\u0103zut\u0103 de to\u021bi la fel) \u0219i debirocratizare. <\/li>\n\n\n\n<li>Cel mai important, prevedeau introducerea unor cote de aprobare a cererilor de azil ale imigran\u021bilor na\u021bionale ( din c\u00e2te \u0219tiu Fran\u021ba nu are a\u0219a ceva acum), care s\u0103 reduc\u0103 imigra\u021bia, restul deporta\u021bi. <\/li>\n\n\n\n<li>Mai prevedeau \u00een\u0103sprirea condi\u021biilor de oferire a reziden\u021bei pe baz\u0103 de drept de re\u00eentregire a familiei &#8211; p\u00e2n\u0103 acum era oferit\u0103 dupa 18 luni  de prezen\u021b\u0103 \u00een Fran\u021ba \u0219i voiau s-o lungeasc\u0103 la 24, plus restr\u00e2ngerea dreptului de a cere tipul \u0103sta de reziden\u021b\u0103 la p\u0103rin\u021bii unui copil francez plus so\u021bul \/ so\u021bia unui cet\u0103\u021bean francez. <\/li>\n\n\n\n<li>Introducerea unui sistem de garan\u021bie de \u00eentoarcere ( sistem de  cau\u021biune) pentru solicitan\u021bii de vize de studii. <\/li>\n\n\n\n<li>Introducerea unei amenzi pentru cei dovedi\u021bi c\u0103 locuiesc ilegal \u00een Fran\u021ba<\/li>\n\n\n\n<li>Condi\u021bionarea accesului la ajutoare sociale de reziden\u021ba pe o perioad\u0103 de minim 5 ani \u00een Fran\u021ba &#8211; asta sun\u0103 direct a \u201dmu-ie lu&#8217; Ra-pid!\u201d. <\/li>\n\n\n\n<li>Un plan de protec\u021bie a str\u0103inilor care-s victimele traficului de persoane care se pl\u00e2ng c\u0103 au fost trafica\u021bi prin oferirea reziden\u021bei temporare pe perioada investiga\u021biei. <\/li>\n<\/ul>\n\n\n\n<p>Legea a picat pentru c\u0103 m\u0103surile oarecum rezonabile , care trebuiau s\u0103 IMBUN\u0102T\u0102\u021aEASC\u0102 \u00eentruc\u00e2tva situa\u021bia din Fran\u021ba ( e discutabil c\u00e2t se poate \u00eembun\u0103t\u0103\u021bi cu m\u0103suri moderate, dar a\u0219a spune teoria) au fost v\u0103zute <strong><a href=\"https:\/\/www.bfmtv.com\/politique\/front-national\/loi-immigration-marine-le-pen-ravie-du-rejet-et-souligne-un-desaveu-puissant-pour-gerald-darmanin_AV-202312110799.html\">insuficiente  \u0219i prea permisive de extrema dreapt\u0103 <\/a> &#8211; aka b\u0103b\u0103tia de la Penis <\/strong>\u0219i prea severe pentru \u0103ia care fac laba cu st\u00e2nga care-s de p\u0103rere c\u0103 opiniile de sus\u021binere a legilor ( discursurile ) sunt xenofobe \u0219i rasiste. <\/p>\n\n\n\n<p>Timp \u00een care evident c\u0103 nu se face nimic, doar se discut\u0103, iar imigran\u021bii \u0219i problemele create de incapacitatea de integrare nu-s puse pe pauz\u0103 la fel ca legea. <\/p>\n\n\n\n<p>Situa\u021bie care alimenteaz\u0103 \u0219i mai tare polarizarea. <\/p>\n\n\n\n<p>Drept care francezii se preg\u0103tesc de posibilitatea <a href=\"https:\/\/www.theguardian.com\/world\/2023\/aug\/25\/marine-le-pen-could-become-next-french-president-minister-warns\">s\u0103 aib\u0103 o pre\u0219edint\u0103 bo\u0219oroag\u0103 \u0219i gurist\u0103 de dreapta.<\/a> <\/p>\n\n\n\n<p>\u00cen 2022 m\u0103 g\u00e2ndeam la <a href=\"https:\/\/catalinx.ro\/wordpress\/?p=22520\">Zemmour<\/a>, dar \u0103la era versiunea mai &#8216;telectual\u0103 \u0219i mai dublurafinat\u0103 a\u0219a. E posibil c\u0103 po\u0219irca prinde mai bine \u0219i c\u0103 la baz\u0103 nici francezii nu mai p\u0103streaz\u0103 eticheta \u0219i rafinamentul. <\/p>\n","protected":false},"excerpt":{"rendered":"<p>Citeam articolul \u0103sta \u0219i am sur\u00e2s pu\u021bin. Ministrul de interne, G\u00e9rald Darmanin\u00a0, a demisionat c\u0103 propunerea lui de lege a imigra\u021biei ( oarecum \u00eempotriva imigra\u021biei&hellip;<\/p>\n","protected":false},"author":2,"featured_media":24929,"comment_status":"open","ping_status":"open","sticky":false,"template":"","format":"standard","meta":{"jetpack_post_was_ever_published":false,"_jetpack_newsletter_access":"","_jetpack_dont_email_post_to_subs":false,"_jetpack_newsletter_tier_id":0,"_jetpack_memberships_contains_paywalled_content":false,"_jetpack_memberships_contains_paid_content":false,"footnotes":"","jetpack_publicize_message":"","jetpack_publicize_feature_enabled":true,"jetpack_social_post_already_shared":true,"jetpack_social_options":{"image_generator_settings":{"template":"highway","default_image_id":0,"font":"","enabled":false},"version":2}},"categories":[170],"tags":[5721,5722],"class_list":["post-26743","post","type-post","status-publish","format-standard","has-post-thumbnail","hentry","category-politice","tag-gerald-darmanin","tag-legea-imigratiei-in-franta"],"views":740,"jetpack_publicize_connections":[],"jetpack_featured_media_url":"https:\/\/catalinx.ro\/wordpress\/wp-content\/uploads\/2023\/06\/boat-imigrants-many.png","jetpack_sharing_enabled":true,"jetpack_shortlink":"https:\/\/wp.me\/p4Eq23-6Xl","jetpack-related-posts":[],"_links":{"self":[{"href":"https:\/\/catalinx.ro\/wordpress\/index.php?rest_route=\/wp\/v2\/posts\/26743","targetHints":{"allow":["GET"]}}],"collection":[{"href":"https:\/\/catalinx.ro\/wordpress\/index.php?rest_route=\/wp\/v2\/posts"}],"about":[{"href":"https:\/\/catalinx.ro\/wordpress\/index.php?rest_route=\/wp\/v2\/types\/post"}],"author":[{"embeddable":true,"href":"https:\/\/catalinx.ro\/wordpress\/index.php?rest_route=\/wp\/v2\/users\/2"}],"replies":[{"embeddable":true,"href":"https:\/\/catalinx.ro\/wordpress\/index.php?rest_route=%2Fwp%2Fv2%2Fcomments&post=26743"}],"version-history":[{"count":1,"href":"https:\/\/catalinx.ro\/wordpress\/index.php?rest_route=\/wp\/v2\/posts\/26743\/revisions"}],"predecessor-version":[{"id":26744,"href":"https:\/\/catalinx.ro\/wordpress\/index.php?rest_route=\/wp\/v2\/posts\/26743\/revisions\/26744"}],"wp:featuredmedia":[{"embeddable":true,"href":"https:\/\/catalinx.ro\/wordpress\/index.php?rest_route=\/wp\/v2\/media\/24929"}],"wp:attachment":[{"href":"https:\/\/catalinx.ro\/wordpress\/index.php?rest_route=%2Fwp%2Fv2%2Fmedia&parent=26743"}],"wp:term":[{"taxonomy":"category","embeddable":true,"href":"https:\/\/catalinx.ro\/wordpress\/index.php?rest_route=%2Fwp%2Fv2%2Fcategories&post=26743"},{"taxonomy":"post_tag","embeddable":true,"href":"https:\/\/catalinx.ro\/wordpress\/index.php?rest_route=%2Fwp%2Fv2%2Ftags&post=26743"}],"curies":[{"name":"wp","href":"https:\/\/api.w.org\/{rel}","templated":true}]}}