

{"id":26798,"date":"2023-12-19T03:31:00","date_gmt":"2023-12-19T03:31:00","guid":{"rendered":"https:\/\/catalinx.ro\/wordpress\/?p=26798"},"modified":"2023-12-18T10:12:08","modified_gmt":"2023-12-18T10:12:08","slug":"am-ras-dar-asta-e-definitia-esecului-structural","status":"publish","type":"post","link":"https:\/\/catalinx.ro\/wordpress\/?p=26798","title":{"rendered":"Am r\u00e2s, dar asta e defini\u021bia e\u0219ecului structural"},"content":{"rendered":"<div id=\"fb-root\"><\/div>\n\n<p><\/p>\n\n\n\n<figure class=\"wp-block-image size-full\"><img loading=\"lazy\" decoding=\"async\" width=\"728\" height=\"694\" data-attachment-id=\"26799\" data-permalink=\"https:\/\/catalinx.ro\/wordpress\/?attachment_id=26799#main\" data-orig-file=\"https:\/\/catalinx.ro\/wordpress\/wp-content\/uploads\/2023\/12\/image-7.png\" data-orig-size=\"728,694\" data-comments-opened=\"1\" data-image-meta=\"{&quot;aperture&quot;:&quot;0&quot;,&quot;credit&quot;:&quot;&quot;,&quot;camera&quot;:&quot;&quot;,&quot;caption&quot;:&quot;&quot;,&quot;created_timestamp&quot;:&quot;0&quot;,&quot;copyright&quot;:&quot;&quot;,&quot;focal_length&quot;:&quot;0&quot;,&quot;iso&quot;:&quot;0&quot;,&quot;shutter_speed&quot;:&quot;0&quot;,&quot;title&quot;:&quot;&quot;,&quot;orientation&quot;:&quot;0&quot;}\" data-image-title=\"image-7\" data-image-description=\"\" data-image-caption=\"\" data-medium-file=\"https:\/\/catalinx.ro\/wordpress\/wp-content\/uploads\/2023\/12\/image-7-480x458.png\" data-large-file=\"https:\/\/catalinx.ro\/wordpress\/wp-content\/uploads\/2023\/12\/image-7.png\" src=\"https:\/\/catalinx.ro\/wordpress\/wp-content\/uploads\/2023\/12\/image-7.png\" alt=\"\" class=\"wp-image-26799\" srcset=\"https:\/\/catalinx.ro\/wordpress\/wp-content\/uploads\/2023\/12\/image-7.png 728w, https:\/\/catalinx.ro\/wordpress\/wp-content\/uploads\/2023\/12\/image-7-480x458.png 480w, https:\/\/catalinx.ro\/wordpress\/wp-content\/uploads\/2023\/12\/image-7-200x191.png 200w\" sizes=\"auto, (max-width: 728px) 100vw, 728px\" \/><\/figure>\n\n\n\n<p>Titlul \u0103sta are ceva PR populist \u00een el &#8211; vede\u021bi domnilor, p\u00e2n\u0103 \u0219i guvernatorul b\u0103ncii centrale se mut\u0103 \u00eenapoi cu p\u0103rin\u021bii, nu-i nicio ru\u0219ine \u00een asta, \u201dwe are all in this together\u201d. Probabil c\u0103 doamna n-o duce chiar a\u0219a r\u0103u, dar pe de alt\u0103 parte, cred c\u0103 o duce. <\/p>\n\n\n\n<p>Respectabila doamn\u0103 este o femeie de carier\u0103, cu pedigree discutabil social, dar bun \u0219tiin\u021bific &#8211; p\u0103rin\u021bii au forma\u021bie academic\u0103 \u0219i respectiv \u00een inginerie. Este un profesionist cu<a href=\"https:\/\/www.ft.com\/content\/1ea9cf66-ca6b-453d-9e2a-e5ae15877a70\"> istoric \u0219i competen\u021be dovedit<\/a>e. <\/p>\n\n\n\n<ul class=\"wp-block-list\">\n<li>Doctorat \u00een inginerie financiar\u0103 ( nu \u00eenseamn\u0103 ce se spune \u00een popor c\u0103 \u00eenseamn\u0103) la Princetown <\/li>\n\n\n\n<li>A lucrat la Goldman Sachs \u0219i la First Republic \u00een pozi\u021bii cheie.<\/li>\n<\/ul>\n\n\n\n<p>Ceva-ceva pedigree are ea, cu cet\u0103\u021benie dual\u0103, pescuit\u0103 \u0219i plantat\u0103 pe pozi\u021bia de guvernator la Banca Central\u0103 a Turciei dup\u0103 ce guvernatorul anterior a redus dob\u00e2nzile  ( erau alegeri, deh) \u0219i a ars  rezerve valutare str\u0103ine \u00een valoare de vreo 25 de milioarde de dolari , ca s\u0103 se \u021bie la lir\u0103, c\u00e2t de c\u00e2t.  \u0102sta e pre\u021bul pl\u0103tit de Erdogan, din buzunarele popula\u021biei, desigur, pentru a fi reales. <\/p>\n\n\n\n<p>Acuma a luat-o pe tanti \u0219i \u201dtreci, f\u0103, \u0219i repar\u0103.\u201d Erdogan e nenea \u0103la care a \u021binut-o pe \u0219efa Uniunii Europene  s\u0103 stea \u00een picioare, <a href=\"https:\/\/www.businessinsider.com\/eu-leader-ursula-von-der-leyen-left-standing-suggests-sexism-2021-4?r=US&amp;IR=T\">un gentleman fin<\/a>. <\/p>\n\n\n\n<figure class=\"wp-block-image size-full\"><img loading=\"lazy\" decoding=\"async\" width=\"774\" height=\"458\" data-attachment-id=\"26800\" data-permalink=\"https:\/\/catalinx.ro\/wordpress\/?attachment_id=26800#main\" data-orig-file=\"https:\/\/catalinx.ro\/wordpress\/wp-content\/uploads\/2023\/12\/Ursula-von-der-Leyen-standing-Erdogan.png\" data-orig-size=\"774,458\" data-comments-opened=\"1\" data-image-meta=\"{&quot;aperture&quot;:&quot;0&quot;,&quot;credit&quot;:&quot;&quot;,&quot;camera&quot;:&quot;&quot;,&quot;caption&quot;:&quot;&quot;,&quot;created_timestamp&quot;:&quot;0&quot;,&quot;copyright&quot;:&quot;&quot;,&quot;focal_length&quot;:&quot;0&quot;,&quot;iso&quot;:&quot;0&quot;,&quot;shutter_speed&quot;:&quot;0&quot;,&quot;title&quot;:&quot;&quot;,&quot;orientation&quot;:&quot;0&quot;}\" data-image-title=\"Ursula-von-der-Leyen-standing-Erdogan\" data-image-description=\"\" data-image-caption=\"\" data-medium-file=\"https:\/\/catalinx.ro\/wordpress\/wp-content\/uploads\/2023\/12\/Ursula-von-der-Leyen-standing-Erdogan-480x284.png\" data-large-file=\"https:\/\/catalinx.ro\/wordpress\/wp-content\/uploads\/2023\/12\/Ursula-von-der-Leyen-standing-Erdogan.png\" src=\"https:\/\/catalinx.ro\/wordpress\/wp-content\/uploads\/2023\/12\/Ursula-von-der-Leyen-standing-Erdogan.png\" alt=\"\" class=\"wp-image-26800\" srcset=\"https:\/\/catalinx.ro\/wordpress\/wp-content\/uploads\/2023\/12\/Ursula-von-der-Leyen-standing-Erdogan.png 774w, https:\/\/catalinx.ro\/wordpress\/wp-content\/uploads\/2023\/12\/Ursula-von-der-Leyen-standing-Erdogan-480x284.png 480w, https:\/\/catalinx.ro\/wordpress\/wp-content\/uploads\/2023\/12\/Ursula-von-der-Leyen-standing-Erdogan-200x118.png 200w, https:\/\/catalinx.ro\/wordpress\/wp-content\/uploads\/2023\/12\/Ursula-von-der-Leyen-standing-Erdogan-768x454.png 768w\" sizes=\"auto, (max-width: 774px) 100vw, 774px\" \/><\/figure>\n\n\n\n<p>Doamna nu e doar o femeie de carier\u0103 liber\u0103 \u0219i independent\u0103, ci e c\u0103s\u0103t\u0103rit\u0103 cu un domn care e \u0219i director  la <a href=\"http:\/\/14\tIFS_MDM_MMB \tMaterials from MDG to eTrade\">o companie de investi\u021bii<\/a>. Adic\u0103 nu chiar plebi ca noi a\u0219a. \u0218i au \u0219i un copil. <\/p>\n\n\n\n<p>Nu \u0219tiu c\u00e2t pl\u0103tesc \u0103ia de la Glodman saci de aur , am auzit c\u0103 bine. Dar \u201dam auzit\u201d c\u0103 de la First Republic a luat a\u0219a vreo<a href=\"https:\/\/gb.wallmine.com\/nyse\/frc\/officer\/2063291\/hafize-gaye-erkan\"> 8 milioane de dolari<\/a> . <\/p>\n\n\n\n<p>Dar s-a mutat cu m\u0103-sa, m\u0103 \u00een\u021belegi. c\u0103 ce mai e milionul de dolari \u00een Istanbul \u00een ziua de azi. <\/p>\n\n\n\n<p>Defini\u021bia e\u0219ecului structural este \u00eens\u0103 c\u00e2nd puterea aduce maimu\u021boi la a guverna servicii critice, dup\u0103 care e nevoit s\u0103 aduc\u0103 profesioni\u0219ti pe care s\u0103 \u00eei spoiasc\u0103 ca \u201ddin popor\u201d \u0219i suferinzi ai aceluia\u0219i sistem care lupt\u0103 \u00eempreun\u0103 cu poporul s\u0103 ias\u0103 din mizerie. <\/p>\n\n\n\n<p>C\u00e2nd, cu bun\u0103 \u0219tiin\u021b\u0103, nume\u0219ti guvernator al b\u0103ncii centrale pe cineva care are tema de a poza \u00een s\u0103r\u0103cie lucie, adic\u0103 cuvintele sunt \u201dnici directorul b\u0103ncii nu-\u0219i mai permite o cas\u0103 din venituri\u201d ( chiar dac\u0103 e un fals ordinar) , nu-i nimic de l\u0103udat se cheam\u0103 premiul Darwin pentru  atingerea obiectivelor politice. <\/p>\n\n\n\n<p>M\u0103 g\u00e2ndesc cum ar fi s\u0103 \u00eel auzim \u00eentr-o zi pe Is\u0103rescu c\u0103 gata, nu mai are bani, se mut\u0103 cu copiii ( la 75 de ani se poate muta cu p\u0103rin\u021bii doar dac\u0103 demisioneaz\u0103 de tot) .  <\/p>\n\n\n\n<p><\/p>\n","protected":false},"excerpt":{"rendered":"<p>Titlul \u0103sta are ceva PR populist \u00een el &#8211; vede\u021bi domnilor, p\u00e2n\u0103 \u0219i guvernatorul b\u0103ncii centrale se mut\u0103 \u00eenapoi cu p\u0103rin\u021bii, nu-i nicio ru\u0219ine \u00een&hellip;<\/p>\n","protected":false},"author":2,"featured_media":19575,"comment_status":"open","ping_status":"open","sticky":false,"template":"","format":"standard","meta":{"jetpack_post_was_ever_published":false,"_jetpack_newsletter_access":"","_jetpack_dont_email_post_to_subs":false,"_jetpack_newsletter_tier_id":0,"_jetpack_memberships_contains_paywalled_content":false,"_jetpack_memberships_contains_paid_content":false,"footnotes":"","jetpack_publicize_message":"","jetpack_publicize_feature_enabled":true,"jetpack_social_post_already_shared":true,"jetpack_social_options":{"image_generator_settings":{"template":"highway","default_image_id":0,"font":"","enabled":false},"version":2}},"categories":[3499],"tags":[1270,5730,5731,81],"class_list":["post-26798","post","type-post","status-publish","format-standard","has-post-thumbnail","hentry","category-economie","tag-erdogan","tag-guvernatorul-bancii-centrale-a-turciei","tag-hafize-gaye-erkan","tag-turcia"],"views":766,"jetpack_publicize_connections":[],"jetpack_featured_media_url":"https:\/\/catalinx.ro\/wordpress\/wp-content\/uploads\/2021\/04\/arunci-cu-bani-in-lautari.jpg","jetpack_sharing_enabled":true,"jetpack_shortlink":"https:\/\/wp.me\/p4Eq23-6Ye","jetpack-related-posts":[],"_links":{"self":[{"href":"https:\/\/catalinx.ro\/wordpress\/index.php?rest_route=\/wp\/v2\/posts\/26798","targetHints":{"allow":["GET"]}}],"collection":[{"href":"https:\/\/catalinx.ro\/wordpress\/index.php?rest_route=\/wp\/v2\/posts"}],"about":[{"href":"https:\/\/catalinx.ro\/wordpress\/index.php?rest_route=\/wp\/v2\/types\/post"}],"author":[{"embeddable":true,"href":"https:\/\/catalinx.ro\/wordpress\/index.php?rest_route=\/wp\/v2\/users\/2"}],"replies":[{"embeddable":true,"href":"https:\/\/catalinx.ro\/wordpress\/index.php?rest_route=%2Fwp%2Fv2%2Fcomments&post=26798"}],"version-history":[{"count":1,"href":"https:\/\/catalinx.ro\/wordpress\/index.php?rest_route=\/wp\/v2\/posts\/26798\/revisions"}],"predecessor-version":[{"id":26801,"href":"https:\/\/catalinx.ro\/wordpress\/index.php?rest_route=\/wp\/v2\/posts\/26798\/revisions\/26801"}],"wp:featuredmedia":[{"embeddable":true,"href":"https:\/\/catalinx.ro\/wordpress\/index.php?rest_route=\/wp\/v2\/media\/19575"}],"wp:attachment":[{"href":"https:\/\/catalinx.ro\/wordpress\/index.php?rest_route=%2Fwp%2Fv2%2Fmedia&parent=26798"}],"wp:term":[{"taxonomy":"category","embeddable":true,"href":"https:\/\/catalinx.ro\/wordpress\/index.php?rest_route=%2Fwp%2Fv2%2Fcategories&post=26798"},{"taxonomy":"post_tag","embeddable":true,"href":"https:\/\/catalinx.ro\/wordpress\/index.php?rest_route=%2Fwp%2Fv2%2Ftags&post=26798"}],"curies":[{"name":"wp","href":"https:\/\/api.w.org\/{rel}","templated":true}]}}