

{"id":28627,"date":"2024-09-18T19:34:07","date_gmt":"2024-09-18T18:34:07","guid":{"rendered":"https:\/\/catalinx.ro\/wordpress\/?p=28627"},"modified":"2024-09-18T19:34:12","modified_gmt":"2024-09-18T18:34:12","slug":"care-vrei-un-pager-ieftin-2","status":"publish","type":"post","link":"https:\/\/catalinx.ro\/wordpress\/?p=28627","title":{"rendered":"Care vrei un pager ieftin #2"},"content":{"rendered":"<div id=\"fb-root\"><\/div>\n\n<p>Nu, vreau s\u0103 scriu nimic despre walkie-talkies \u0219i alte posibil echipamente care bubuie. <br \/>Doar c\u0103 am citit articolul de la <a href=\"https:\/\/www.nwradu.ro\/2024\/09\/autoritatile-confirma-pagerele-libaneze-aveau-explozibil-adaugat-in-ele\/#comments\">Radu <\/a>( \u0219i altele) \u0219i-s dezam\u0103git.  Zici c\u0103-s copiate din ceva ziar de can-can, absolut nedocumentat \u0219i bazate pe pula mea \u0219i at\u00e2t. <br \/>Poate pentru c\u0103 niciunii n-avem timp. <\/p>\n\n\n\n<p>E vorba de faptul c\u0103 lumea crede c\u0103 sta\u021biile \u0103lea au fost f\u0103cute \u00een Ungaria c\u0103 a\u0219a le spune un pulifrici de la compania cu brandul, din Taiwan. <\/p>\n\n\n\n<p>Blan\u0103! Doar c\u0103 momentan fals. <strong> Nu \u0219tiu unde-s f\u0103cute \u021big\u0103niile \u0103lea, ar putea fi f\u0103cute \u00een Israel, sau \u00een Rom\u00e2nia &#8211; sau \u00een UK, sau \u00een alt\u0103 parte din moment ce produc\u0103torul oficial se dezice \u0219i declin\u0103 contracte cu firme&#8230;. <\/strong><\/p>\n\n\n\n<p><a href=\"https:\/\/companywall.hu\/v%C3%A1llalat\/bac-consulting-kft\/MMB5vTHq\">Firma din  Ungaria <\/a> e o firm\u0103 de apartament , aparent cu o singur\u0103 persoan\u0103, identificat\u0103 ca av\u00e2nd numele de Cristiana Rosaria B\u00e1rsony-Arcidiacono ( a dezvoltat <a href=\"https:\/\/www.ft.com\/content\/72edfec6-a691-4969-a8e8-45781a227c71\">Financial Times <\/a>un pic subiectul). <br \/><br \/><\/p>\n\n\n\n<figure class=\"wp-block-image size-large\"><img loading=\"lazy\" decoding=\"async\" width=\"1920\" height=\"985\" data-attachment-id=\"28628\" data-permalink=\"https:\/\/catalinx.ro\/wordpress\/?attachment_id=28628#main\" data-orig-file=\"https:\/\/catalinx.ro\/wordpress\/wp-content\/uploads\/2024\/09\/image-14.png\" data-orig-size=\"2161,1109\" data-comments-opened=\"1\" data-image-meta=\"{&quot;aperture&quot;:&quot;0&quot;,&quot;credit&quot;:&quot;&quot;,&quot;camera&quot;:&quot;&quot;,&quot;caption&quot;:&quot;&quot;,&quot;created_timestamp&quot;:&quot;0&quot;,&quot;copyright&quot;:&quot;&quot;,&quot;focal_length&quot;:&quot;0&quot;,&quot;iso&quot;:&quot;0&quot;,&quot;shutter_speed&quot;:&quot;0&quot;,&quot;title&quot;:&quot;&quot;,&quot;orientation&quot;:&quot;0&quot;}\" data-image-title=\"image\" data-image-description=\"\" data-image-caption=\"\" data-large-file=\"https:\/\/catalinx.ro\/wordpress\/wp-content\/uploads\/2024\/09\/image-14-1920x985.png\" src=\"https:\/\/catalinx.ro\/wordpress\/wp-content\/uploads\/2024\/09\/image-14-1920x985.png\" alt=\"\" class=\"wp-image-28628\" srcset=\"https:\/\/catalinx.ro\/wordpress\/wp-content\/uploads\/2024\/09\/image-14-1920x985.png 1920w, https:\/\/catalinx.ro\/wordpress\/wp-content\/uploads\/2024\/09\/image-14-480x246.png 480w, https:\/\/catalinx.ro\/wordpress\/wp-content\/uploads\/2024\/09\/image-14-200x103.png 200w, https:\/\/catalinx.ro\/wordpress\/wp-content\/uploads\/2024\/09\/image-14-768x394.png 768w, https:\/\/catalinx.ro\/wordpress\/wp-content\/uploads\/2024\/09\/image-14-1536x788.png 1536w, https:\/\/catalinx.ro\/wordpress\/wp-content\/uploads\/2024\/09\/image-14-2048x1051.png 2048w\" sizes=\"auto, (max-width: 1920px) 100vw, 1920px\" \/><\/figure>\n\n\n\n<p>Tanti e doctor in \u0219tiin\u021b\u0103 pe o tem\u0103 vag interesant\u0103 \u00een context &#8211; ionizarea moleculelor de ap\u0103 din \u021besuturi la contact cu pozitroni  \u00een timpul procedurilor de imagistic\u0103 medical\u0103, dup\u0103 care ceva studii de managementul resurselor naturale \u0219i la LSE o diplom\u0103 in politici.<br \/><\/p>\n\n\n\n<figure class=\"wp-block-image size-full\"><img loading=\"lazy\" decoding=\"async\" width=\"876\" height=\"1060\" data-attachment-id=\"28629\" data-permalink=\"https:\/\/catalinx.ro\/wordpress\/?attachment_id=28629#main\" data-orig-file=\"https:\/\/catalinx.ro\/wordpress\/wp-content\/uploads\/2024\/09\/image-15.png\" data-orig-size=\"876,1060\" data-comments-opened=\"1\" data-image-meta=\"{&quot;aperture&quot;:&quot;0&quot;,&quot;credit&quot;:&quot;&quot;,&quot;camera&quot;:&quot;&quot;,&quot;caption&quot;:&quot;&quot;,&quot;created_timestamp&quot;:&quot;0&quot;,&quot;copyright&quot;:&quot;&quot;,&quot;focal_length&quot;:&quot;0&quot;,&quot;iso&quot;:&quot;0&quot;,&quot;shutter_speed&quot;:&quot;0&quot;,&quot;title&quot;:&quot;&quot;,&quot;orientation&quot;:&quot;0&quot;}\" data-image-title=\"image\" data-image-description=\"\" data-image-caption=\"\" data-large-file=\"https:\/\/catalinx.ro\/wordpress\/wp-content\/uploads\/2024\/09\/image-15.png\" src=\"https:\/\/catalinx.ro\/wordpress\/wp-content\/uploads\/2024\/09\/image-15.png\" alt=\"\" class=\"wp-image-28629\" srcset=\"https:\/\/catalinx.ro\/wordpress\/wp-content\/uploads\/2024\/09\/image-15.png 876w, https:\/\/catalinx.ro\/wordpress\/wp-content\/uploads\/2024\/09\/image-15-397x480.png 397w, https:\/\/catalinx.ro\/wordpress\/wp-content\/uploads\/2024\/09\/image-15-165x200.png 165w, https:\/\/catalinx.ro\/wordpress\/wp-content\/uploads\/2024\/09\/image-15-768x929.png 768w\" sizes=\"auto, (max-width: 876px) 100vw, 876px\" \/><\/figure>\n\n\n\n<p>E colaboaratoare pe la comisia european\u0103 \u0219i pe la o gr\u0103mad\u0103 de alte organiza\u021bii. <br \/><\/p>\n\n\n\n<figure class=\"wp-block-image size-full\"><img loading=\"lazy\" decoding=\"async\" width=\"851\" height=\"581\" data-attachment-id=\"28630\" data-permalink=\"https:\/\/catalinx.ro\/wordpress\/?attachment_id=28630#main\" data-orig-file=\"https:\/\/catalinx.ro\/wordpress\/wp-content\/uploads\/2024\/09\/image-16.png\" data-orig-size=\"851,581\" data-comments-opened=\"1\" data-image-meta=\"{&quot;aperture&quot;:&quot;0&quot;,&quot;credit&quot;:&quot;&quot;,&quot;camera&quot;:&quot;&quot;,&quot;caption&quot;:&quot;&quot;,&quot;created_timestamp&quot;:&quot;0&quot;,&quot;copyright&quot;:&quot;&quot;,&quot;focal_length&quot;:&quot;0&quot;,&quot;iso&quot;:&quot;0&quot;,&quot;shutter_speed&quot;:&quot;0&quot;,&quot;title&quot;:&quot;&quot;,&quot;orientation&quot;:&quot;0&quot;}\" data-image-title=\"image\" data-image-description=\"\" data-image-caption=\"\" data-large-file=\"https:\/\/catalinx.ro\/wordpress\/wp-content\/uploads\/2024\/09\/image-16.png\" src=\"https:\/\/catalinx.ro\/wordpress\/wp-content\/uploads\/2024\/09\/image-16.png\" alt=\"\" class=\"wp-image-28630\" srcset=\"https:\/\/catalinx.ro\/wordpress\/wp-content\/uploads\/2024\/09\/image-16.png 851w, https:\/\/catalinx.ro\/wordpress\/wp-content\/uploads\/2024\/09\/image-16-480x328.png 480w, https:\/\/catalinx.ro\/wordpress\/wp-content\/uploads\/2024\/09\/image-16-200x137.png 200w, https:\/\/catalinx.ro\/wordpress\/wp-content\/uploads\/2024\/09\/image-16-768x524.png 768w\" sizes=\"auto, (max-width: 851px) 100vw, 851px\" \/><\/figure>\n\n\n\n<p><\/p>\n\n\n\n<p>Membr\u0103 \u00een boardul a tot felul de organiza\u021bii aparent caritabile &#8211; suspect de multe. <\/p>\n\n\n\n<figure class=\"wp-block-image size-full\"><img loading=\"lazy\" decoding=\"async\" width=\"925\" height=\"1100\" data-attachment-id=\"28631\" data-permalink=\"https:\/\/catalinx.ro\/wordpress\/?attachment_id=28631#main\" data-orig-file=\"https:\/\/catalinx.ro\/wordpress\/wp-content\/uploads\/2024\/09\/image-17.png\" data-orig-size=\"925,1100\" data-comments-opened=\"1\" data-image-meta=\"{&quot;aperture&quot;:&quot;0&quot;,&quot;credit&quot;:&quot;&quot;,&quot;camera&quot;:&quot;&quot;,&quot;caption&quot;:&quot;&quot;,&quot;created_timestamp&quot;:&quot;0&quot;,&quot;copyright&quot;:&quot;&quot;,&quot;focal_length&quot;:&quot;0&quot;,&quot;iso&quot;:&quot;0&quot;,&quot;shutter_speed&quot;:&quot;0&quot;,&quot;title&quot;:&quot;&quot;,&quot;orientation&quot;:&quot;0&quot;}\" data-image-title=\"image\" data-image-description=\"\" data-image-caption=\"\" data-large-file=\"https:\/\/catalinx.ro\/wordpress\/wp-content\/uploads\/2024\/09\/image-17.png\" src=\"https:\/\/catalinx.ro\/wordpress\/wp-content\/uploads\/2024\/09\/image-17.png\" alt=\"\" class=\"wp-image-28631\" srcset=\"https:\/\/catalinx.ro\/wordpress\/wp-content\/uploads\/2024\/09\/image-17.png 925w, https:\/\/catalinx.ro\/wordpress\/wp-content\/uploads\/2024\/09\/image-17-404x480.png 404w, https:\/\/catalinx.ro\/wordpress\/wp-content\/uploads\/2024\/09\/image-17-168x200.png 168w, https:\/\/catalinx.ro\/wordpress\/wp-content\/uploads\/2024\/09\/image-17-768x913.png 768w\" sizes=\"auto, (max-width: 925px) 100vw, 925px\" \/><\/figure>\n\n\n\n<p><br \/>Foarte posibil tanti e conectat\u0103 prin contracte de consultan\u021b\u0103 cu diverse servicii \u0219i e un pic posibil s\u0103 fie \u201dfall girl\u201d \u00een schema asta. <br \/>Oricum, la o companie cu cifr\u0103 de afaceri de 500k EUR pe an, ea n-a produs nimic, e doar un POP \u00eentr-o rut\u0103 mai lung\u0103. <\/p>\n\n\n\n<p>Cum o s\u0103 se termine asta pentru ea, \u021bine\u021bi aproape, c\u0103  nu \u0219tiu dac\u0103 ai vrea s\u0103 fii omul dat \u00een vileag \u00eentr-o schem\u0103 \u00een care ai aruncat \u00een aer bombal\u0103i de profesie. <\/p>\n\n\n\n<p>Dar plm, am preten\u021bii de la oameni care scriu articole ca fiind jobul lor, nu s\u0103 nu gre\u0219easc\u0103, m\u0103car s\u0103 le pese despre ce scriu.  Dac\u0103 eu pot citi 10 r\u00e2nduri pentru un c\u0103cat pe care-l fac \u00eentre dou\u0103 pauze de munc\u0103 ( nu e niciun typo)&#8230; \u00een fine. <\/p>\n","protected":false},"excerpt":{"rendered":"<p>Nu, vreau s\u0103 scriu nimic despre walkie-talkies \u0219i alte posibil echipamente care bubuie. Doar c\u0103 am citit articolul de la Radu ( \u0219i altele) \u0219i-s&hellip;<\/p>\n","protected":false},"author":2,"featured_media":28628,"comment_status":"open","ping_status":"open","sticky":false,"template":"","format":"standard","meta":{"jetpack_post_was_ever_published":false,"_jetpack_newsletter_access":"","_jetpack_dont_email_post_to_subs":false,"_jetpack_newsletter_tier_id":0,"_jetpack_memberships_contains_paywalled_content":false,"_jetpack_memberships_contains_paid_content":false,"footnotes":"","jetpack_publicize_message":"","jetpack_publicize_feature_enabled":true,"jetpack_social_post_already_shared":true,"jetpack_social_options":{"image_generator_settings":{"template":"highway","default_image_id":0,"font":"","enabled":false},"version":2}},"categories":[621,500,170],"tags":[6089,6090],"class_list":["post-28627","post","type-post","status-publish","format-standard","has-post-thumbnail","hentry","category-articole","category-self","category-politice","tag-cristiana-rosaria-barsony-arcidiacono","tag-pagere-care-explodeaza"],"views":766,"jetpack_publicize_connections":[],"jetpack_featured_media_url":"https:\/\/catalinx.ro\/wordpress\/wp-content\/uploads\/2024\/09\/image-14.png","jetpack_sharing_enabled":true,"jetpack_shortlink":"https:\/\/wp.me\/p4Eq23-7rJ","jetpack-related-posts":[],"_links":{"self":[{"href":"https:\/\/catalinx.ro\/wordpress\/index.php?rest_route=\/wp\/v2\/posts\/28627","targetHints":{"allow":["GET"]}}],"collection":[{"href":"https:\/\/catalinx.ro\/wordpress\/index.php?rest_route=\/wp\/v2\/posts"}],"about":[{"href":"https:\/\/catalinx.ro\/wordpress\/index.php?rest_route=\/wp\/v2\/types\/post"}],"author":[{"embeddable":true,"href":"https:\/\/catalinx.ro\/wordpress\/index.php?rest_route=\/wp\/v2\/users\/2"}],"replies":[{"embeddable":true,"href":"https:\/\/catalinx.ro\/wordpress\/index.php?rest_route=%2Fwp%2Fv2%2Fcomments&post=28627"}],"version-history":[{"count":1,"href":"https:\/\/catalinx.ro\/wordpress\/index.php?rest_route=\/wp\/v2\/posts\/28627\/revisions"}],"predecessor-version":[{"id":28632,"href":"https:\/\/catalinx.ro\/wordpress\/index.php?rest_route=\/wp\/v2\/posts\/28627\/revisions\/28632"}],"wp:featuredmedia":[{"embeddable":true,"href":"https:\/\/catalinx.ro\/wordpress\/index.php?rest_route=\/wp\/v2\/media\/28628"}],"wp:attachment":[{"href":"https:\/\/catalinx.ro\/wordpress\/index.php?rest_route=%2Fwp%2Fv2%2Fmedia&parent=28627"}],"wp:term":[{"taxonomy":"category","embeddable":true,"href":"https:\/\/catalinx.ro\/wordpress\/index.php?rest_route=%2Fwp%2Fv2%2Fcategories&post=28627"},{"taxonomy":"post_tag","embeddable":true,"href":"https:\/\/catalinx.ro\/wordpress\/index.php?rest_route=%2Fwp%2Fv2%2Ftags&post=28627"}],"curies":[{"name":"wp","href":"https:\/\/api.w.org\/{rel}","templated":true}]}}