

{"id":28633,"date":"2024-09-23T06:20:57","date_gmt":"2024-09-23T05:20:57","guid":{"rendered":"https:\/\/catalinx.ro\/wordpress\/?p=28633"},"modified":"2024-09-23T15:04:37","modified_gmt":"2024-09-23T14:04:37","slug":"educatia-in-uk-incet-incet-se-termina","status":"publish","type":"post","link":"https:\/\/catalinx.ro\/wordpress\/?p=28633","title":{"rendered":"Educa\u021bia bun\u0103&nbsp; \u0219i ieftin\u0103 \u00een UK :\u00cencet, \u00eencet se termin\u0103"},"content":{"rendered":"<div id=\"fb-root\"><\/div>\n\n<p>Continui \u0219irul in care \u00eenregistrez dec\u0103derea UK-ului de c\u00e2nd am venit aici, in diverse aspecte.<\/p>\n\n\n\n<p>Nu \u0219tiu dac\u0103 lucrurile s-au stricat c\u00e2nd am ajuns eu, erau deja&nbsp; pe o pant\u0103 descendent\u0103, sau le-am stricat eu \u021bara \u0219i nu v\u0103d c\u0103 problema e la mine ; totul e posibil. <\/p>\n\n\n\n<p>\u00cen general am fost mul\u021bumit de calitatea \u0219colii unde am ajuns, c\u0103 de aia nu am plecat de aici p\u00e2n\u0103 acum . <\/p>\n\n\n\n<p>Dar generalul \u0103la e pe cale de a fi dec\u0103zut din func\u021bie. <\/p>\n\n\n\n<p>In ultimul an tot mai mul\u021bi profesori au venit \u0219i au plecat la \u0219coala copilulului celui mare. Au venit \u0219i suplinitori. <\/p>\n\n\n\n<p>Nu a fost tragic , nu, de\u0219i copilul f\u0103cea s\u0103 par\u0103 tragic, l\u0103crim\u00e2nd dup\u0103 profesori care au plecat.<\/p>\n\n\n\n<p>\u00cen toat\u0103 \u0219coala pe care am f\u0103cut-o eu am avut doi profesori care meritau o lacrim\u0103 &#8211; culmea e c\u0103 niciunul nu a abandonat \u0219coala ,sau clasa, ci au murit.&nbsp;&nbsp; Culmea e c\u0103 ceilal\u021bi nu au murit de\u0219i pe cei mai mul\u021bi i-a\u0219 fi aplaudat \u0219i, la o adic\u0103, ajutat. <\/p>\n\n\n\n<p>De unde am dedus, c\u0103 dac\u0103 \u00eei pare r\u0103u dup\u0103 profesori , poate c\u0103 nu e chiar a\u0219a de r\u0103u. <\/p>\n\n\n\n<p>Au tot fost greve \u00een \u00eenv\u0103\u021b\u0103m\u00e2nt, c\u0103-s prost pl\u0103ti\u021bi \u0219i a\u0219a \u0219i este.&nbsp; Anul \u0103sta profesorii de la \u0219coala cu pricina fac grev\u0103 dintr-un motiv care-mi da st\u0103ri de paroxism;&nbsp; ca rom\u00e2n nu pot \u00een\u021belege cum situa\u021bia asta e motiv de&nbsp; grev\u0103, ar trebui s\u0103 fie motiv de dat \u00een judecat\u0103 managementul \u0219i c\u00e2\u0219tigat g\u0103l\u0103gie de bani. <\/p>\n\n\n\n<p>Greva este pentru c\u0103 profesorii de la \u0219coala respectiv\u0103 nu au dreptul la concediu medical dac\u0103 trebuie s\u0103 mearg\u0103 la medic. Doar dac\u0103 sunt interna\u021bi . Dar de dus la medic , mergi pe timpul t\u0103u, s\u0103 \u00ee\u0219i ia libere nepl\u0103tite, c\u0103 \u0219i a\u0219a au salarii mari, porcii dracului.<\/p>\n\n\n\n<p>\u00cen mod normal situa\u021bia asta nu ar fi posibil\u0103, cu excep\u021bia faptului c\u0103 \u0219coala, de\u0219i e public\u0103, e administrat\u0103 de ceva trust \u0219i au ei contracte \u0219i condi\u021bii \u0219i plm. <\/p>\n\n\n\n<p>In acela\u0219i timp, pl\u0103tesc transportul copilului ( autobuz \u0219colar , care o ia de acas\u0103), 600 de lire pe an , nu cine \u0219tie ce, \u0219tiu ca pare enorm la nivel de abonament de STB de Bucure\u0219ti,&nbsp;&nbsp; abonamentul local anual pentru copii e vreo 500 \u0219i ceva de lire, la adul\u021bi 700.&nbsp; \u0218coala e mai scurt\u0103 dec\u00e2t anul, dar na, pe acolo. \u0218i condi\u021biile la autobuzul scolar sunt mai avantajoase. <\/p>\n\n\n\n<p>Cu excep\u021bia faptului c\u0103 mai exist\u0103 excep\u021bii, mai un accident u\u0219or, stric\u0103 microbuzele &#8211; nimic periculos, aici se merge \u00eencet , <a href=\"https:\/\/www.20splenty.org\/\" target=\"_blank\" rel=\"noreferrer noopener\">20 is plenty!<\/a> FTW &#8211; dar sunt, alte ori nu au \u0219ofer , alte ori nu au pl\u0103tit \u0219ofer, ca s\u0103pt\u0103m\u00e2na asta , c\u0103 ce s\u0103 \u0219i faci de 600 de lire. Nici m\u0103car nu sunt sarcastic, e o perioad\u0103 de tensiuni economice c\u00e2nd muncitorii c\u00e2\u0219tig\u0103 pu\u021bin, sau nimic, dac\u0103 sunt concedia\u021bi, lol; dar vor s\u0103 c\u00e2\u0219tige mai mult \u0219i apar tofelul de situa\u021bii din \u0103stea.<\/p>\n\n\n\n<p>Dar nu-i bai, \u0219coala m-a sunat s\u0103 \u00eemi spun\u0103 c\u0103 a fost o problem\u0103 de moment \u0219i au rezolvat-o, de fapt ,&nbsp; problema ap\u0103ruse cu o zi \u00eenainte , c\u00e2nd un \u0219ofer de autobuz de alt\u0103 rut\u0103, v\u0103z\u00e2nd c\u0103 un grup de copii nu au cu ce pleca i-a luat \u0219i pe ei \u0219i i-a adus acas\u0103. <\/p>\n\n\n\n<p>A doua zi copilul a\u0219tepta \u00een fa\u021ba casei , dar b\u0103nuia c\u0103 nu o s\u0103 fie transport, de\u0219i nu au fost informa\u021bi de asta \u0219i s-a \u00eentors s\u0103 spun\u0103 c\u0103 o duce tat\u0103l unei colege cu care a\u0219tepta sf\u00e2r\u0219itul lumii, c\u0103 autobuzul sigur nu &#8211; pe care nu-l cunosc, nici pe colega ei, dublu lol. Dar las\u0103 c\u0103 e bine, cumva trebuie s\u0103 \u00ee\u0219i \u00eenceap\u0103 si copiii via\u021ba sexual\u0103.<\/p>\n\n\n\n<p>Le-am spus eu c\u0103 copilul e deja la \u0219coal\u0103, c\u00e2nd \u00eemi spuneau ei s\u0103 mai a\u0219tepte autobuzul ( trecuser\u0103 dou\u0103 ore lol ) &#8211; am vrut s\u0103 o \u00eentreb &#8221; doamn\u0103, lucra\u021bi la Wizz Air?&#8221;&nbsp; dar nu cred c\u0103 \u00een\u021belegea gluma. <\/p>\n\n\n\n<p>Dup\u0103 care au trimis o foaie cu &#8220;scuze&#8221; mincinoase, printat\u0103 cu urme de tu\u0219, c\u0103 de unde bani \u0219i de toner \u0219i singurul lucru de apreciat e c\u0103, \u00een ciuda problemelor financiare \u0219i a neputin\u021bei cauzate de asta,\u00a0 se preocup\u0103 \u0219i ei c\u00e2t pot.<\/p>\n\n\n\n<figure class=\"wp-block-image size-large\"><img loading=\"lazy\" decoding=\"async\" width=\"1919\" height=\"808\" data-attachment-id=\"28638\" data-permalink=\"https:\/\/catalinx.ro\/wordpress\/?attachment_id=28638#main\" data-orig-file=\"https:\/\/catalinx.ro\/wordpress\/wp-content\/uploads\/2024\/09\/scuze-scoli.jpg\" data-orig-size=\"1919,808\" data-comments-opened=\"1\" data-image-meta=\"{&quot;aperture&quot;:&quot;1.8&quot;,&quot;credit&quot;:&quot;&quot;,&quot;camera&quot;:&quot;ASUS_I002D&quot;,&quot;caption&quot;:&quot;&quot;,&quot;created_timestamp&quot;:&quot;1726848576&quot;,&quot;copyright&quot;:&quot;&quot;,&quot;focal_length&quot;:&quot;5.58&quot;,&quot;iso&quot;:&quot;139&quot;,&quot;shutter_speed&quot;:&quot;0.02&quot;,&quot;title&quot;:&quot;&quot;,&quot;orientation&quot;:&quot;1&quot;}\" data-image-title=\"scuze-scoli\" data-image-description=\"\" data-image-caption=\"\" data-large-file=\"https:\/\/catalinx.ro\/wordpress\/wp-content\/uploads\/2024\/09\/scuze-scoli.jpg\" src=\"https:\/\/catalinx.ro\/wordpress\/wp-content\/uploads\/2024\/09\/scuze-scoli.jpg\" alt=\"\" class=\"wp-image-28638\" srcset=\"https:\/\/catalinx.ro\/wordpress\/wp-content\/uploads\/2024\/09\/scuze-scoli.jpg 1919w, https:\/\/catalinx.ro\/wordpress\/wp-content\/uploads\/2024\/09\/scuze-scoli-480x202.jpg 480w, https:\/\/catalinx.ro\/wordpress\/wp-content\/uploads\/2024\/09\/scuze-scoli-200x84.jpg 200w, https:\/\/catalinx.ro\/wordpress\/wp-content\/uploads\/2024\/09\/scuze-scoli-768x323.jpg 768w, https:\/\/catalinx.ro\/wordpress\/wp-content\/uploads\/2024\/09\/scuze-scoli-1536x647.jpg 1536w\" sizes=\"auto, (max-width: 1919px) 100vw, 1919px\" \/><\/figure>\n\n\n\n<p>Copilul e sup\u0103rat, pe drept cuv\u00e2nt, c\u0103&nbsp; trebuie, c\u0103 s\u0103 facem. <\/p>\n\n\n\n<p>E momentul s\u0103 \u00een\u021beleag\u0103 realitatea.&nbsp; Realitatea e c\u0103 \u0219coala pe care o face ea e gratis. Sigur, eu pl\u0103tesc ni\u0219te taxe ( cu accent pe ni\u0219te) . Nu e c\u0103 dac\u0103 as plati mai multe taxe ar fi \u0219coala mai bun\u0103, nu func\u021bioneaz\u0103 a\u0219a. Este c\u0103, momentan, pot s\u0103 aleg,&nbsp; pe baza unor legi care privesc domiciliul fiscal s\u0103 decid c\u00e2t pl\u0103tesc \u0219i unde. \u0218i asta e tot.&nbsp; I-am explicat c\u0103 e ca \u00een Rom\u00e2nia &#8211; #atatasaputut,&nbsp; cu excep\u021bia faptului c\u0103 \u00eenc\u0103 se poate <strong>un pic mai mult <\/strong>( cu accent pe un pic )&nbsp; \u0219i ce putem face e s\u0103 se mute la o alt\u0103 \u0219coal\u0103 public\u0103, \u00een func\u021bie de bulan ar putea fi mai bine, cu men\u021biunea c\u0103 \u0219coala asta e deja \u00een top 1-3% din \u021bara asta, a\u0219a c\u0103 trebuie bulan serios , c\u0103 deja indica\u021biile&nbsp; de calitate ( Offsted rating ) care de obicei func\u021bioneaz\u0103 rezonabil sunt, cel pu\u021bin momentan, distorsionate de situa\u021bia de criz\u0103. <\/p>\n\n\n\n<p>Adic\u0103 po\u021bi ajunge la o \u0219coal\u0103 cu rating foarte bun la ultima inspec\u021bie , care s\u0103 sc\u00e2r\u021b\u00e2ie \u00een puncte \u00een care nu te a\u0219tep\u021bi.&nbsp; <\/p>\n\n\n\n<p>____<\/p>\n\n\n\n<p>Solu\u021bii exist\u0103, inclusiv schimbat \u021bara, deja le-am propus \u0219i am fost pus pe pauz\u0103. Cu toat\u0103 lehamitea pe care o am, probabil c\u0103 pentru educa\u021bie &#8211; la bani corec\u021bi, nu vr\u0103jeal\u0103 de Europa &#8211; cea mai bun\u0103 op\u021biune e Statele Unite.<\/p>\n\n\n\n<p>Din fericire \u0219i nefericire \u00een acela\u0219i timp ( fericirea curent\u0103 \u0219i posibil nefericirea viitoare ) copiii nu vor s\u0103 aud\u0103 . <\/p>\n\n\n\n<p>A\u0219a c\u0103 momentan r\u0103m\u00e2ne tot a\u0219a, p\u00e2n\u0103 la noi ordine,&nbsp; doar c\u0103 tragem de pe drojdie. <\/p>\n\n\n\n<p>\u0218i a\u0219a , eram satul de pl\u0103tit at\u00e2ta carte, sau at\u00e2tea c\u0103r\u021bi, copiii \u0103\u0219tia pl\u0103tesc la dou\u0103 librarii celebre din cele dou\u0103 \u021b\u0103ri , mai mult dec\u00e2t pl\u0103tim eu \u0219i cu so\u021bia la c\u00e2rciumi, ce facem aici. <\/p>\n\n\n\n<p>Ultima pe care am auzit-o, \u00een timp ce \u00eemi goleam buzunarele, era c\u0103 poeziile rom\u00e2ne\u0219ti sunt mai frumoase c\u0103 alea engleze\u0219ti sunt scrise de be\u021bivi, c\u0103 nu au ritm, sau rim\u0103 sau am\u00e2ndou\u0103.\u00a0 Am b\u0103gat-o direct cu &#8220;- ai citit, m\u0103 , Shakespeare?&#8221;\u00a0 . &#8220;Deah, \u0219i Lord Byron, \u0219i &#8230; &#8221; .\u00a0 Nu-s de acord, dar nu conteaz\u0103, pl\u0103tesc \u0219i gata.<\/p>\n\n\n\n<p>\u00cei explic c\u0103 \u0219i poezia rom\u00e2neasc\u0103 e scris\u0103 tot de be\u021bivi, probabil diferen\u021ba st\u0103 \u00een b\u0103utur\u0103 &#8211; nu chiar, e altceva legat de reguli&nbsp; , dar e departe de subiect. <\/p>\n\n\n\n<p>N-am citit niciodat\u0103 cartea de mai jos&nbsp;, c\u0103 nu am terminat de citit poeziile publicate \u00een timpul vie\u021bii, lol, \u0219i nu am niciun motiv s-o fac acum , nici s\u0103 pl\u0103tesc pentru ea, dar nu m-a \u00eentrebat nimeni. <\/p>\n\n\n\n<p> Amuzant c\u0103 mie \u00eemi cereau unii s\u0103 citesc asta \u0219i refuzam cu &#8220;ce, m\u0103? Gunoaiele astea ? Ceva mai bun n-ave\u021bi?&#8221; . Eram doar lepr\u0103, din registrul &#8220;nu m\u0103 ajut\u0103 la nimic \u00een via\u021b\u0103&#8221; \u0219i nu m-a ajutat, c\u0103 dac\u0103 era ceva de capul meu a\u0219 fi rezolvat deja problemele astea gen \u0219coala copiilor p\u00e2n\u0103 la varsta asta. <\/p>\n\n\n\n<p>Dar a\u0219a func\u021bioneaz\u0103 educa\u021bia \u0219i valoarea. Fac diferen\u021ba doar dac\u0103 \u0219i c\u00e2nd le ai. C\u00e2nd nu , totul pare inutil .<\/p>\n\n\n\n<figure class=\"wp-block-image size-large\"><img loading=\"lazy\" decoding=\"async\" width=\"1440\" height=\"1920\" data-attachment-id=\"28640\" data-permalink=\"https:\/\/catalinx.ro\/wordpress\/?attachment_id=28640#main\" data-orig-file=\"https:\/\/catalinx.ro\/wordpress\/wp-content\/uploads\/2024\/09\/p_20240906_1010354647275338754691310-scaled.jpg\" data-orig-size=\"1920,2560\" data-comments-opened=\"1\" data-image-meta=\"{&quot;aperture&quot;:&quot;0&quot;,&quot;credit&quot;:&quot;&quot;,&quot;camera&quot;:&quot;&quot;,&quot;caption&quot;:&quot;&quot;,&quot;created_timestamp&quot;:&quot;0&quot;,&quot;copyright&quot;:&quot;&quot;,&quot;focal_length&quot;:&quot;0&quot;,&quot;iso&quot;:&quot;0&quot;,&quot;shutter_speed&quot;:&quot;0&quot;,&quot;title&quot;:&quot;&quot;,&quot;orientation&quot;:&quot;0&quot;}\" data-image-title=\"p_20240906_1010354647275338754691310\" data-image-description=\"\" data-image-caption=\"\" data-large-file=\"https:\/\/catalinx.ro\/wordpress\/wp-content\/uploads\/2024\/09\/p_20240906_1010354647275338754691310-1440x1920.jpg\" src=\"https:\/\/catalinx.ro\/wordpress\/wp-content\/uploads\/2024\/09\/p_20240906_1010354647275338754691310-1440x1920.jpg\" alt=\"\" class=\"wp-image-28640\" srcset=\"https:\/\/catalinx.ro\/wordpress\/wp-content\/uploads\/2024\/09\/p_20240906_1010354647275338754691310-1440x1920.jpg 1440w, https:\/\/catalinx.ro\/wordpress\/wp-content\/uploads\/2024\/09\/p_20240906_1010354647275338754691310-360x480.jpg 360w, https:\/\/catalinx.ro\/wordpress\/wp-content\/uploads\/2024\/09\/p_20240906_1010354647275338754691310-150x200.jpg 150w, https:\/\/catalinx.ro\/wordpress\/wp-content\/uploads\/2024\/09\/p_20240906_1010354647275338754691310-768x1024.jpg 768w, https:\/\/catalinx.ro\/wordpress\/wp-content\/uploads\/2024\/09\/p_20240906_1010354647275338754691310-1152x1536.jpg 1152w, https:\/\/catalinx.ro\/wordpress\/wp-content\/uploads\/2024\/09\/p_20240906_1010354647275338754691310-1536x2048.jpg 1536w, https:\/\/catalinx.ro\/wordpress\/wp-content\/uploads\/2024\/09\/p_20240906_1010354647275338754691310-scaled.jpg 1920w\" sizes=\"auto, (max-width: 1440px) 100vw, 1440px\" \/><\/figure>\n\n\n\n<p><\/p>\n","protected":false},"excerpt":{"rendered":"<p>Continui \u0219irul in care \u00eenregistrez dec\u0103derea UK-ului de c\u00e2nd am venit aici, in diverse aspecte. Nu \u0219tiu dac\u0103 lucrurile s-au stricat c\u00e2nd am ajuns eu,&hellip;<\/p>\n","protected":false},"author":2,"featured_media":28639,"comment_status":"open","ping_status":"open","sticky":false,"template":"","format":"standard","meta":{"jetpack_post_was_ever_published":false,"_jetpack_newsletter_access":"","_jetpack_dont_email_post_to_subs":false,"_jetpack_newsletter_tier_id":0,"_jetpack_memberships_contains_paywalled_content":false,"_jetpack_memberships_contains_paid_content":false,"footnotes":"","jetpack_publicize_message":"","jetpack_publicize_feature_enabled":true,"jetpack_social_post_already_shared":true,"jetpack_social_options":{"image_generator_settings":{"template":"highway","default_image_id":0,"font":"","enabled":false},"version":2}},"categories":[1207,571,1594,1],"tags":[3453],"class_list":["post-28633","post","type-post","status-publish","format-standard","has-post-thumbnail","hentry","category-cucultura","category-life-log","category-uk","category-uncategorized","tag-scoala-in-uk"],"views":655,"jetpack_publicize_connections":[],"jetpack_featured_media_url":"https:\/\/catalinx.ro\/wordpress\/wp-content\/uploads\/2024\/09\/P_20240906_101035-scaled.jpg","jetpack_sharing_enabled":true,"jetpack_shortlink":"https:\/\/wp.me\/p4Eq23-7rP","jetpack-related-posts":[],"_links":{"self":[{"href":"https:\/\/catalinx.ro\/wordpress\/index.php?rest_route=\/wp\/v2\/posts\/28633","targetHints":{"allow":["GET"]}}],"collection":[{"href":"https:\/\/catalinx.ro\/wordpress\/index.php?rest_route=\/wp\/v2\/posts"}],"about":[{"href":"https:\/\/catalinx.ro\/wordpress\/index.php?rest_route=\/wp\/v2\/types\/post"}],"author":[{"embeddable":true,"href":"https:\/\/catalinx.ro\/wordpress\/index.php?rest_route=\/wp\/v2\/users\/2"}],"replies":[{"embeddable":true,"href":"https:\/\/catalinx.ro\/wordpress\/index.php?rest_route=%2Fwp%2Fv2%2Fcomments&post=28633"}],"version-history":[{"count":8,"href":"https:\/\/catalinx.ro\/wordpress\/index.php?rest_route=\/wp\/v2\/posts\/28633\/revisions"}],"predecessor-version":[{"id":28647,"href":"https:\/\/catalinx.ro\/wordpress\/index.php?rest_route=\/wp\/v2\/posts\/28633\/revisions\/28647"}],"wp:featuredmedia":[{"embeddable":true,"href":"https:\/\/catalinx.ro\/wordpress\/index.php?rest_route=\/wp\/v2\/media\/28639"}],"wp:attachment":[{"href":"https:\/\/catalinx.ro\/wordpress\/index.php?rest_route=%2Fwp%2Fv2%2Fmedia&parent=28633"}],"wp:term":[{"taxonomy":"category","embeddable":true,"href":"https:\/\/catalinx.ro\/wordpress\/index.php?rest_route=%2Fwp%2Fv2%2Fcategories&post=28633"},{"taxonomy":"post_tag","embeddable":true,"href":"https:\/\/catalinx.ro\/wordpress\/index.php?rest_route=%2Fwp%2Fv2%2Ftags&post=28633"}],"curies":[{"name":"wp","href":"https:\/\/api.w.org\/{rel}","templated":true}]}}