

{"id":28696,"date":"2024-09-29T15:11:43","date_gmt":"2024-09-29T14:11:43","guid":{"rendered":"https:\/\/catalinx.ro\/wordpress\/?p=28696"},"modified":"2024-09-29T15:14:06","modified_gmt":"2024-09-29T14:14:06","slug":"sunt-curios-de-tura-asta-de-inundatii","status":"publish","type":"post","link":"https:\/\/catalinx.ro\/wordpress\/?p=28696","title":{"rendered":"Sunt curios de tura asta de inunda\u021bii"},"content":{"rendered":"<div id=\"fb-root\"><\/div>\n\n<p>A\u0219 putea  avea o percep\u021bie distorsionat\u0103, nefiind momentan \u00een \u021bar\u0103, dar chiar \u0219i a\u0219a, m\u0103 raportez, \u00een general la ce pot vedea, cuprinde, iar presa nu raporteaz\u0103 statistic, sau \u0219tiin\u021bific, doar alege inten\u021bionat cele mai impresionante situa\u021bii pentru a le relata. <\/p>\n\n\n\n<p>Au tot fost avertiz\u0103ri peste avertiz\u0103ri, coduri, parc\u0103 venea \u201dPotopul\u201d proverbial, nu o repriz\u0103 de ploaie.<br \/>Poate pun eu un film mai jos despre ce \u00eenseamn\u0103 \u00een mintea mea potop. Sub 50l\/m2\/or\u0103 s\u0103 n-aud! \u0218i sub 100l\/m2 \u00een total, gen ce e aia. <\/p>\n\n\n\n<p>Acuma, sunt convins c\u0103 sunt zone care trebuie preg\u0103tite serios c\u0103-s predispuse la inunda\u021bii, sau nu s-au uscat \u00eenc\u0103 de la inunda\u021biile trecute, cum ar fi cele din Gala\u021bi. Acolo m\u0103 a\u0219tept c\u0103 este \u0219i o s\u0103 fie ur\u00e2t \u0219i \u00een zilele urm\u0103toare. <\/p>\n\n\n\n<p>P\u00e2n\u0103 una alta pare mai mult o situa\u021bie \u00een care autorit\u0103\u021bile sufl\u0103 \u00een iaurt \u0219i nu urm\u0103resc s-o bagatelizez, ci doar a\u0219 fi interesat de o raportare corect\u0103. <\/p>\n\n\n\n<p>Din articolul <a href=\"https:\/\/www.mediafax.ro\/social\/ciclonul-ashley-va-lovi-oltenia-si-muntenia-fechet-precipitatii-de-100-l-ml-debitul-dunarii-poate-ajunge-la-9-500-mc-s-22495612\">\u0103sta <\/a>am citit relatarea c\u0103 \u201d<em>El afirm\u0103 c\u0103 \u00eendeosebi \u00een Oltenia \u015fi Muntenia, cantit\u0103\u0163ile de precipita\u0163ii vor atinge valori cumulate de 80-100 l\/mp, ceea ce poate genera cre\u015fteri semnificative ale debitelor r\u00e2urilor din aceste regiuni<\/em>\u201d.  <\/p>\n\n\n\n<p>Pe ceva site care arat[ vremea satelitar\u0103, situa\u021bia arat\u0103 cam a\u0219a , precipita\u021bii abundente acum  \u00een Muntenia,, \u00een Oltenia a\u0219a \u0219i a\u0219a.  Abunden\u021ba \u00eens\u0103 e cotat\u0103 la sub 15l\/m2\/or\u0103.<br \/> <\/p>\n\n\n\n<figure class=\"wp-block-image size-full\"><img loading=\"lazy\" decoding=\"async\" width=\"1033\" height=\"832\" data-attachment-id=\"28697\" data-permalink=\"https:\/\/catalinx.ro\/wordpress\/?attachment_id=28697#main\" data-orig-file=\"https:\/\/catalinx.ro\/wordpress\/wp-content\/uploads\/2024\/09\/image-39.png\" data-orig-size=\"1033,832\" data-comments-opened=\"1\" data-image-meta=\"{&quot;aperture&quot;:&quot;0&quot;,&quot;credit&quot;:&quot;&quot;,&quot;camera&quot;:&quot;&quot;,&quot;caption&quot;:&quot;&quot;,&quot;created_timestamp&quot;:&quot;0&quot;,&quot;copyright&quot;:&quot;&quot;,&quot;focal_length&quot;:&quot;0&quot;,&quot;iso&quot;:&quot;0&quot;,&quot;shutter_speed&quot;:&quot;0&quot;,&quot;title&quot;:&quot;&quot;,&quot;orientation&quot;:&quot;0&quot;}\" data-image-title=\"image\" data-image-description=\"\" data-image-caption=\"\" data-large-file=\"https:\/\/catalinx.ro\/wordpress\/wp-content\/uploads\/2024\/09\/image-39.png\" src=\"https:\/\/catalinx.ro\/wordpress\/wp-content\/uploads\/2024\/09\/image-39.png\" alt=\"\" class=\"wp-image-28697\" srcset=\"https:\/\/catalinx.ro\/wordpress\/wp-content\/uploads\/2024\/09\/image-39.png 1033w, https:\/\/catalinx.ro\/wordpress\/wp-content\/uploads\/2024\/09\/image-39-480x387.png 480w, https:\/\/catalinx.ro\/wordpress\/wp-content\/uploads\/2024\/09\/image-39-200x161.png 200w, https:\/\/catalinx.ro\/wordpress\/wp-content\/uploads\/2024\/09\/image-39-768x619.png 768w\" sizes=\"auto, (max-width: 1033px) 100vw, 1033px\" \/><\/figure>\n\n\n\n<p>Poate c\u0103 o s\u0103 fie localit\u0103\u021bi care vor acumula, cum zic ei, 80l\/m2, nu \u0219tiu \u00e2n c\u00e2t timp, dar mi se pare mai pu\u021bin dec\u00e2t importan\u021ba acordat\u0103. <\/p>\n\n\n\n<figure class=\"wp-block-image size-full\"><img loading=\"lazy\" decoding=\"async\" width=\"1596\" height=\"223\" data-attachment-id=\"28698\" data-permalink=\"https:\/\/catalinx.ro\/wordpress\/?attachment_id=28698#main\" data-orig-file=\"https:\/\/catalinx.ro\/wordpress\/wp-content\/uploads\/2024\/09\/image-40.png\" data-orig-size=\"1596,223\" data-comments-opened=\"1\" data-image-meta=\"{&quot;aperture&quot;:&quot;0&quot;,&quot;credit&quot;:&quot;&quot;,&quot;camera&quot;:&quot;&quot;,&quot;caption&quot;:&quot;&quot;,&quot;created_timestamp&quot;:&quot;0&quot;,&quot;copyright&quot;:&quot;&quot;,&quot;focal_length&quot;:&quot;0&quot;,&quot;iso&quot;:&quot;0&quot;,&quot;shutter_speed&quot;:&quot;0&quot;,&quot;title&quot;:&quot;&quot;,&quot;orientation&quot;:&quot;0&quot;}\" data-image-title=\"image\" data-image-description=\"\" data-image-caption=\"\" data-large-file=\"https:\/\/catalinx.ro\/wordpress\/wp-content\/uploads\/2024\/09\/image-40.png\" src=\"https:\/\/catalinx.ro\/wordpress\/wp-content\/uploads\/2024\/09\/image-40.png\" alt=\"\" class=\"wp-image-28698\" srcset=\"https:\/\/catalinx.ro\/wordpress\/wp-content\/uploads\/2024\/09\/image-40.png 1596w, https:\/\/catalinx.ro\/wordpress\/wp-content\/uploads\/2024\/09\/image-40-480x67.png 480w, https:\/\/catalinx.ro\/wordpress\/wp-content\/uploads\/2024\/09\/image-40-200x28.png 200w, https:\/\/catalinx.ro\/wordpress\/wp-content\/uploads\/2024\/09\/image-40-768x107.png 768w, https:\/\/catalinx.ro\/wordpress\/wp-content\/uploads\/2024\/09\/image-40-1536x215.png 1536w\" sizes=\"auto, (max-width: 1596px) 100vw, 1596px\" \/><\/figure>\n\n\n\n<figure class=\"wp-block-image size-full\"><img loading=\"lazy\" decoding=\"async\" width=\"1665\" height=\"496\" data-attachment-id=\"28699\" data-permalink=\"https:\/\/catalinx.ro\/wordpress\/?attachment_id=28699#main\" data-orig-file=\"https:\/\/catalinx.ro\/wordpress\/wp-content\/uploads\/2024\/09\/image-41.png\" data-orig-size=\"1665,496\" data-comments-opened=\"1\" data-image-meta=\"{&quot;aperture&quot;:&quot;0&quot;,&quot;credit&quot;:&quot;&quot;,&quot;camera&quot;:&quot;&quot;,&quot;caption&quot;:&quot;&quot;,&quot;created_timestamp&quot;:&quot;0&quot;,&quot;copyright&quot;:&quot;&quot;,&quot;focal_length&quot;:&quot;0&quot;,&quot;iso&quot;:&quot;0&quot;,&quot;shutter_speed&quot;:&quot;0&quot;,&quot;title&quot;:&quot;&quot;,&quot;orientation&quot;:&quot;0&quot;}\" data-image-title=\"image\" data-image-description=\"\" data-image-caption=\"\" data-large-file=\"https:\/\/catalinx.ro\/wordpress\/wp-content\/uploads\/2024\/09\/image-41.png\" src=\"https:\/\/catalinx.ro\/wordpress\/wp-content\/uploads\/2024\/09\/image-41.png\" alt=\"\" class=\"wp-image-28699\" srcset=\"https:\/\/catalinx.ro\/wordpress\/wp-content\/uploads\/2024\/09\/image-41.png 1665w, https:\/\/catalinx.ro\/wordpress\/wp-content\/uploads\/2024\/09\/image-41-480x143.png 480w, https:\/\/catalinx.ro\/wordpress\/wp-content\/uploads\/2024\/09\/image-41-200x60.png 200w, https:\/\/catalinx.ro\/wordpress\/wp-content\/uploads\/2024\/09\/image-41-768x229.png 768w, https:\/\/catalinx.ro\/wordpress\/wp-content\/uploads\/2024\/09\/image-41-1536x458.png 1536w\" sizes=\"auto, (max-width: 1665px) 100vw, 1665px\" \/><\/figure>\n\n\n\n<p>Nu prea e de cod ro\u0219u sau portocaliu , sau de inunda\u021bii de orice fel, de\u0219i \u201da plouat bine\u201d, ca s\u0103-l citez pe tata.  Nori ar mai fi de unde s\u0103 mai plou\u0103, dar na, nu \u0219tiu ce s\u0103 zic. Vedem m\u00e2ine&#8230;.<br \/><br \/><\/p>\n\n\n\n<figure class=\"wp-block-image size-full\"><img loading=\"lazy\" decoding=\"async\" width=\"1273\" height=\"1075\" data-attachment-id=\"28700\" data-permalink=\"https:\/\/catalinx.ro\/wordpress\/?attachment_id=28700#main\" data-orig-file=\"https:\/\/catalinx.ro\/wordpress\/wp-content\/uploads\/2024\/09\/image-42.png\" data-orig-size=\"1273,1075\" data-comments-opened=\"1\" data-image-meta=\"{&quot;aperture&quot;:&quot;0&quot;,&quot;credit&quot;:&quot;&quot;,&quot;camera&quot;:&quot;&quot;,&quot;caption&quot;:&quot;&quot;,&quot;created_timestamp&quot;:&quot;0&quot;,&quot;copyright&quot;:&quot;&quot;,&quot;focal_length&quot;:&quot;0&quot;,&quot;iso&quot;:&quot;0&quot;,&quot;shutter_speed&quot;:&quot;0&quot;,&quot;title&quot;:&quot;&quot;,&quot;orientation&quot;:&quot;0&quot;}\" data-image-title=\"image\" data-image-description=\"\" data-image-caption=\"\" data-large-file=\"https:\/\/catalinx.ro\/wordpress\/wp-content\/uploads\/2024\/09\/image-42.png\" src=\"https:\/\/catalinx.ro\/wordpress\/wp-content\/uploads\/2024\/09\/image-42.png\" alt=\"\" class=\"wp-image-28700\" srcset=\"https:\/\/catalinx.ro\/wordpress\/wp-content\/uploads\/2024\/09\/image-42.png 1273w, https:\/\/catalinx.ro\/wordpress\/wp-content\/uploads\/2024\/09\/image-42-480x405.png 480w, https:\/\/catalinx.ro\/wordpress\/wp-content\/uploads\/2024\/09\/image-42-200x169.png 200w, https:\/\/catalinx.ro\/wordpress\/wp-content\/uploads\/2024\/09\/image-42-768x649.png 768w\" sizes=\"auto, (max-width: 1273px) 100vw, 1273px\" \/><\/figure>\n","protected":false},"excerpt":{"rendered":"<p>A\u0219 putea avea o percep\u021bie distorsionat\u0103, nefiind momentan \u00een \u021bar\u0103, dar chiar \u0219i a\u0219a, m\u0103 raportez, \u00een general la ce pot vedea, cuprinde, iar presa&hellip;<\/p>\n","protected":false},"author":2,"featured_media":28697,"comment_status":"open","ping_status":"open","sticky":false,"template":"","format":"standard","meta":{"jetpack_post_was_ever_published":false,"_jetpack_newsletter_access":"","_jetpack_dont_email_post_to_subs":false,"_jetpack_newsletter_tier_id":0,"_jetpack_memberships_contains_paywalled_content":false,"_jetpack_memberships_contains_paid_content":false,"footnotes":"","jetpack_publicize_message":"","jetpack_publicize_feature_enabled":true,"jetpack_social_post_already_shared":true,"jetpack_social_options":{"image_generator_settings":{"template":"highway","default_image_id":0,"font":"","enabled":false},"version":2}},"categories":[621,2379,500],"tags":[6097],"class_list":["post-28696","post","type-post","status-publish","format-standard","has-post-thumbnail","hentry","category-articole","category-meteo","category-self","tag-inundatii-septembrie-2024"],"views":579,"jetpack_publicize_connections":[],"jetpack_featured_media_url":"https:\/\/catalinx.ro\/wordpress\/wp-content\/uploads\/2024\/09\/image-39.png","jetpack_sharing_enabled":true,"jetpack_shortlink":"https:\/\/wp.me\/p4Eq23-7sQ","jetpack-related-posts":[],"_links":{"self":[{"href":"https:\/\/catalinx.ro\/wordpress\/index.php?rest_route=\/wp\/v2\/posts\/28696","targetHints":{"allow":["GET"]}}],"collection":[{"href":"https:\/\/catalinx.ro\/wordpress\/index.php?rest_route=\/wp\/v2\/posts"}],"about":[{"href":"https:\/\/catalinx.ro\/wordpress\/index.php?rest_route=\/wp\/v2\/types\/post"}],"author":[{"embeddable":true,"href":"https:\/\/catalinx.ro\/wordpress\/index.php?rest_route=\/wp\/v2\/users\/2"}],"replies":[{"embeddable":true,"href":"https:\/\/catalinx.ro\/wordpress\/index.php?rest_route=%2Fwp%2Fv2%2Fcomments&post=28696"}],"version-history":[{"count":1,"href":"https:\/\/catalinx.ro\/wordpress\/index.php?rest_route=\/wp\/v2\/posts\/28696\/revisions"}],"predecessor-version":[{"id":28701,"href":"https:\/\/catalinx.ro\/wordpress\/index.php?rest_route=\/wp\/v2\/posts\/28696\/revisions\/28701"}],"wp:featuredmedia":[{"embeddable":true,"href":"https:\/\/catalinx.ro\/wordpress\/index.php?rest_route=\/wp\/v2\/media\/28697"}],"wp:attachment":[{"href":"https:\/\/catalinx.ro\/wordpress\/index.php?rest_route=%2Fwp%2Fv2%2Fmedia&parent=28696"}],"wp:term":[{"taxonomy":"category","embeddable":true,"href":"https:\/\/catalinx.ro\/wordpress\/index.php?rest_route=%2Fwp%2Fv2%2Fcategories&post=28696"},{"taxonomy":"post_tag","embeddable":true,"href":"https:\/\/catalinx.ro\/wordpress\/index.php?rest_route=%2Fwp%2Fv2%2Ftags&post=28696"}],"curies":[{"name":"wp","href":"https:\/\/api.w.org\/{rel}","templated":true}]}}