

{"id":2908,"date":"2015-09-03T21:15:02","date_gmt":"2015-09-03T19:15:02","guid":{"rendered":"http:\/\/catalinx.ro\/wordpress\/?p=2908"},"modified":"2015-09-03T21:19:22","modified_gmt":"2015-09-03T19:19:22","slug":"notes-to-self-viespile","status":"publish","type":"post","link":"https:\/\/catalinx.ro\/wordpress\/?p=2908","title":{"rendered":"Notes to self: Viespile"},"content":{"rendered":"<div id=\"fb-root\"><\/div>\n<p>La fel ca \u00een vara lu&#8217;\u00a0 1997 anu&#8217; asta e invazie de viespi. Anu&#8217; trecut a fost de \u021b\u00e2n\u021bari.\u00a0 B\u0103i,\u00a0 cu astea e jale. Au m\u00e2ncat tot ce e dulce prin gradina. Mere,\u00a0 Pere,\u00a0 <em>you name it. <\/em>Vrei sa faci un suc din fructele ce-au r\u0103mas, pac se suie calare pe tine. Gr\u0103mad\u0103, mah. Sa-mi ia m\u0103rul din m\u00e2n\u0103 \u0219i mai multe nu. <\/p>\n<p>Au ap\u0103rut din nou colonii de bondari, barzauni \u0219i viespi uria\u0219e ca astea din poza<br \/>\nSerios pana anul asta am mai v\u0103zut o singura data o singura viespe d-asta de cca 6-7 cm lungime. Acum e plin de ele. <\/p>\n<p>O fi \u0219i c\u0103 anul asta nu a mai stropit tata pomii,\u00a0 o fi \u0219i din alte cauze&#8230;dracu&#8217; \u0219tie.\u00a0 Da-s enervante.<\/p>\n<p>\u0218i nu, viespile nu ataca de nebune, adic\u0103 po\u021bi sa \u00eemp\u0103r\u021bi un mar cu ele, dac\u0103 nu le ranesti nu \u00ee\u021bi fac nimic,\u00a0 dec\u00e2t dac\u0103 e\u0219ti \u00eentr-un film de Hitchcock sau ceva.<br \/>\nApropo de iubitorii de animale, nu a\u021bi vrea sa le ducem la un ad\u0103post ceva? Au \u0219i ele un suflet&#8230;<\/p>\n","protected":false},"excerpt":{"rendered":"<p>La fel ca \u00een vara lu&#8217;\u00a0 1997 anu&#8217; asta e invazie de viespi. Anu&#8217; trecut a fost de \u021b\u00e2n\u021bari.\u00a0 B\u0103i,\u00a0 cu astea e jale. Au&hellip;<\/p>\n","protected":false},"author":1,"featured_media":2907,"comment_status":"open","ping_status":"open","sticky":false,"template":"","format":"standard","meta":{"jetpack_post_was_ever_published":false,"_jetpack_newsletter_access":"","_jetpack_dont_email_post_to_subs":false,"_jetpack_newsletter_tier_id":0,"_jetpack_memberships_contains_paywalled_content":false,"_jetpack_memberships_contains_paid_content":false,"footnotes":"","jetpack_publicize_message":"","jetpack_publicize_feature_enabled":true,"jetpack_social_post_already_shared":true,"jetpack_social_options":{"image_generator_settings":{"template":"highway","default_image_id":0,"font":"","enabled":false},"version":2}},"categories":[571,500],"tags":[573,572],"class_list":["post-2908","post","type-post","status-publish","format-standard","has-post-thumbnail","hentry","category-life-log","category-self","tag-invazie-de-viespi-2015","tag-viespi"],"views":1484,"jetpack_publicize_connections":[],"jetpack_featured_media_url":"https:\/\/catalinx.ro\/wordpress\/wp-content\/uploads\/2015\/09\/wpid-wp-1441307027813.jpg","jetpack_sharing_enabled":true,"jetpack_shortlink":"https:\/\/wp.me\/p4Eq23-KU","jetpack-related-posts":[],"_links":{"self":[{"href":"https:\/\/catalinx.ro\/wordpress\/index.php?rest_route=\/wp\/v2\/posts\/2908","targetHints":{"allow":["GET"]}}],"collection":[{"href":"https:\/\/catalinx.ro\/wordpress\/index.php?rest_route=\/wp\/v2\/posts"}],"about":[{"href":"https:\/\/catalinx.ro\/wordpress\/index.php?rest_route=\/wp\/v2\/types\/post"}],"author":[{"embeddable":true,"href":"https:\/\/catalinx.ro\/wordpress\/index.php?rest_route=\/wp\/v2\/users\/1"}],"replies":[{"embeddable":true,"href":"https:\/\/catalinx.ro\/wordpress\/index.php?rest_route=%2Fwp%2Fv2%2Fcomments&post=2908"}],"version-history":[{"count":2,"href":"https:\/\/catalinx.ro\/wordpress\/index.php?rest_route=\/wp\/v2\/posts\/2908\/revisions"}],"predecessor-version":[{"id":2910,"href":"https:\/\/catalinx.ro\/wordpress\/index.php?rest_route=\/wp\/v2\/posts\/2908\/revisions\/2910"}],"wp:featuredmedia":[{"embeddable":true,"href":"https:\/\/catalinx.ro\/wordpress\/index.php?rest_route=\/wp\/v2\/media\/2907"}],"wp:attachment":[{"href":"https:\/\/catalinx.ro\/wordpress\/index.php?rest_route=%2Fwp%2Fv2%2Fmedia&parent=2908"}],"wp:term":[{"taxonomy":"category","embeddable":true,"href":"https:\/\/catalinx.ro\/wordpress\/index.php?rest_route=%2Fwp%2Fv2%2Fcategories&post=2908"},{"taxonomy":"post_tag","embeddable":true,"href":"https:\/\/catalinx.ro\/wordpress\/index.php?rest_route=%2Fwp%2Fv2%2Ftags&post=2908"}],"curies":[{"name":"wp","href":"https:\/\/api.w.org\/{rel}","templated":true}]}}