

{"id":29100,"date":"2024-10-28T11:19:19","date_gmt":"2024-10-28T11:19:19","guid":{"rendered":"https:\/\/catalinx.ro\/wordpress\/?p=29100"},"modified":"2024-10-28T11:21:46","modified_gmt":"2024-10-28T11:21:46","slug":"piar-auristic","status":"publish","type":"post","link":"https:\/\/catalinx.ro\/wordpress\/?p=29100","title":{"rendered":"Piar auristic"},"content":{"rendered":"<div id=\"fb-root\"><\/div>\n\n<p>Citesc articolul \u0103sta din <a href=\"https:\/\/hotnews.ro\/dosar-penal-dupa-actiunile-aur-din-comuna-pechea-dupa-ce-voluntarii-veniti-sa-ajute-sinistratii-au-reparat-un-drum-fara-autorizatie-1822251\">Hotznews <\/a>\u00eencerc\u00e2nd s\u0103 disting 2 lucruri.  <\/p>\n\n\n\n<ol class=\"wp-block-list\">\n<li>Ce doresc s\u0103 spun\u0103 cu asta. <\/li>\n\n\n\n<li>Ce-a fost \u00een capul mili\u021bienilor care au deschis dosarul penal ( probabil nimic). <\/li>\n<\/ol>\n\n\n\n<p><strong>Cred c\u0103 <\/strong> articolul din Hotnews e publicitate mascat\u0103, un fel de inflamare a opiniei publice, pe sistemul, uite statul rom\u00e2n, noi dorim s\u0103 ajut\u0103m , ei ne pun be\u021be \u00een roate. <\/p>\n\n\n\n<p>\u0102ia au mers acolo, <a href=\"https:\/\/www.facebook.com\/aurmedias?__cft__[0]=AZV3VXB3tFti-xquZY15quu4ZhiYXA77_wcsu-wZTSRwqkZqY-T1QDerrnwpp0ssnFm_ScJSvwUMtdpCY_8UdW55xQFxHULnHP0tFmxVLIwHMgck3ygJysuhji0DA9ftW4_hnQHwV1PkyYOu3I9iLpApFCrAQD76dtwbuGeZOAYQmg&amp;__tn__=-UC%2CP-R\">prin n\u0103moale<\/a> , \u0219i-au suflecat m\u00e2inile, au f\u0103cut poze &#8211; PR clasic &#8211; dar i-au \u0219i ajutat pe sinistra\u021bii de acolo, c\u00e2t s\u0103 n-aib\u0103 nimeni ce comenta c\u0103 n-au f\u0103cut \u0219i treab\u0103, dincolo de poze. Cum se face. <\/p>\n\n\n\n<p>Exist\u0103 o lege care spune c\u0103 n-ai voie s\u0103 faci lucr\u0103ri de amenajare pe domeniul public f\u0103r\u0103 autoriza\u021bie \u0219i e infrac\u021biune. <br \/>LEGEA, DOMNILOR &#8211; cum ar spune orice mili\u021bian \u0219p\u0103gar de la \u021bar\u0103 cu m\u00e2na la piept. <\/p>\n\n\n\n<p>Doar c\u0103 temporizarea e m\u0103sura \u00een toate, iar \u00een cazul \u0103sta tempo-ul e autistic. Da, am zis bine, nu auristic.<\/p>\n\n\n\n<p>Auri\u0219tii le-au ridicat centrarea la cap, mili\u021bienii au dat direct gol \u0219i s-au remarcat. Dar din off-side. <\/p>\n\n\n\n<p>Genul \u0103sta de ac\u021biuni sunt fix ceea ce caut\u0103 AUR pentru a ar\u0103ta c\u0103 lucrurile se fac gre\u0219it, c\u0103 legile sunt gre\u0219ite, c\u0103 administra\u021bia e corupt\u0103, \u00een Rom\u00e2nia \u0219i g\u0103sesc prilejul de a demonstra ceea ce spun \u0219i din cauza faptul c\u0103 \u201dorganele abilitate\u201d n-au nici 2 neuroni \u00een cap, le e relativ facil s\u0103 fac\u0103 piar pe seama lor. <\/p>\n\n\n\n<p>N-ai cu cine. <em> Acum era momentul de tergiversat cu<\/em><strong><em> \u201ds\u0103 vedem, s\u0103 investig\u0103m, s\u0103 audiem pe toate p\u0103r\u021bile implicate\u201d<\/em><\/strong><em> \u0219i dosarul imediat <strong>dup\u0103<\/strong> alegeri. <\/em> C\u0103 nu po\u021bi face PR cu genul \u0103sta de dosar, dar e evident c\u0103 cineva crede c\u0103 po\u021bi. \u0218i va pl\u0103ti electoral.<\/p>\n\n\n\n<p>C\u0103 e evident c\u0103 dosarul \u0103sta penal era urgent de executat, dar un proiect de reabilitare a str\u0103zii sinistra\u021bilor \u0219i restul de m\u0103suri, nu erau a\u0219a urgente, c\u0103 de aia au \u0219i avut loc auri\u0219tii pe felia aia. <\/p>\n\n\n\n<p>Uit\u0103-te la poza din feat \u0219i imagineaz\u0103-\u021bi c\u0103 e\u0219ti unul din cet\u0103\u021benii sinistra\u021bi, nu doar de la Pechea, ci a\u0219a din Rom\u00e2nia &#8211; \u0219i c\u0103 vezi pozele AUR \u0219i articolul cu privire la dosarul penal &#8211; nici nu \u0219tiu sigur dac\u0103 e a\u0219a, presupun doar c\u0103 este &#8211; cam cu ce emo\u021bie pui m\u00e2na pe \u0219tampil\u0103?<\/p>\n","protected":false},"excerpt":{"rendered":"<p>Citesc articolul \u0103sta din Hotznews \u00eencerc\u00e2nd s\u0103 disting 2 lucruri. Cred c\u0103 articolul din Hotnews e publicitate mascat\u0103, un fel de inflamare a opiniei publice,&hellip;<\/p>\n","protected":false},"author":2,"featured_media":29101,"comment_status":"open","ping_status":"open","sticky":false,"template":"","format":"standard","meta":{"jetpack_post_was_ever_published":false,"_jetpack_newsletter_access":"","_jetpack_dont_email_post_to_subs":false,"_jetpack_newsletter_tier_id":0,"_jetpack_memberships_contains_paywalled_content":false,"_jetpack_memberships_contains_paid_content":false,"footnotes":"","jetpack_publicize_message":"","jetpack_publicize_feature_enabled":true,"jetpack_social_post_already_shared":true,"jetpack_social_options":{"image_generator_settings":{"template":"highway","default_image_id":0,"font":"","enabled":false},"version":2}},"categories":[170],"tags":[6152],"class_list":["post-29100","post","type-post","status-publish","format-standard","has-post-thumbnail","hentry","category-politice","tag-aur-dosar-penal-amenajare-strazi"],"views":602,"jetpack_publicize_connections":[],"jetpack_featured_media_url":"https:\/\/catalinx.ro\/wordpress\/wp-content\/uploads\/2024\/10\/piar-aurist-alegeri-2024.jpg","jetpack_sharing_enabled":true,"jetpack_shortlink":"https:\/\/wp.me\/p4Eq23-7zm","jetpack-related-posts":[],"_links":{"self":[{"href":"https:\/\/catalinx.ro\/wordpress\/index.php?rest_route=\/wp\/v2\/posts\/29100","targetHints":{"allow":["GET"]}}],"collection":[{"href":"https:\/\/catalinx.ro\/wordpress\/index.php?rest_route=\/wp\/v2\/posts"}],"about":[{"href":"https:\/\/catalinx.ro\/wordpress\/index.php?rest_route=\/wp\/v2\/types\/post"}],"author":[{"embeddable":true,"href":"https:\/\/catalinx.ro\/wordpress\/index.php?rest_route=\/wp\/v2\/users\/2"}],"replies":[{"embeddable":true,"href":"https:\/\/catalinx.ro\/wordpress\/index.php?rest_route=%2Fwp%2Fv2%2Fcomments&post=29100"}],"version-history":[{"count":4,"href":"https:\/\/catalinx.ro\/wordpress\/index.php?rest_route=\/wp\/v2\/posts\/29100\/revisions"}],"predecessor-version":[{"id":29106,"href":"https:\/\/catalinx.ro\/wordpress\/index.php?rest_route=\/wp\/v2\/posts\/29100\/revisions\/29106"}],"wp:featuredmedia":[{"embeddable":true,"href":"https:\/\/catalinx.ro\/wordpress\/index.php?rest_route=\/wp\/v2\/media\/29101"}],"wp:attachment":[{"href":"https:\/\/catalinx.ro\/wordpress\/index.php?rest_route=%2Fwp%2Fv2%2Fmedia&parent=29100"}],"wp:term":[{"taxonomy":"category","embeddable":true,"href":"https:\/\/catalinx.ro\/wordpress\/index.php?rest_route=%2Fwp%2Fv2%2Fcategories&post=29100"},{"taxonomy":"post_tag","embeddable":true,"href":"https:\/\/catalinx.ro\/wordpress\/index.php?rest_route=%2Fwp%2Fv2%2Ftags&post=29100"}],"curies":[{"name":"wp","href":"https:\/\/api.w.org\/{rel}","templated":true}]}}